{"id":6874,"date":"2019-10-16T14:59:21","date_gmt":"2019-10-16T12:59:21","guid":{"rendered":"https:\/\/artelatz.eus\/?p=6874"},"modified":"2019-10-16T15:00:07","modified_gmt":"2019-10-16T13:00:07","slug":"15o-feria-rural-de-errenteria","status":"publish","type":"post","link":"https:\/\/artelatz.eus\/es\/2019\/10\/15o-feria-rural-de-errenteria\/","title":{"rendered":"15\u00ba Feria Rural de Errenteria"},"content":{"rendered":"<p>Este s\u00e1bado (19 de octubre) los productos de calidad producidos por nuestros caser\u00edos y el ganado ser\u00e1n los protagonistas durante todo el d\u00eda en la Alameda de Gam\u00f3n de Errenteria.<\/p>\n<p>Continuando con la cita de todos los a\u00f1os, el Ayuntamiento de Errenteria y los responsables de la Asociaci\u00f3n de Desarrollo Rural Behemendi han preparado una <a href=\"https:\/\/artelatz.eus\/wp-content\/uploads\/2019\/10\/Landalurraren-azoka-2.jpg\">programaci\u00f3n muy completa<\/a>. La exposici\u00f3n y los puestos se abrir\u00e1n a partir de las 10:00 de la ma\u00f1ana; la demostraci\u00f3n \u201cElaborando la sidra\u201d\u00a0 de la mano de la sidrer\u00eda Egiluze; degustaci\u00f3n de productos de calidad producidos en Errenteria (carne de pollo Lumagorri del caser\u00edo Barin, la sidra de Egiluze, el queso con D.O. Idiazabal de Borda berri\u2026).<\/p>\n<p>Tambi\u00e9n habr\u00e1 exposiciones interesantes; una de ellas micol\u00f3gica y la otra acerca de \u201cla apicultura y la avispa asi\u00e1tica\u201d. As\u00ed mismo, se organizar\u00e1n talleres y juegos para los asistentes m\u00e1s peque\u00f1os y los j\u00f3venes.<\/p>\n<p>Artelatz, como todos los a\u00f1os, tomar\u00e1 parte activamente en la atenci\u00f3n del punto de informaci\u00f3n y en la dinamizaci\u00f3n de la zona dedicada a la Agenda 21 Escolar.<\/p>\n","protected":false},"excerpt":{"rendered":"<p>Este s\u00e1bado (19 de octubre) los productos de calidad producidos por nuestros caser\u00edos y el ganado ser\u00e1n los protagonistas durante todo el d\u00eda en la Alameda de Gam\u00f3n de Errenteria. Continuando con la cita de todos los a\u00f1os, el Ayuntamiento de Errenteria y los responsables de la Asociaci\u00f3n de Desarrollo Rural Behemendi han preparado una [&hellip;]<\/p>\n","protected":false},"author":2,"featured_media":6855,"comment_status":"open","ping_status":"open","sticky":false,"template":"","format":"standard","meta":{"_et_pb_use_builder":"","_et_pb_old_content":"","_et_gb_content_width":"","footnotes":""},"categories":[49],"tags":[],"class_list":["post-6874","post","type-post","status-publish","format-standard","has-post-thumbnail","hentry","category-desarrollo-economico-sostenible"],"yoast_head":"<!-- This site is optimized with the Yoast SEO plugin v27.3 - https:\/\/yoast.com\/product\/yoast-seo-wordpress\/ -->\n<title>15\u00ba Feria Rural de Errenteria &#8226; Artelatz<\/title>\n<meta name=\"robots\" content=\"index, follow, max-snippet:-1, max-image-preview:large, max-video-preview:-1\" \/>\n<link rel=\"canonical\" href=\"https:\/\/artelatz.eus\/es\/2019\/10\/15o-feria-rural-de-errenteria\/\" \/>\n<meta property=\"og:locale\" content=\"es_ES\" \/>\n<meta property=\"og:type\" content=\"article\" \/>\n<meta property=\"og:title\" content=\"15\u00ba Feria Rural de Errenteria &#8226; Artelatz\" \/>\n<meta property=\"og:description\" content=\"Este s\u00e1bado (19 de octubre) los productos de calidad producidos por nuestros caser\u00edos y el ganado ser\u00e1n los protagonistas durante todo el d\u00eda en la Alameda de Gam\u00f3n de Errenteria. Continuando con la cita de todos los a\u00f1os, el Ayuntamiento de Errenteria y los responsables de la Asociaci\u00f3n de Desarrollo Rural Behemendi han preparado una [&hellip;]\" \/>\n<meta property=\"og:url\" content=\"https:\/\/artelatz.eus\/es\/2019\/10\/15o-feria-rural-de-errenteria\/\" \/>\n<meta property=\"og:site_name\" content=\"Artelatz\" \/>\n<meta property=\"article:publisher\" content=\"https:\/\/www.facebook.com\/Artelatz-143100262512937\/\" \/>\n<meta property=\"article:published_time\" content=\"2019-10-16T12:59:21+00:00\" \/>\n<meta property=\"article:modified_time\" content=\"2019-10-16T13:00:07+00:00\" \/>\n<meta property=\"og:image\" content=\"https:\/\/artelatz.eus\/wp-content\/uploads\/2019\/10\/Landalurraren-azoka-1.jpg\" \/>\n\t<meta property=\"og:image:width\" content=\"1754\" \/>\n\t<meta property=\"og:image:height\" content=\"2480\" \/>\n\t<meta property=\"og:image:type\" content=\"image\/jpeg\" \/>\n<meta name=\"author\" content=\"Artelatz\" \/>\n<meta name=\"twitter:card\" content=\"summary_large_image\" \/>\n<meta name=\"twitter:creator\" content=\"@artelatz_inguru\" \/>\n<meta name=\"twitter:site\" content=\"@artelatz_inguru\" \/>\n<meta name=\"twitter:label1\" content=\"Escrito por\" \/>\n\t<meta name=\"twitter:data1\" content=\"Artelatz\" \/>\n\t<meta name=\"twitter:label2\" content=\"Tiempo de lectura\" \/>\n\t<meta name=\"twitter:data2\" content=\"1 minuto\" \/>\n<script type=\"application\/ld+json\" class=\"yoast-schema-graph\">{\"@context\":\"https:\\\/\\\/schema.org\",\"@graph\":[{\"@type\":\"Article\",\"@id\":\"https:\\\/\\\/artelatz.eus\\\/es\\\/2019\\\/10\\\/15o-feria-rural-de-errenteria\\\/#article\",\"isPartOf\":{\"@id\":\"https:\\\/\\\/artelatz.eus\\\/es\\\/2019\\\/10\\\/15o-feria-rural-de-errenteria\\\/\"},\"author\":{\"name\":\"Artelatz\",\"@id\":\"https:\\\/\\\/artelatz.eus\\\/#\\\/schema\\\/person\\\/6202ce685bb722b36e5f968e6c52f435\"},\"headline\":\"15\u00ba Feria Rural de Errenteria\",\"datePublished\":\"2019-10-16T12:59:21+00:00\",\"dateModified\":\"2019-10-16T13:00:07+00:00\",\"mainEntityOfPage\":{\"@id\":\"https:\\\/\\\/artelatz.eus\\\/es\\\/2019\\\/10\\\/15o-feria-rural-de-errenteria\\\/\"},\"wordCount\":202,\"commentCount\":0,\"publisher\":{\"@id\":\"https:\\\/\\\/artelatz.eus\\\/#organization\"},\"image\":{\"@id\":\"https:\\\/\\\/artelatz.eus\\\/es\\\/2019\\\/10\\\/15o-feria-rural-de-errenteria\\\/#primaryimage\"},\"thumbnailUrl\":\"https:\\\/\\\/artelatz.eus\\\/wp-content\\\/uploads\\\/2019\\\/10\\\/Landalurraren-azoka-1.jpg\",\"articleSection\":[\"Desarrollo econ\u00f3mico sostenible\"],\"inLanguage\":\"es\",\"potentialAction\":[{\"@type\":\"CommentAction\",\"name\":\"Comment\",\"target\":[\"https:\\\/\\\/artelatz.eus\\\/es\\\/2019\\\/10\\\/15o-feria-rural-de-errenteria\\\/#respond\"]}]},{\"@type\":\"WebPage\",\"@id\":\"https:\\\/\\\/artelatz.eus\\\/es\\\/2019\\\/10\\\/15o-feria-rural-de-errenteria\\\/\",\"url\":\"https:\\\/\\\/artelatz.eus\\\/es\\\/2019\\\/10\\\/15o-feria-rural-de-errenteria\\\/\",\"name\":\"15\u00ba Feria Rural de Errenteria &#8226; Artelatz\",\"isPartOf\":{\"@id\":\"https:\\\/\\\/artelatz.eus\\\/#website\"},\"primaryImageOfPage\":{\"@id\":\"https:\\\/\\\/artelatz.eus\\\/es\\\/2019\\\/10\\\/15o-feria-rural-de-errenteria\\\/#primaryimage\"},\"image\":{\"@id\":\"https:\\\/\\\/artelatz.eus\\\/es\\\/2019\\\/10\\\/15o-feria-rural-de-errenteria\\\/#primaryimage\"},\"thumbnailUrl\":\"https:\\\/\\\/artelatz.eus\\\/wp-content\\\/uploads\\\/2019\\\/10\\\/Landalurraren-azoka-1.jpg\",\"datePublished\":\"2019-10-16T12:59:21+00:00\",\"dateModified\":\"2019-10-16T13:00:07+00:00\",\"breadcrumb\":{\"@id\":\"https:\\\/\\\/artelatz.eus\\\/es\\\/2019\\\/10\\\/15o-feria-rural-de-errenteria\\\/#breadcrumb\"},\"inLanguage\":\"es\",\"potentialAction\":[{\"@type\":\"ReadAction\",\"target\":[\"https:\\\/\\\/artelatz.eus\\\/es\\\/2019\\\/10\\\/15o-feria-rural-de-errenteria\\\/\"]}]},{\"@type\":\"ImageObject\",\"inLanguage\":\"es\",\"@id\":\"https:\\\/\\\/artelatz.eus\\\/es\\\/2019\\\/10\\\/15o-feria-rural-de-errenteria\\\/#primaryimage\",\"url\":\"https:\\\/\\\/artelatz.eus\\\/wp-content\\\/uploads\\\/2019\\\/10\\\/Landalurraren-azoka-1.jpg\",\"contentUrl\":\"https:\\\/\\\/artelatz.eus\\\/wp-content\\\/uploads\\\/2019\\\/10\\\/Landalurraren-azoka-1.jpg\",\"width\":1754,\"height\":2480},{\"@type\":\"BreadcrumbList\",\"@id\":\"https:\\\/\\\/artelatz.eus\\\/es\\\/2019\\\/10\\\/15o-feria-rural-de-errenteria\\\/#breadcrumb\",\"itemListElement\":[{\"@type\":\"ListItem\",\"position\":1,\"name\":\"Home\",\"item\":\"https:\\\/\\\/artelatz.eus\\\/es\\\/\"},{\"@type\":\"ListItem\",\"position\":2,\"name\":\"15\u00ba Feria Rural de Errenteria\"}]},{\"@type\":\"WebSite\",\"@id\":\"https:\\\/\\\/artelatz.eus\\\/#website\",\"url\":\"https:\\\/\\\/artelatz.eus\\\/\",\"name\":\"Artelatz\",\"description\":\"Ingurumen zerbitzuak\",\"publisher\":{\"@id\":\"https:\\\/\\\/artelatz.eus\\\/#organization\"},\"potentialAction\":[{\"@type\":\"SearchAction\",\"target\":{\"@type\":\"EntryPoint\",\"urlTemplate\":\"https:\\\/\\\/artelatz.eus\\\/?s={search_term_string}\"},\"query-input\":{\"@type\":\"PropertyValueSpecification\",\"valueRequired\":true,\"valueName\":\"search_term_string\"}}],\"inLanguage\":\"es\"},{\"@type\":\"Organization\",\"@id\":\"https:\\\/\\\/artelatz.eus\\\/#organization\",\"name\":\"Artelatz Ingurugiro Zerbitzuak\",\"url\":\"https:\\\/\\\/artelatz.eus\\\/\",\"logo\":{\"@type\":\"ImageObject\",\"inLanguage\":\"es\",\"@id\":\"https:\\\/\\\/artelatz.eus\\\/#\\\/schema\\\/logo\\\/image\\\/\",\"url\":\"https:\\\/\\\/artelatz.eus\\\/wp-content\\\/uploads\\\/2019\\\/03\\\/Artelatz_logo.png\",\"contentUrl\":\"https:\\\/\\\/artelatz.eus\\\/wp-content\\\/uploads\\\/2019\\\/03\\\/Artelatz_logo.png\",\"width\":200,\"height\":87,\"caption\":\"Artelatz Ingurugiro Zerbitzuak\"},\"image\":{\"@id\":\"https:\\\/\\\/artelatz.eus\\\/#\\\/schema\\\/logo\\\/image\\\/\"},\"sameAs\":[\"https:\\\/\\\/www.facebook.com\\\/Artelatz-143100262512937\\\/\",\"https:\\\/\\\/x.com\\\/artelatz_inguru\",\"https:\\\/\\\/www.youtube.com\\\/user\\\/artelatz\"]},{\"@type\":\"Person\",\"@id\":\"https:\\\/\\\/artelatz.eus\\\/#\\\/schema\\\/person\\\/6202ce685bb722b36e5f968e6c52f435\",\"name\":\"Artelatz\",\"image\":{\"@type\":\"ImageObject\",\"inLanguage\":\"es\",\"@id\":\"https:\\\/\\\/secure.gravatar.com\\\/avatar\\\/ddd422a1cc366c3c23fd9ee2a4694f17bedb940c173c5feecc948da3e7ed3f04?s=96&d=mm&r=g\",\"url\":\"https:\\\/\\\/secure.gravatar.com\\\/avatar\\\/ddd422a1cc366c3c23fd9ee2a4694f17bedb940c173c5feecc948da3e7ed3f04?s=96&d=mm&r=g\",\"contentUrl\":\"https:\\\/\\\/secure.gravatar.com\\\/avatar\\\/ddd422a1cc366c3c23fd9ee2a4694f17bedb940c173c5feecc948da3e7ed3f04?s=96&d=mm&r=g\",\"caption\":\"Artelatz\"},\"sameAs\":[\"https:\\\/\\\/artelatz.eus\\\/\"]}]}<\/script>\n<!-- \/ Yoast SEO plugin. -->","yoast_head_json":{"title":"15\u00ba Feria Rural de Errenteria &#8226; Artelatz","robots":{"index":"index","follow":"follow","max-snippet":"max-snippet:-1","max-image-preview":"max-image-preview:large","max-video-preview":"max-video-preview:-1"},"canonical":"https:\/\/artelatz.eus\/es\/2019\/10\/15o-feria-rural-de-errenteria\/","og_locale":"es_ES","og_type":"article","og_title":"15\u00ba Feria Rural de Errenteria &#8226; Artelatz","og_description":"Este s\u00e1bado (19 de octubre) los productos de calidad producidos por nuestros caser\u00edos y el ganado ser\u00e1n los protagonistas durante todo el d\u00eda en la Alameda de Gam\u00f3n de Errenteria. Continuando con la cita de todos los a\u00f1os, el Ayuntamiento de Errenteria y los responsables de la Asociaci\u00f3n de Desarrollo Rural Behemendi han preparado una [&hellip;]","og_url":"https:\/\/artelatz.eus\/es\/2019\/10\/15o-feria-rural-de-errenteria\/","og_site_name":"Artelatz","article_publisher":"https:\/\/www.facebook.com\/Artelatz-143100262512937\/","article_published_time":"2019-10-16T12:59:21+00:00","article_modified_time":"2019-10-16T13:00:07+00:00","og_image":[{"width":1754,"height":2480,"url":"https:\/\/artelatz.eus\/wp-content\/uploads\/2019\/10\/Landalurraren-azoka-1.jpg","type":"image\/jpeg"}],"author":"Artelatz","twitter_card":"summary_large_image","twitter_creator":"@artelatz_inguru","twitter_site":"@artelatz_inguru","twitter_misc":{"Escrito por":"Artelatz","Tiempo de lectura":"1 minuto"},"schema":{"@context":"https:\/\/schema.org","@graph":[{"@type":"Article","@id":"https:\/\/artelatz.eus\/es\/2019\/10\/15o-feria-rural-de-errenteria\/#article","isPartOf":{"@id":"https:\/\/artelatz.eus\/es\/2019\/10\/15o-feria-rural-de-errenteria\/"},"author":{"name":"Artelatz","@id":"https:\/\/artelatz.eus\/#\/schema\/person\/6202ce685bb722b36e5f968e6c52f435"},"headline":"15\u00ba Feria Rural de Errenteria","datePublished":"2019-10-16T12:59:21+00:00","dateModified":"2019-10-16T13:00:07+00:00","mainEntityOfPage":{"@id":"https:\/\/artelatz.eus\/es\/2019\/10\/15o-feria-rural-de-errenteria\/"},"wordCount":202,"commentCount":0,"publisher":{"@id":"https:\/\/artelatz.eus\/#organization"},"image":{"@id":"https:\/\/artelatz.eus\/es\/2019\/10\/15o-feria-rural-de-errenteria\/#primaryimage"},"thumbnailUrl":"https:\/\/artelatz.eus\/wp-content\/uploads\/2019\/10\/Landalurraren-azoka-1.jpg","articleSection":["Desarrollo econ\u00f3mico sostenible"],"inLanguage":"es","potentialAction":[{"@type":"CommentAction","name":"Comment","target":["https:\/\/artelatz.eus\/es\/2019\/10\/15o-feria-rural-de-errenteria\/#respond"]}]},{"@type":"WebPage","@id":"https:\/\/artelatz.eus\/es\/2019\/10\/15o-feria-rural-de-errenteria\/","url":"https:\/\/artelatz.eus\/es\/2019\/10\/15o-feria-rural-de-errenteria\/","name":"15\u00ba Feria Rural de Errenteria &#8226; Artelatz","isPartOf":{"@id":"https:\/\/artelatz.eus\/#website"},"primaryImageOfPage":{"@id":"https:\/\/artelatz.eus\/es\/2019\/10\/15o-feria-rural-de-errenteria\/#primaryimage"},"image":{"@id":"https:\/\/artelatz.eus\/es\/2019\/10\/15o-feria-rural-de-errenteria\/#primaryimage"},"thumbnailUrl":"https:\/\/artelatz.eus\/wp-content\/uploads\/2019\/10\/Landalurraren-azoka-1.jpg","datePublished":"2019-10-16T12:59:21+00:00","dateModified":"2019-10-16T13:00:07+00:00","breadcrumb":{"@id":"https:\/\/artelatz.eus\/es\/2019\/10\/15o-feria-rural-de-errenteria\/#breadcrumb"},"inLanguage":"es","potentialAction":[{"@type":"ReadAction","target":["https:\/\/artelatz.eus\/es\/2019\/10\/15o-feria-rural-de-errenteria\/"]}]},{"@type":"ImageObject","inLanguage":"es","@id":"https:\/\/artelatz.eus\/es\/2019\/10\/15o-feria-rural-de-errenteria\/#primaryimage","url":"https:\/\/artelatz.eus\/wp-content\/uploads\/2019\/10\/Landalurraren-azoka-1.jpg","contentUrl":"https:\/\/artelatz.eus\/wp-content\/uploads\/2019\/10\/Landalurraren-azoka-1.jpg","width":1754,"height":2480},{"@type":"BreadcrumbList","@id":"https:\/\/artelatz.eus\/es\/2019\/10\/15o-feria-rural-de-errenteria\/#breadcrumb","itemListElement":[{"@type":"ListItem","position":1,"name":"Home","item":"https:\/\/artelatz.eus\/es\/"},{"@type":"ListItem","position":2,"name":"15\u00ba Feria Rural de Errenteria"}]},{"@type":"WebSite","@id":"https:\/\/artelatz.eus\/#website","url":"https:\/\/artelatz.eus\/","name":"Artelatz","description":"Ingurumen zerbitzuak","publisher":{"@id":"https:\/\/artelatz.eus\/#organization"},"potentialAction":[{"@type":"SearchAction","target":{"@type":"EntryPoint","urlTemplate":"https:\/\/artelatz.eus\/?s={search_term_string}"},"query-input":{"@type":"PropertyValueSpecification","valueRequired":true,"valueName":"search_term_string"}}],"inLanguage":"es"},{"@type":"Organization","@id":"https:\/\/artelatz.eus\/#organization","name":"Artelatz Ingurugiro Zerbitzuak","url":"https:\/\/artelatz.eus\/","logo":{"@type":"ImageObject","inLanguage":"es","@id":"https:\/\/artelatz.eus\/#\/schema\/logo\/image\/","url":"https:\/\/artelatz.eus\/wp-content\/uploads\/2019\/03\/Artelatz_logo.png","contentUrl":"https:\/\/artelatz.eus\/wp-content\/uploads\/2019\/03\/Artelatz_logo.png","width":200,"height":87,"caption":"Artelatz Ingurugiro Zerbitzuak"},"image":{"@id":"https:\/\/artelatz.eus\/#\/schema\/logo\/image\/"},"sameAs":["https:\/\/www.facebook.com\/Artelatz-143100262512937\/","https:\/\/x.com\/artelatz_inguru","https:\/\/www.youtube.com\/user\/artelatz"]},{"@type":"Person","@id":"https:\/\/artelatz.eus\/#\/schema\/person\/6202ce685bb722b36e5f968e6c52f435","name":"Artelatz","image":{"@type":"ImageObject","inLanguage":"es","@id":"https:\/\/secure.gravatar.com\/avatar\/ddd422a1cc366c3c23fd9ee2a4694f17bedb940c173c5feecc948da3e7ed3f04?s=96&d=mm&r=g","url":"https:\/\/secure.gravatar.com\/avatar\/ddd422a1cc366c3c23fd9ee2a4694f17bedb940c173c5feecc948da3e7ed3f04?s=96&d=mm&r=g","contentUrl":"https:\/\/secure.gravatar.com\/avatar\/ddd422a1cc366c3c23fd9ee2a4694f17bedb940c173c5feecc948da3e7ed3f04?s=96&d=mm&r=g","caption":"Artelatz"},"sameAs":["https:\/\/artelatz.eus\/"]}]}},"_links":{"self":[{"href":"https:\/\/artelatz.eus\/es\/wp-json\/wp\/v2\/posts\/6874","targetHints":{"allow":["GET"]}}],"collection":[{"href":"https:\/\/artelatz.eus\/es\/wp-json\/wp\/v2\/posts"}],"about":[{"href":"https:\/\/artelatz.eus\/es\/wp-json\/wp\/v2\/types\/post"}],"author":[{"embeddable":true,"href":"https:\/\/artelatz.eus\/es\/wp-json\/wp\/v2\/users\/2"}],"replies":[{"embeddable":true,"href":"https:\/\/artelatz.eus\/es\/wp-json\/wp\/v2\/comments?post=6874"}],"version-history":[{"count":2,"href":"https:\/\/artelatz.eus\/es\/wp-json\/wp\/v2\/posts\/6874\/revisions"}],"predecessor-version":[{"id":6876,"href":"https:\/\/artelatz.eus\/es\/wp-json\/wp\/v2\/posts\/6874\/revisions\/6876"}],"wp:featuredmedia":[{"embeddable":true,"href":"https:\/\/artelatz.eus\/es\/wp-json\/wp\/v2\/media\/6855"}],"wp:attachment":[{"href":"https:\/\/artelatz.eus\/es\/wp-json\/wp\/v2\/media?parent=6874"}],"wp:term":[{"taxonomy":"category","embeddable":true,"href":"https:\/\/artelatz.eus\/es\/wp-json\/wp\/v2\/categories?post=6874"},{"taxonomy":"post_tag","embeddable":true,"href":"https:\/\/artelatz.eus\/es\/wp-json\/wp\/v2\/tags?post=6874"}],"curies":[{"name":"wp","href":"https:\/\/api.w.org\/{rel}","templated":true}]}}