{"id":6843,"date":"2019-09-11T16:10:57","date_gmt":"2019-09-11T14:10:57","guid":{"rendered":"https:\/\/artelatz.eus\/?p=6843"},"modified":"2019-09-11T16:10:57","modified_gmt":"2019-09-11T14:10:57","slug":"viii-dia-de-las-vias-verdes-en-arditurri-oiartzun-este-domingo","status":"publish","type":"post","link":"https:\/\/artelatz.eus\/es\/2019\/09\/viii-dia-de-las-vias-verdes-en-arditurri-oiartzun-este-domingo\/","title":{"rendered":"VIII. D\u00eda de las V\u00edas Verdes en Arditurri-Oiartzun este domingo"},"content":{"rendered":"<p>La actividad principal del domingo 15 de septiembre ser\u00e1 la <strong>marcha en bicicleta<\/strong>. Se han establecido dos puntos de partida a las 10:00h de la ma\u00f1ana: la Alameda Gam\u00f3n de Errenteria y la plaza Done Eztebe de Oiartzun. Siguiendo la v\u00eda verde, la meta ser\u00e1 el parketxe de Arditurri.\u00a0 La dificultad de la marcha es f\u00e1cil, por lo tanto es adecuada para personas de todas las edades. Ser\u00e1 obligatorio llevar casco (tanto en ni\u00f1os como en adultos) y se recomienda llevar alg\u00fan sistema de iluminaci\u00f3n. Para participar en la marcha en bicicleta, habr\u00e1 que acercarse a los puntos de partida 15 minutos antes de la salida.<\/p>\n<p>En Arditurri habr\u00e1 un servicio de consigna de bicicletas. Adem\u00e1s, todos aquellos que se acerquen en bicicleta tendr\u00e1n un almuerzo gratuito, hasta agotar existencias. Por otro lado, en la meta tambi\u00e9n se han organizado diversas actividades para redondear la ma\u00f1ana:\u00a0<strong>visitas guiadas a la mina de Arditurri a precio reducido durante toda la ma\u00f1ana<\/strong>, y con el ticket de entrada a la mina, se podr\u00e1 participar de forma gratuita en un\u00a0<strong>circuito Seg-way<\/strong>.<\/p>\n<p>No s\u00f3lo eso, entre las 12:30 y las 14:00, los que se acerquen a Arditurri tambi\u00e9n<strong>\u00a0tendr\u00e1n la oportunidad de participar en varios juegos<\/strong><strong>: <\/strong>carrera de cintas, <em>herri kirolak<\/em>, juegos en bicicleta, etc.<\/p>\n<p>Este a\u00f1o adem\u00e1s habr\u00e1 una actividad especial, un <em>taller de juegos ambientales<\/em> desde las 11:00 hasta la 12:30, donde de la mano de Gurpil Artea, habr\u00e1 un taller para aprender a reparar las bicicletas.<\/p>\n<p>Despu\u00e9s de finalizar las actividades del programa en Arditurri, el regreso lo har\u00e1 cada uno por su cuenta.<\/p>\n<p>&nbsp;<\/p>\n","protected":false},"excerpt":{"rendered":"<p>La actividad principal del domingo 15 de septiembre ser\u00e1 la marcha en bicicleta. Se han establecido dos puntos de partida a las 10:00h de la ma\u00f1ana: la Alameda Gam\u00f3n de Errenteria y la plaza Done Eztebe de Oiartzun. Siguiendo la v\u00eda verde, la meta ser\u00e1 el parketxe de Arditurri.\u00a0 La dificultad de la marcha es [&hellip;]<\/p>\n","protected":false},"author":2,"featured_media":6826,"comment_status":"open","ping_status":"open","sticky":false,"template":"","format":"standard","meta":{"_et_pb_use_builder":"","_et_pb_old_content":"","_et_gb_content_width":"","footnotes":""},"categories":[49],"tags":[],"class_list":["post-6843","post","type-post","status-publish","format-standard","has-post-thumbnail","hentry","category-desarrollo-economico-sostenible"],"yoast_head":"<!-- This site is optimized with the Yoast SEO plugin v27.3 - https:\/\/yoast.com\/product\/yoast-seo-wordpress\/ -->\n<title>VIII. D\u00eda de las V\u00edas Verdes en Arditurri-Oiartzun este domingo &#8226; Artelatz<\/title>\n<meta name=\"robots\" content=\"index, follow, max-snippet:-1, max-image-preview:large, max-video-preview:-1\" \/>\n<link rel=\"canonical\" href=\"https:\/\/artelatz.eus\/es\/2019\/09\/viii-dia-de-las-vias-verdes-en-arditurri-oiartzun-este-domingo\/\" \/>\n<meta property=\"og:locale\" content=\"es_ES\" \/>\n<meta property=\"og:type\" content=\"article\" \/>\n<meta property=\"og:title\" content=\"VIII. D\u00eda de las V\u00edas Verdes en Arditurri-Oiartzun este domingo &#8226; Artelatz\" \/>\n<meta property=\"og:description\" content=\"La actividad principal del domingo 15 de septiembre ser\u00e1 la marcha en bicicleta. Se han establecido dos puntos de partida a las 10:00h de la ma\u00f1ana: la Alameda Gam\u00f3n de Errenteria y la plaza Done Eztebe de Oiartzun. Siguiendo la v\u00eda verde, la meta ser\u00e1 el parketxe de Arditurri.\u00a0 La dificultad de la marcha es [&hellip;]\" \/>\n<meta property=\"og:url\" content=\"https:\/\/artelatz.eus\/es\/2019\/09\/viii-dia-de-las-vias-verdes-en-arditurri-oiartzun-este-domingo\/\" \/>\n<meta property=\"og:site_name\" content=\"Artelatz\" \/>\n<meta property=\"article:publisher\" content=\"https:\/\/www.facebook.com\/Artelatz-143100262512937\/\" \/>\n<meta property=\"article:published_time\" content=\"2019-09-11T14:10:57+00:00\" \/>\n<meta property=\"og:image\" content=\"https:\/\/artelatz.eus\/wp-content\/uploads\/2019\/09\/Arditurri-2.jpg\" \/>\n\t<meta property=\"og:image:width\" content=\"3543\" \/>\n\t<meta property=\"og:image:height\" content=\"2657\" \/>\n\t<meta property=\"og:image:type\" content=\"image\/jpeg\" \/>\n<meta name=\"author\" content=\"Artelatz\" \/>\n<meta name=\"twitter:card\" content=\"summary_large_image\" \/>\n<meta name=\"twitter:creator\" content=\"@artelatz_inguru\" \/>\n<meta name=\"twitter:site\" content=\"@artelatz_inguru\" \/>\n<meta name=\"twitter:label1\" content=\"Escrito por\" \/>\n\t<meta name=\"twitter:data1\" content=\"Artelatz\" \/>\n\t<meta name=\"twitter:label2\" content=\"Tiempo de lectura\" \/>\n\t<meta name=\"twitter:data2\" content=\"1 minuto\" \/>\n<script type=\"application\/ld+json\" class=\"yoast-schema-graph\">{\"@context\":\"https:\\\/\\\/schema.org\",\"@graph\":[{\"@type\":\"Article\",\"@id\":\"https:\\\/\\\/artelatz.eus\\\/es\\\/2019\\\/09\\\/viii-dia-de-las-vias-verdes-en-arditurri-oiartzun-este-domingo\\\/#article\",\"isPartOf\":{\"@id\":\"https:\\\/\\\/artelatz.eus\\\/es\\\/2019\\\/09\\\/viii-dia-de-las-vias-verdes-en-arditurri-oiartzun-este-domingo\\\/\"},\"author\":{\"name\":\"Artelatz\",\"@id\":\"https:\\\/\\\/artelatz.eus\\\/#\\\/schema\\\/person\\\/6202ce685bb722b36e5f968e6c52f435\"},\"headline\":\"VIII. D\u00eda de las V\u00edas Verdes en Arditurri-Oiartzun este domingo\",\"datePublished\":\"2019-09-11T14:10:57+00:00\",\"mainEntityOfPage\":{\"@id\":\"https:\\\/\\\/artelatz.eus\\\/es\\\/2019\\\/09\\\/viii-dia-de-las-vias-verdes-en-arditurri-oiartzun-este-domingo\\\/\"},\"wordCount\":289,\"commentCount\":0,\"publisher\":{\"@id\":\"https:\\\/\\\/artelatz.eus\\\/#organization\"},\"image\":{\"@id\":\"https:\\\/\\\/artelatz.eus\\\/es\\\/2019\\\/09\\\/viii-dia-de-las-vias-verdes-en-arditurri-oiartzun-este-domingo\\\/#primaryimage\"},\"thumbnailUrl\":\"https:\\\/\\\/artelatz.eus\\\/wp-content\\\/uploads\\\/2019\\\/09\\\/Arditurri-2.jpg\",\"articleSection\":[\"Desarrollo econ\u00f3mico sostenible\"],\"inLanguage\":\"es\",\"potentialAction\":[{\"@type\":\"CommentAction\",\"name\":\"Comment\",\"target\":[\"https:\\\/\\\/artelatz.eus\\\/es\\\/2019\\\/09\\\/viii-dia-de-las-vias-verdes-en-arditurri-oiartzun-este-domingo\\\/#respond\"]}]},{\"@type\":\"WebPage\",\"@id\":\"https:\\\/\\\/artelatz.eus\\\/es\\\/2019\\\/09\\\/viii-dia-de-las-vias-verdes-en-arditurri-oiartzun-este-domingo\\\/\",\"url\":\"https:\\\/\\\/artelatz.eus\\\/es\\\/2019\\\/09\\\/viii-dia-de-las-vias-verdes-en-arditurri-oiartzun-este-domingo\\\/\",\"name\":\"VIII. D\u00eda de las V\u00edas Verdes en Arditurri-Oiartzun este domingo &#8226; Artelatz\",\"isPartOf\":{\"@id\":\"https:\\\/\\\/artelatz.eus\\\/#website\"},\"primaryImageOfPage\":{\"@id\":\"https:\\\/\\\/artelatz.eus\\\/es\\\/2019\\\/09\\\/viii-dia-de-las-vias-verdes-en-arditurri-oiartzun-este-domingo\\\/#primaryimage\"},\"image\":{\"@id\":\"https:\\\/\\\/artelatz.eus\\\/es\\\/2019\\\/09\\\/viii-dia-de-las-vias-verdes-en-arditurri-oiartzun-este-domingo\\\/#primaryimage\"},\"thumbnailUrl\":\"https:\\\/\\\/artelatz.eus\\\/wp-content\\\/uploads\\\/2019\\\/09\\\/Arditurri-2.jpg\",\"datePublished\":\"2019-09-11T14:10:57+00:00\",\"breadcrumb\":{\"@id\":\"https:\\\/\\\/artelatz.eus\\\/es\\\/2019\\\/09\\\/viii-dia-de-las-vias-verdes-en-arditurri-oiartzun-este-domingo\\\/#breadcrumb\"},\"inLanguage\":\"es\",\"potentialAction\":[{\"@type\":\"ReadAction\",\"target\":[\"https:\\\/\\\/artelatz.eus\\\/es\\\/2019\\\/09\\\/viii-dia-de-las-vias-verdes-en-arditurri-oiartzun-este-domingo\\\/\"]}]},{\"@type\":\"ImageObject\",\"inLanguage\":\"es\",\"@id\":\"https:\\\/\\\/artelatz.eus\\\/es\\\/2019\\\/09\\\/viii-dia-de-las-vias-verdes-en-arditurri-oiartzun-este-domingo\\\/#primaryimage\",\"url\":\"https:\\\/\\\/artelatz.eus\\\/wp-content\\\/uploads\\\/2019\\\/09\\\/Arditurri-2.jpg\",\"contentUrl\":\"https:\\\/\\\/artelatz.eus\\\/wp-content\\\/uploads\\\/2019\\\/09\\\/Arditurri-2.jpg\",\"width\":3543,\"height\":2657},{\"@type\":\"BreadcrumbList\",\"@id\":\"https:\\\/\\\/artelatz.eus\\\/es\\\/2019\\\/09\\\/viii-dia-de-las-vias-verdes-en-arditurri-oiartzun-este-domingo\\\/#breadcrumb\",\"itemListElement\":[{\"@type\":\"ListItem\",\"position\":1,\"name\":\"Home\",\"item\":\"https:\\\/\\\/artelatz.eus\\\/es\\\/\"},{\"@type\":\"ListItem\",\"position\":2,\"name\":\"VIII. D\u00eda de las V\u00edas Verdes en Arditurri-Oiartzun este domingo\"}]},{\"@type\":\"WebSite\",\"@id\":\"https:\\\/\\\/artelatz.eus\\\/#website\",\"url\":\"https:\\\/\\\/artelatz.eus\\\/\",\"name\":\"Artelatz\",\"description\":\"Ingurumen zerbitzuak\",\"publisher\":{\"@id\":\"https:\\\/\\\/artelatz.eus\\\/#organization\"},\"potentialAction\":[{\"@type\":\"SearchAction\",\"target\":{\"@type\":\"EntryPoint\",\"urlTemplate\":\"https:\\\/\\\/artelatz.eus\\\/?s={search_term_string}\"},\"query-input\":{\"@type\":\"PropertyValueSpecification\",\"valueRequired\":true,\"valueName\":\"search_term_string\"}}],\"inLanguage\":\"es\"},{\"@type\":\"Organization\",\"@id\":\"https:\\\/\\\/artelatz.eus\\\/#organization\",\"name\":\"Artelatz Ingurugiro Zerbitzuak\",\"url\":\"https:\\\/\\\/artelatz.eus\\\/\",\"logo\":{\"@type\":\"ImageObject\",\"inLanguage\":\"es\",\"@id\":\"https:\\\/\\\/artelatz.eus\\\/#\\\/schema\\\/logo\\\/image\\\/\",\"url\":\"https:\\\/\\\/artelatz.eus\\\/wp-content\\\/uploads\\\/2019\\\/03\\\/Artelatz_logo.png\",\"contentUrl\":\"https:\\\/\\\/artelatz.eus\\\/wp-content\\\/uploads\\\/2019\\\/03\\\/Artelatz_logo.png\",\"width\":200,\"height\":87,\"caption\":\"Artelatz Ingurugiro Zerbitzuak\"},\"image\":{\"@id\":\"https:\\\/\\\/artelatz.eus\\\/#\\\/schema\\\/logo\\\/image\\\/\"},\"sameAs\":[\"https:\\\/\\\/www.facebook.com\\\/Artelatz-143100262512937\\\/\",\"https:\\\/\\\/x.com\\\/artelatz_inguru\",\"https:\\\/\\\/www.youtube.com\\\/user\\\/artelatz\"]},{\"@type\":\"Person\",\"@id\":\"https:\\\/\\\/artelatz.eus\\\/#\\\/schema\\\/person\\\/6202ce685bb722b36e5f968e6c52f435\",\"name\":\"Artelatz\",\"image\":{\"@type\":\"ImageObject\",\"inLanguage\":\"es\",\"@id\":\"https:\\\/\\\/secure.gravatar.com\\\/avatar\\\/ddd422a1cc366c3c23fd9ee2a4694f17bedb940c173c5feecc948da3e7ed3f04?s=96&d=mm&r=g\",\"url\":\"https:\\\/\\\/secure.gravatar.com\\\/avatar\\\/ddd422a1cc366c3c23fd9ee2a4694f17bedb940c173c5feecc948da3e7ed3f04?s=96&d=mm&r=g\",\"contentUrl\":\"https:\\\/\\\/secure.gravatar.com\\\/avatar\\\/ddd422a1cc366c3c23fd9ee2a4694f17bedb940c173c5feecc948da3e7ed3f04?s=96&d=mm&r=g\",\"caption\":\"Artelatz\"},\"sameAs\":[\"https:\\\/\\\/artelatz.eus\\\/\"]}]}<\/script>\n<!-- \/ Yoast SEO plugin. -->","yoast_head_json":{"title":"VIII. D\u00eda de las V\u00edas Verdes en Arditurri-Oiartzun este domingo &#8226; Artelatz","robots":{"index":"index","follow":"follow","max-snippet":"max-snippet:-1","max-image-preview":"max-image-preview:large","max-video-preview":"max-video-preview:-1"},"canonical":"https:\/\/artelatz.eus\/es\/2019\/09\/viii-dia-de-las-vias-verdes-en-arditurri-oiartzun-este-domingo\/","og_locale":"es_ES","og_type":"article","og_title":"VIII. D\u00eda de las V\u00edas Verdes en Arditurri-Oiartzun este domingo &#8226; Artelatz","og_description":"La actividad principal del domingo 15 de septiembre ser\u00e1 la marcha en bicicleta. Se han establecido dos puntos de partida a las 10:00h de la ma\u00f1ana: la Alameda Gam\u00f3n de Errenteria y la plaza Done Eztebe de Oiartzun. Siguiendo la v\u00eda verde, la meta ser\u00e1 el parketxe de Arditurri.\u00a0 La dificultad de la marcha es [&hellip;]","og_url":"https:\/\/artelatz.eus\/es\/2019\/09\/viii-dia-de-las-vias-verdes-en-arditurri-oiartzun-este-domingo\/","og_site_name":"Artelatz","article_publisher":"https:\/\/www.facebook.com\/Artelatz-143100262512937\/","article_published_time":"2019-09-11T14:10:57+00:00","og_image":[{"width":3543,"height":2657,"url":"https:\/\/artelatz.eus\/wp-content\/uploads\/2019\/09\/Arditurri-2.jpg","type":"image\/jpeg"}],"author":"Artelatz","twitter_card":"summary_large_image","twitter_creator":"@artelatz_inguru","twitter_site":"@artelatz_inguru","twitter_misc":{"Escrito por":"Artelatz","Tiempo de lectura":"1 minuto"},"schema":{"@context":"https:\/\/schema.org","@graph":[{"@type":"Article","@id":"https:\/\/artelatz.eus\/es\/2019\/09\/viii-dia-de-las-vias-verdes-en-arditurri-oiartzun-este-domingo\/#article","isPartOf":{"@id":"https:\/\/artelatz.eus\/es\/2019\/09\/viii-dia-de-las-vias-verdes-en-arditurri-oiartzun-este-domingo\/"},"author":{"name":"Artelatz","@id":"https:\/\/artelatz.eus\/#\/schema\/person\/6202ce685bb722b36e5f968e6c52f435"},"headline":"VIII. D\u00eda de las V\u00edas Verdes en Arditurri-Oiartzun este domingo","datePublished":"2019-09-11T14:10:57+00:00","mainEntityOfPage":{"@id":"https:\/\/artelatz.eus\/es\/2019\/09\/viii-dia-de-las-vias-verdes-en-arditurri-oiartzun-este-domingo\/"},"wordCount":289,"commentCount":0,"publisher":{"@id":"https:\/\/artelatz.eus\/#organization"},"image":{"@id":"https:\/\/artelatz.eus\/es\/2019\/09\/viii-dia-de-las-vias-verdes-en-arditurri-oiartzun-este-domingo\/#primaryimage"},"thumbnailUrl":"https:\/\/artelatz.eus\/wp-content\/uploads\/2019\/09\/Arditurri-2.jpg","articleSection":["Desarrollo econ\u00f3mico sostenible"],"inLanguage":"es","potentialAction":[{"@type":"CommentAction","name":"Comment","target":["https:\/\/artelatz.eus\/es\/2019\/09\/viii-dia-de-las-vias-verdes-en-arditurri-oiartzun-este-domingo\/#respond"]}]},{"@type":"WebPage","@id":"https:\/\/artelatz.eus\/es\/2019\/09\/viii-dia-de-las-vias-verdes-en-arditurri-oiartzun-este-domingo\/","url":"https:\/\/artelatz.eus\/es\/2019\/09\/viii-dia-de-las-vias-verdes-en-arditurri-oiartzun-este-domingo\/","name":"VIII. D\u00eda de las V\u00edas Verdes en Arditurri-Oiartzun este domingo &#8226; Artelatz","isPartOf":{"@id":"https:\/\/artelatz.eus\/#website"},"primaryImageOfPage":{"@id":"https:\/\/artelatz.eus\/es\/2019\/09\/viii-dia-de-las-vias-verdes-en-arditurri-oiartzun-este-domingo\/#primaryimage"},"image":{"@id":"https:\/\/artelatz.eus\/es\/2019\/09\/viii-dia-de-las-vias-verdes-en-arditurri-oiartzun-este-domingo\/#primaryimage"},"thumbnailUrl":"https:\/\/artelatz.eus\/wp-content\/uploads\/2019\/09\/Arditurri-2.jpg","datePublished":"2019-09-11T14:10:57+00:00","breadcrumb":{"@id":"https:\/\/artelatz.eus\/es\/2019\/09\/viii-dia-de-las-vias-verdes-en-arditurri-oiartzun-este-domingo\/#breadcrumb"},"inLanguage":"es","potentialAction":[{"@type":"ReadAction","target":["https:\/\/artelatz.eus\/es\/2019\/09\/viii-dia-de-las-vias-verdes-en-arditurri-oiartzun-este-domingo\/"]}]},{"@type":"ImageObject","inLanguage":"es","@id":"https:\/\/artelatz.eus\/es\/2019\/09\/viii-dia-de-las-vias-verdes-en-arditurri-oiartzun-este-domingo\/#primaryimage","url":"https:\/\/artelatz.eus\/wp-content\/uploads\/2019\/09\/Arditurri-2.jpg","contentUrl":"https:\/\/artelatz.eus\/wp-content\/uploads\/2019\/09\/Arditurri-2.jpg","width":3543,"height":2657},{"@type":"BreadcrumbList","@id":"https:\/\/artelatz.eus\/es\/2019\/09\/viii-dia-de-las-vias-verdes-en-arditurri-oiartzun-este-domingo\/#breadcrumb","itemListElement":[{"@type":"ListItem","position":1,"name":"Home","item":"https:\/\/artelatz.eus\/es\/"},{"@type":"ListItem","position":2,"name":"VIII. D\u00eda de las V\u00edas Verdes en Arditurri-Oiartzun este domingo"}]},{"@type":"WebSite","@id":"https:\/\/artelatz.eus\/#website","url":"https:\/\/artelatz.eus\/","name":"Artelatz","description":"Ingurumen zerbitzuak","publisher":{"@id":"https:\/\/artelatz.eus\/#organization"},"potentialAction":[{"@type":"SearchAction","target":{"@type":"EntryPoint","urlTemplate":"https:\/\/artelatz.eus\/?s={search_term_string}"},"query-input":{"@type":"PropertyValueSpecification","valueRequired":true,"valueName":"search_term_string"}}],"inLanguage":"es"},{"@type":"Organization","@id":"https:\/\/artelatz.eus\/#organization","name":"Artelatz Ingurugiro Zerbitzuak","url":"https:\/\/artelatz.eus\/","logo":{"@type":"ImageObject","inLanguage":"es","@id":"https:\/\/artelatz.eus\/#\/schema\/logo\/image\/","url":"https:\/\/artelatz.eus\/wp-content\/uploads\/2019\/03\/Artelatz_logo.png","contentUrl":"https:\/\/artelatz.eus\/wp-content\/uploads\/2019\/03\/Artelatz_logo.png","width":200,"height":87,"caption":"Artelatz Ingurugiro Zerbitzuak"},"image":{"@id":"https:\/\/artelatz.eus\/#\/schema\/logo\/image\/"},"sameAs":["https:\/\/www.facebook.com\/Artelatz-143100262512937\/","https:\/\/x.com\/artelatz_inguru","https:\/\/www.youtube.com\/user\/artelatz"]},{"@type":"Person","@id":"https:\/\/artelatz.eus\/#\/schema\/person\/6202ce685bb722b36e5f968e6c52f435","name":"Artelatz","image":{"@type":"ImageObject","inLanguage":"es","@id":"https:\/\/secure.gravatar.com\/avatar\/ddd422a1cc366c3c23fd9ee2a4694f17bedb940c173c5feecc948da3e7ed3f04?s=96&d=mm&r=g","url":"https:\/\/secure.gravatar.com\/avatar\/ddd422a1cc366c3c23fd9ee2a4694f17bedb940c173c5feecc948da3e7ed3f04?s=96&d=mm&r=g","contentUrl":"https:\/\/secure.gravatar.com\/avatar\/ddd422a1cc366c3c23fd9ee2a4694f17bedb940c173c5feecc948da3e7ed3f04?s=96&d=mm&r=g","caption":"Artelatz"},"sameAs":["https:\/\/artelatz.eus\/"]}]}},"_links":{"self":[{"href":"https:\/\/artelatz.eus\/es\/wp-json\/wp\/v2\/posts\/6843","targetHints":{"allow":["GET"]}}],"collection":[{"href":"https:\/\/artelatz.eus\/es\/wp-json\/wp\/v2\/posts"}],"about":[{"href":"https:\/\/artelatz.eus\/es\/wp-json\/wp\/v2\/types\/post"}],"author":[{"embeddable":true,"href":"https:\/\/artelatz.eus\/es\/wp-json\/wp\/v2\/users\/2"}],"replies":[{"embeddable":true,"href":"https:\/\/artelatz.eus\/es\/wp-json\/wp\/v2\/comments?post=6843"}],"version-history":[{"count":1,"href":"https:\/\/artelatz.eus\/es\/wp-json\/wp\/v2\/posts\/6843\/revisions"}],"predecessor-version":[{"id":6844,"href":"https:\/\/artelatz.eus\/es\/wp-json\/wp\/v2\/posts\/6843\/revisions\/6844"}],"wp:featuredmedia":[{"embeddable":true,"href":"https:\/\/artelatz.eus\/es\/wp-json\/wp\/v2\/media\/6826"}],"wp:attachment":[{"href":"https:\/\/artelatz.eus\/es\/wp-json\/wp\/v2\/media?parent=6843"}],"wp:term":[{"taxonomy":"category","embeddable":true,"href":"https:\/\/artelatz.eus\/es\/wp-json\/wp\/v2\/categories?post=6843"},{"taxonomy":"post_tag","embeddable":true,"href":"https:\/\/artelatz.eus\/es\/wp-json\/wp\/v2\/tags?post=6843"}],"curies":[{"name":"wp","href":"https:\/\/api.w.org\/{rel}","templated":true}]}}