{"id":401,"date":"2012-07-02T10:51:56","date_gmt":"2012-07-02T09:51:56","guid":{"rendered":"https:\/\/artelatz.eus\/2012\/07\/lasarte-oria-celebro-la-semana-verde-2\/"},"modified":"2019-03-20T13:47:59","modified_gmt":"2019-03-20T12:47:59","slug":"lasarte-oria-celebro-la-semana-verde-2","status":"publish","type":"post","link":"https:\/\/artelatz.eus\/es\/2012\/07\/lasarte-oria-celebro-la-semana-verde-2\/","title":{"rendered":"Lasarte-Oria celebr\u00f3 la Semana Verde"},"content":{"rendered":"<p>&nbsp;<\/p>\n<div style=\"text-align: justify;\">A principios de junio, con motivo del D\u00eda Mundial del Medio Ambiente, que se celebra el 5 de junio, Artelatz coordin\u00f3 la Semana Verde de Lasarte-Oria con el Ayuntamiento de la localidad bajo el lema <em>\u00abEconom\u00eda verde: \u00bfte incluye a ti?\u00bb<\/em>. Los lasarte-oriatarras tuvieron la oportunidad de tomar parte en multitud de actividades relacionadas con temas como la conducci\u00f3n eficiente, los residuos, la energ\u00eda, la movilidad, el agua, la limpieza de las calles o la alimentaci\u00f3n. Entre las actividades que desde la Semana Verde se han propuesto a la ciudadan\u00eda se encuentran la apuesta por el desplazamiento a pie, la utilizaci\u00f3n de bolsas reutilizables, la leche del d\u00eda que se vende en m\u00e1quinas expendedoras, el compostaje dom\u00e9stico, etc. En la foto, la concejal de Medio Ambiente del consistorio lasarte-oriatarra, Nerea S\u00e1nchez y el t\u00e9cnico de Artelatz, Mikel Urruzola.<\/div>\n","protected":false},"excerpt":{"rendered":"<p>&nbsp; A principios de junio, con motivo del D\u00eda Mundial del Medio Ambiente, que se celebra el 5 de junio, Artelatz coordin\u00f3 la Semana Verde de Lasarte-Oria con el Ayuntamiento de la localidad bajo el lema \u00abEconom\u00eda verde: \u00bfte incluye a ti?\u00bb. Los lasarte-oriatarras tuvieron la oportunidad de tomar parte en multitud de actividades relacionadas [&hellip;]<\/p>\n","protected":false},"author":2,"featured_media":6166,"comment_status":"open","ping_status":"open","sticky":false,"template":"","format":"standard","meta":{"_et_pb_use_builder":"","_et_pb_old_content":"","_et_gb_content_width":"","footnotes":""},"categories":[50],"tags":[],"class_list":["post-401","post","type-post","status-publish","format-standard","has-post-thumbnail","hentry","category-educacion-medioambiental"],"yoast_head":"<!-- This site is optimized with the Yoast SEO plugin v27.3 - https:\/\/yoast.com\/product\/yoast-seo-wordpress\/ -->\n<title>Lasarte-Oria celebr\u00f3 la Semana Verde &#8226; Artelatz<\/title>\n<meta name=\"robots\" content=\"index, follow, max-snippet:-1, max-image-preview:large, max-video-preview:-1\" \/>\n<link rel=\"canonical\" href=\"https:\/\/artelatz.eus\/es\/2012\/07\/lasarte-oria-celebro-la-semana-verde-2\/\" \/>\n<meta property=\"og:locale\" content=\"es_ES\" \/>\n<meta property=\"og:type\" content=\"article\" \/>\n<meta property=\"og:title\" content=\"Lasarte-Oria celebr\u00f3 la Semana Verde &#8226; Artelatz\" \/>\n<meta property=\"og:description\" content=\"&nbsp; A principios de junio, con motivo del D\u00eda Mundial del Medio Ambiente, que se celebra el 5 de junio, Artelatz coordin\u00f3 la Semana Verde de Lasarte-Oria con el Ayuntamiento de la localidad bajo el lema \u00abEconom\u00eda verde: \u00bfte incluye a ti?\u00bb. Los lasarte-oriatarras tuvieron la oportunidad de tomar parte en multitud de actividades relacionadas [&hellip;]\" \/>\n<meta property=\"og:url\" content=\"https:\/\/artelatz.eus\/es\/2012\/07\/lasarte-oria-celebro-la-semana-verde-2\/\" \/>\n<meta property=\"og:site_name\" content=\"Artelatz\" \/>\n<meta property=\"article:publisher\" content=\"https:\/\/www.facebook.com\/Artelatz-143100262512937\/\" \/>\n<meta property=\"article:published_time\" content=\"2012-07-02T09:51:56+00:00\" \/>\n<meta property=\"article:modified_time\" content=\"2019-03-20T12:47:59+00:00\" \/>\n<meta property=\"og:image\" content=\"https:\/\/artelatz.eus\/wp-content\/uploads\/2012\/07\/190.jpg\" \/>\n\t<meta property=\"og:image:width\" content=\"610\" \/>\n\t<meta property=\"og:image:height\" content=\"366\" \/>\n\t<meta property=\"og:image:type\" content=\"image\/jpeg\" \/>\n<meta name=\"author\" content=\"Artelatz\" \/>\n<meta name=\"twitter:card\" content=\"summary_large_image\" \/>\n<meta name=\"twitter:creator\" content=\"@artelatz_inguru\" \/>\n<meta name=\"twitter:site\" content=\"@artelatz_inguru\" \/>\n<meta name=\"twitter:label1\" content=\"Escrito por\" \/>\n\t<meta name=\"twitter:data1\" content=\"Artelatz\" \/>\n\t<meta name=\"twitter:label2\" content=\"Tiempo de lectura\" \/>\n\t<meta name=\"twitter:data2\" content=\"1 minuto\" \/>\n<script type=\"application\/ld+json\" class=\"yoast-schema-graph\">{\"@context\":\"https:\\\/\\\/schema.org\",\"@graph\":[{\"@type\":\"Article\",\"@id\":\"https:\\\/\\\/artelatz.eus\\\/es\\\/2012\\\/07\\\/lasarte-oria-celebro-la-semana-verde-2\\\/#article\",\"isPartOf\":{\"@id\":\"https:\\\/\\\/artelatz.eus\\\/es\\\/2012\\\/07\\\/lasarte-oria-celebro-la-semana-verde-2\\\/\"},\"author\":{\"name\":\"Artelatz\",\"@id\":\"https:\\\/\\\/artelatz.eus\\\/#\\\/schema\\\/person\\\/6202ce685bb722b36e5f968e6c52f435\"},\"headline\":\"Lasarte-Oria celebr\u00f3 la Semana Verde\",\"datePublished\":\"2012-07-02T09:51:56+00:00\",\"dateModified\":\"2019-03-20T12:47:59+00:00\",\"mainEntityOfPage\":{\"@id\":\"https:\\\/\\\/artelatz.eus\\\/es\\\/2012\\\/07\\\/lasarte-oria-celebro-la-semana-verde-2\\\/\"},\"wordCount\":155,\"commentCount\":0,\"publisher\":{\"@id\":\"https:\\\/\\\/artelatz.eus\\\/#organization\"},\"image\":{\"@id\":\"https:\\\/\\\/artelatz.eus\\\/es\\\/2012\\\/07\\\/lasarte-oria-celebro-la-semana-verde-2\\\/#primaryimage\"},\"thumbnailUrl\":\"https:\\\/\\\/artelatz.eus\\\/wp-content\\\/uploads\\\/2012\\\/07\\\/190.jpg\",\"articleSection\":[\"Educaci\u00f3n medioambiental\"],\"inLanguage\":\"es\",\"potentialAction\":[{\"@type\":\"CommentAction\",\"name\":\"Comment\",\"target\":[\"https:\\\/\\\/artelatz.eus\\\/es\\\/2012\\\/07\\\/lasarte-oria-celebro-la-semana-verde-2\\\/#respond\"]}]},{\"@type\":\"WebPage\",\"@id\":\"https:\\\/\\\/artelatz.eus\\\/es\\\/2012\\\/07\\\/lasarte-oria-celebro-la-semana-verde-2\\\/\",\"url\":\"https:\\\/\\\/artelatz.eus\\\/es\\\/2012\\\/07\\\/lasarte-oria-celebro-la-semana-verde-2\\\/\",\"name\":\"Lasarte-Oria celebr\u00f3 la Semana Verde &#8226; Artelatz\",\"isPartOf\":{\"@id\":\"https:\\\/\\\/artelatz.eus\\\/#website\"},\"primaryImageOfPage\":{\"@id\":\"https:\\\/\\\/artelatz.eus\\\/es\\\/2012\\\/07\\\/lasarte-oria-celebro-la-semana-verde-2\\\/#primaryimage\"},\"image\":{\"@id\":\"https:\\\/\\\/artelatz.eus\\\/es\\\/2012\\\/07\\\/lasarte-oria-celebro-la-semana-verde-2\\\/#primaryimage\"},\"thumbnailUrl\":\"https:\\\/\\\/artelatz.eus\\\/wp-content\\\/uploads\\\/2012\\\/07\\\/190.jpg\",\"datePublished\":\"2012-07-02T09:51:56+00:00\",\"dateModified\":\"2019-03-20T12:47:59+00:00\",\"breadcrumb\":{\"@id\":\"https:\\\/\\\/artelatz.eus\\\/es\\\/2012\\\/07\\\/lasarte-oria-celebro-la-semana-verde-2\\\/#breadcrumb\"},\"inLanguage\":\"es\",\"potentialAction\":[{\"@type\":\"ReadAction\",\"target\":[\"https:\\\/\\\/artelatz.eus\\\/es\\\/2012\\\/07\\\/lasarte-oria-celebro-la-semana-verde-2\\\/\"]}]},{\"@type\":\"ImageObject\",\"inLanguage\":\"es\",\"@id\":\"https:\\\/\\\/artelatz.eus\\\/es\\\/2012\\\/07\\\/lasarte-oria-celebro-la-semana-verde-2\\\/#primaryimage\",\"url\":\"https:\\\/\\\/artelatz.eus\\\/wp-content\\\/uploads\\\/2012\\\/07\\\/190.jpg\",\"contentUrl\":\"https:\\\/\\\/artelatz.eus\\\/wp-content\\\/uploads\\\/2012\\\/07\\\/190.jpg\",\"width\":610,\"height\":366},{\"@type\":\"BreadcrumbList\",\"@id\":\"https:\\\/\\\/artelatz.eus\\\/es\\\/2012\\\/07\\\/lasarte-oria-celebro-la-semana-verde-2\\\/#breadcrumb\",\"itemListElement\":[{\"@type\":\"ListItem\",\"position\":1,\"name\":\"Home\",\"item\":\"https:\\\/\\\/artelatz.eus\\\/es\\\/\"},{\"@type\":\"ListItem\",\"position\":2,\"name\":\"Lasarte-Oria celebr\u00f3 la Semana Verde\"}]},{\"@type\":\"WebSite\",\"@id\":\"https:\\\/\\\/artelatz.eus\\\/#website\",\"url\":\"https:\\\/\\\/artelatz.eus\\\/\",\"name\":\"Artelatz\",\"description\":\"Ingurumen zerbitzuak\",\"publisher\":{\"@id\":\"https:\\\/\\\/artelatz.eus\\\/#organization\"},\"potentialAction\":[{\"@type\":\"SearchAction\",\"target\":{\"@type\":\"EntryPoint\",\"urlTemplate\":\"https:\\\/\\\/artelatz.eus\\\/?s={search_term_string}\"},\"query-input\":{\"@type\":\"PropertyValueSpecification\",\"valueRequired\":true,\"valueName\":\"search_term_string\"}}],\"inLanguage\":\"es\"},{\"@type\":\"Organization\",\"@id\":\"https:\\\/\\\/artelatz.eus\\\/#organization\",\"name\":\"Artelatz Ingurugiro Zerbitzuak\",\"url\":\"https:\\\/\\\/artelatz.eus\\\/\",\"logo\":{\"@type\":\"ImageObject\",\"inLanguage\":\"es\",\"@id\":\"https:\\\/\\\/artelatz.eus\\\/#\\\/schema\\\/logo\\\/image\\\/\",\"url\":\"https:\\\/\\\/artelatz.eus\\\/wp-content\\\/uploads\\\/2019\\\/03\\\/Artelatz_logo.png\",\"contentUrl\":\"https:\\\/\\\/artelatz.eus\\\/wp-content\\\/uploads\\\/2019\\\/03\\\/Artelatz_logo.png\",\"width\":200,\"height\":87,\"caption\":\"Artelatz Ingurugiro Zerbitzuak\"},\"image\":{\"@id\":\"https:\\\/\\\/artelatz.eus\\\/#\\\/schema\\\/logo\\\/image\\\/\"},\"sameAs\":[\"https:\\\/\\\/www.facebook.com\\\/Artelatz-143100262512937\\\/\",\"https:\\\/\\\/x.com\\\/artelatz_inguru\",\"https:\\\/\\\/www.youtube.com\\\/user\\\/artelatz\"]},{\"@type\":\"Person\",\"@id\":\"https:\\\/\\\/artelatz.eus\\\/#\\\/schema\\\/person\\\/6202ce685bb722b36e5f968e6c52f435\",\"name\":\"Artelatz\",\"image\":{\"@type\":\"ImageObject\",\"inLanguage\":\"es\",\"@id\":\"https:\\\/\\\/secure.gravatar.com\\\/avatar\\\/ddd422a1cc366c3c23fd9ee2a4694f17bedb940c173c5feecc948da3e7ed3f04?s=96&d=mm&r=g\",\"url\":\"https:\\\/\\\/secure.gravatar.com\\\/avatar\\\/ddd422a1cc366c3c23fd9ee2a4694f17bedb940c173c5feecc948da3e7ed3f04?s=96&d=mm&r=g\",\"contentUrl\":\"https:\\\/\\\/secure.gravatar.com\\\/avatar\\\/ddd422a1cc366c3c23fd9ee2a4694f17bedb940c173c5feecc948da3e7ed3f04?s=96&d=mm&r=g\",\"caption\":\"Artelatz\"},\"sameAs\":[\"https:\\\/\\\/artelatz.eus\\\/\"]}]}<\/script>\n<!-- \/ Yoast SEO plugin. -->","yoast_head_json":{"title":"Lasarte-Oria celebr\u00f3 la Semana Verde &#8226; Artelatz","robots":{"index":"index","follow":"follow","max-snippet":"max-snippet:-1","max-image-preview":"max-image-preview:large","max-video-preview":"max-video-preview:-1"},"canonical":"https:\/\/artelatz.eus\/es\/2012\/07\/lasarte-oria-celebro-la-semana-verde-2\/","og_locale":"es_ES","og_type":"article","og_title":"Lasarte-Oria celebr\u00f3 la Semana Verde &#8226; Artelatz","og_description":"&nbsp; A principios de junio, con motivo del D\u00eda Mundial del Medio Ambiente, que se celebra el 5 de junio, Artelatz coordin\u00f3 la Semana Verde de Lasarte-Oria con el Ayuntamiento de la localidad bajo el lema \u00abEconom\u00eda verde: \u00bfte incluye a ti?\u00bb. Los lasarte-oriatarras tuvieron la oportunidad de tomar parte en multitud de actividades relacionadas [&hellip;]","og_url":"https:\/\/artelatz.eus\/es\/2012\/07\/lasarte-oria-celebro-la-semana-verde-2\/","og_site_name":"Artelatz","article_publisher":"https:\/\/www.facebook.com\/Artelatz-143100262512937\/","article_published_time":"2012-07-02T09:51:56+00:00","article_modified_time":"2019-03-20T12:47:59+00:00","og_image":[{"width":610,"height":366,"url":"https:\/\/artelatz.eus\/wp-content\/uploads\/2012\/07\/190.jpg","type":"image\/jpeg"}],"author":"Artelatz","twitter_card":"summary_large_image","twitter_creator":"@artelatz_inguru","twitter_site":"@artelatz_inguru","twitter_misc":{"Escrito por":"Artelatz","Tiempo de lectura":"1 minuto"},"schema":{"@context":"https:\/\/schema.org","@graph":[{"@type":"Article","@id":"https:\/\/artelatz.eus\/es\/2012\/07\/lasarte-oria-celebro-la-semana-verde-2\/#article","isPartOf":{"@id":"https:\/\/artelatz.eus\/es\/2012\/07\/lasarte-oria-celebro-la-semana-verde-2\/"},"author":{"name":"Artelatz","@id":"https:\/\/artelatz.eus\/#\/schema\/person\/6202ce685bb722b36e5f968e6c52f435"},"headline":"Lasarte-Oria celebr\u00f3 la Semana Verde","datePublished":"2012-07-02T09:51:56+00:00","dateModified":"2019-03-20T12:47:59+00:00","mainEntityOfPage":{"@id":"https:\/\/artelatz.eus\/es\/2012\/07\/lasarte-oria-celebro-la-semana-verde-2\/"},"wordCount":155,"commentCount":0,"publisher":{"@id":"https:\/\/artelatz.eus\/#organization"},"image":{"@id":"https:\/\/artelatz.eus\/es\/2012\/07\/lasarte-oria-celebro-la-semana-verde-2\/#primaryimage"},"thumbnailUrl":"https:\/\/artelatz.eus\/wp-content\/uploads\/2012\/07\/190.jpg","articleSection":["Educaci\u00f3n medioambiental"],"inLanguage":"es","potentialAction":[{"@type":"CommentAction","name":"Comment","target":["https:\/\/artelatz.eus\/es\/2012\/07\/lasarte-oria-celebro-la-semana-verde-2\/#respond"]}]},{"@type":"WebPage","@id":"https:\/\/artelatz.eus\/es\/2012\/07\/lasarte-oria-celebro-la-semana-verde-2\/","url":"https:\/\/artelatz.eus\/es\/2012\/07\/lasarte-oria-celebro-la-semana-verde-2\/","name":"Lasarte-Oria celebr\u00f3 la Semana Verde &#8226; Artelatz","isPartOf":{"@id":"https:\/\/artelatz.eus\/#website"},"primaryImageOfPage":{"@id":"https:\/\/artelatz.eus\/es\/2012\/07\/lasarte-oria-celebro-la-semana-verde-2\/#primaryimage"},"image":{"@id":"https:\/\/artelatz.eus\/es\/2012\/07\/lasarte-oria-celebro-la-semana-verde-2\/#primaryimage"},"thumbnailUrl":"https:\/\/artelatz.eus\/wp-content\/uploads\/2012\/07\/190.jpg","datePublished":"2012-07-02T09:51:56+00:00","dateModified":"2019-03-20T12:47:59+00:00","breadcrumb":{"@id":"https:\/\/artelatz.eus\/es\/2012\/07\/lasarte-oria-celebro-la-semana-verde-2\/#breadcrumb"},"inLanguage":"es","potentialAction":[{"@type":"ReadAction","target":["https:\/\/artelatz.eus\/es\/2012\/07\/lasarte-oria-celebro-la-semana-verde-2\/"]}]},{"@type":"ImageObject","inLanguage":"es","@id":"https:\/\/artelatz.eus\/es\/2012\/07\/lasarte-oria-celebro-la-semana-verde-2\/#primaryimage","url":"https:\/\/artelatz.eus\/wp-content\/uploads\/2012\/07\/190.jpg","contentUrl":"https:\/\/artelatz.eus\/wp-content\/uploads\/2012\/07\/190.jpg","width":610,"height":366},{"@type":"BreadcrumbList","@id":"https:\/\/artelatz.eus\/es\/2012\/07\/lasarte-oria-celebro-la-semana-verde-2\/#breadcrumb","itemListElement":[{"@type":"ListItem","position":1,"name":"Home","item":"https:\/\/artelatz.eus\/es\/"},{"@type":"ListItem","position":2,"name":"Lasarte-Oria celebr\u00f3 la Semana Verde"}]},{"@type":"WebSite","@id":"https:\/\/artelatz.eus\/#website","url":"https:\/\/artelatz.eus\/","name":"Artelatz","description":"Ingurumen zerbitzuak","publisher":{"@id":"https:\/\/artelatz.eus\/#organization"},"potentialAction":[{"@type":"SearchAction","target":{"@type":"EntryPoint","urlTemplate":"https:\/\/artelatz.eus\/?s={search_term_string}"},"query-input":{"@type":"PropertyValueSpecification","valueRequired":true,"valueName":"search_term_string"}}],"inLanguage":"es"},{"@type":"Organization","@id":"https:\/\/artelatz.eus\/#organization","name":"Artelatz Ingurugiro Zerbitzuak","url":"https:\/\/artelatz.eus\/","logo":{"@type":"ImageObject","inLanguage":"es","@id":"https:\/\/artelatz.eus\/#\/schema\/logo\/image\/","url":"https:\/\/artelatz.eus\/wp-content\/uploads\/2019\/03\/Artelatz_logo.png","contentUrl":"https:\/\/artelatz.eus\/wp-content\/uploads\/2019\/03\/Artelatz_logo.png","width":200,"height":87,"caption":"Artelatz Ingurugiro Zerbitzuak"},"image":{"@id":"https:\/\/artelatz.eus\/#\/schema\/logo\/image\/"},"sameAs":["https:\/\/www.facebook.com\/Artelatz-143100262512937\/","https:\/\/x.com\/artelatz_inguru","https:\/\/www.youtube.com\/user\/artelatz"]},{"@type":"Person","@id":"https:\/\/artelatz.eus\/#\/schema\/person\/6202ce685bb722b36e5f968e6c52f435","name":"Artelatz","image":{"@type":"ImageObject","inLanguage":"es","@id":"https:\/\/secure.gravatar.com\/avatar\/ddd422a1cc366c3c23fd9ee2a4694f17bedb940c173c5feecc948da3e7ed3f04?s=96&d=mm&r=g","url":"https:\/\/secure.gravatar.com\/avatar\/ddd422a1cc366c3c23fd9ee2a4694f17bedb940c173c5feecc948da3e7ed3f04?s=96&d=mm&r=g","contentUrl":"https:\/\/secure.gravatar.com\/avatar\/ddd422a1cc366c3c23fd9ee2a4694f17bedb940c173c5feecc948da3e7ed3f04?s=96&d=mm&r=g","caption":"Artelatz"},"sameAs":["https:\/\/artelatz.eus\/"]}]}},"_links":{"self":[{"href":"https:\/\/artelatz.eus\/es\/wp-json\/wp\/v2\/posts\/401","targetHints":{"allow":["GET"]}}],"collection":[{"href":"https:\/\/artelatz.eus\/es\/wp-json\/wp\/v2\/posts"}],"about":[{"href":"https:\/\/artelatz.eus\/es\/wp-json\/wp\/v2\/types\/post"}],"author":[{"embeddable":true,"href":"https:\/\/artelatz.eus\/es\/wp-json\/wp\/v2\/users\/2"}],"replies":[{"embeddable":true,"href":"https:\/\/artelatz.eus\/es\/wp-json\/wp\/v2\/comments?post=401"}],"version-history":[{"count":1,"href":"https:\/\/artelatz.eus\/es\/wp-json\/wp\/v2\/posts\/401\/revisions"}],"predecessor-version":[{"id":6109,"href":"https:\/\/artelatz.eus\/es\/wp-json\/wp\/v2\/posts\/401\/revisions\/6109"}],"wp:featuredmedia":[{"embeddable":true,"href":"https:\/\/artelatz.eus\/es\/wp-json\/wp\/v2\/media\/6166"}],"wp:attachment":[{"href":"https:\/\/artelatz.eus\/es\/wp-json\/wp\/v2\/media?parent=401"}],"wp:term":[{"taxonomy":"category","embeddable":true,"href":"https:\/\/artelatz.eus\/es\/wp-json\/wp\/v2\/categories?post=401"},{"taxonomy":"post_tag","embeddable":true,"href":"https:\/\/artelatz.eus\/es\/wp-json\/wp\/v2\/tags?post=401"}],"curies":[{"name":"wp","href":"https:\/\/api.w.org\/{rel}","templated":true}]}}