{"id":3820,"date":"2017-12-05T12:21:48","date_gmt":"2017-12-05T11:21:48","guid":{"rendered":"http:\/\/artelatz.eus\/?p=3820"},"modified":"2019-03-20T09:52:48","modified_gmt":"2019-03-20T08:52:48","slug":"arranca-el-programa-escolar-hondakinak-kitto-de-la-mano-de-la-mancomunidad-de-sasieta","status":"publish","type":"post","link":"https:\/\/artelatz.eus\/es\/2017\/12\/arranca-el-programa-escolar-hondakinak-kitto-de-la-mano-de-la-mancomunidad-de-sasieta\/","title":{"rendered":"Arranca el programa escolar \u201cHondakinak kitto\u201d de la mano de la Mancomunidad de Sasieta"},"content":{"rendered":"<p>En esta campa\u00f1a participan 72\u00a0 grupos escolares con 1.400 alumnos de 30 centros.<\/p>\n<p>El 6 de noviembre arranc\u00f3 el programa de educaci\u00f3n ambiental \u201cHondakinak kitto\u201d dirigido a los centros escolares de ense\u00f1anza primaria y secundaria de Goierri y Alto Urola. Esta ser\u00e1 la sexta edici\u00f3n y se desarrollar\u00e1 hasta el 19 de diciembre en los centros escolares de los municipios que componen la Mancomunidad.<\/p>\n<p>Los objetivos principales de esta campa\u00f1a dirigida a profesores y alumnos son concienciar sobre la importancia de generar menos residuos, incentivar la reutilizaci\u00f3n y profundizar en el reciclaje, insistiendo en esta \u00faltima parte en la separaci\u00f3n selectiva de los residuos recogidos en el contenedor amarillo, ya que es la l\u00ednea que mayores dudas genera.<\/p>\n<p>Se han realizado con los grupos de alumnos de Educaci\u00f3n Primaria dos sesiones de la mano de expertos educadores ambientales de Artelatz, donde adem\u00e1s de proporcionar informaci\u00f3n se ha trabajado\u00a0 el tema mediante juegos. Con los alumnos de Educaci\u00f3n Secundaria se ha profundizado en la relaci\u00f3n entre el consumo y la generaci\u00f3n de residuos, siempre desde el punto de vista de los j\u00f3venes.<\/p>\n<p><strong>Iniciativas complementarias para fomentar el reciclaje de vidrio<\/strong><\/p>\n<p>Asimismo, la Mancomunidad de Sasieta junto con la entidad Ecovidrio realizar\u00e1 otras dos actuaciones m\u00e1s. La primera la desarrollamos en noviembre; una pareja de educadores ambientales ha estado circulando por las calles de algunos municipios y con la ayuda de un triciclo especial ha proporcionado informaci\u00f3n a los ciudadanos sobre c\u00f3mo reciclar m\u00e1s y mejor los envases de vidrio. Han estado en seis municipios: Lazkao, Beasain, Ordizia, Urretxu, Legazpi y Zumarraga.<\/p>\n<p>Por otra parte, hemos realizado una campa\u00f1a especial en Beasain, Urretxu y Zumarraga para fomentar el reciclaje de envases de vidrio en el sector de la hosteler\u00eda. Se ha visitado todos los establecimientos, proporcionando informaci\u00f3n y recursos materiales para la separaci\u00f3n selectiva.<\/p>\n","protected":false},"excerpt":{"rendered":"<p>En esta campa\u00f1a participan 72\u00a0 grupos escolares con 1.400 alumnos de 30 centros. El 6 de noviembre arranc\u00f3 el programa de educaci\u00f3n ambiental \u201cHondakinak kitto\u201d dirigido a los centros escolares de ense\u00f1anza primaria y secundaria de Goierri y Alto Urola. Esta ser\u00e1 la sexta edici\u00f3n y se desarrollar\u00e1 hasta el 19 de diciembre en los [&hellip;]<\/p>\n","protected":false},"author":2,"featured_media":5594,"comment_status":"open","ping_status":"open","sticky":false,"template":"","format":"standard","meta":{"_et_pb_use_builder":"","_et_pb_old_content":"","_et_gb_content_width":"","footnotes":""},"categories":[50,51],"tags":[],"class_list":["post-3820","post","type-post","status-publish","format-standard","has-post-thumbnail","hentry","category-educacion-medioambiental","category-residuos"],"yoast_head":"<!-- This site is optimized with the Yoast SEO plugin v27.3 - https:\/\/yoast.com\/product\/yoast-seo-wordpress\/ -->\n<title>Arranca el programa escolar \u201cHondakinak kitto\u201d de la mano de la Mancomunidad de Sasieta &#8226; Artelatz<\/title>\n<meta name=\"robots\" content=\"index, follow, max-snippet:-1, max-image-preview:large, max-video-preview:-1\" \/>\n<link rel=\"canonical\" href=\"https:\/\/artelatz.eus\/es\/2017\/12\/arranca-el-programa-escolar-hondakinak-kitto-de-la-mano-de-la-mancomunidad-de-sasieta\/\" \/>\n<meta property=\"og:locale\" content=\"es_ES\" \/>\n<meta property=\"og:type\" content=\"article\" \/>\n<meta property=\"og:title\" content=\"Arranca el programa escolar \u201cHondakinak kitto\u201d de la mano de la Mancomunidad de Sasieta &#8226; Artelatz\" \/>\n<meta property=\"og:description\" content=\"En esta campa\u00f1a participan 72\u00a0 grupos escolares con 1.400 alumnos de 30 centros. El 6 de noviembre arranc\u00f3 el programa de educaci\u00f3n ambiental \u201cHondakinak kitto\u201d dirigido a los centros escolares de ense\u00f1anza primaria y secundaria de Goierri y Alto Urola. Esta ser\u00e1 la sexta edici\u00f3n y se desarrollar\u00e1 hasta el 19 de diciembre en los [&hellip;]\" \/>\n<meta property=\"og:url\" content=\"https:\/\/artelatz.eus\/es\/2017\/12\/arranca-el-programa-escolar-hondakinak-kitto-de-la-mano-de-la-mancomunidad-de-sasieta\/\" \/>\n<meta property=\"og:site_name\" content=\"Artelatz\" \/>\n<meta property=\"article:publisher\" content=\"https:\/\/www.facebook.com\/Artelatz-143100262512937\/\" \/>\n<meta property=\"article:published_time\" content=\"2017-12-05T11:21:48+00:00\" \/>\n<meta property=\"article:modified_time\" content=\"2019-03-20T08:52:48+00:00\" \/>\n<meta property=\"og:image\" content=\"https:\/\/artelatz.eus\/wp-content\/uploads\/2017\/12\/17.jpg\" \/>\n\t<meta property=\"og:image:width\" content=\"610\" \/>\n\t<meta property=\"og:image:height\" content=\"457\" \/>\n\t<meta property=\"og:image:type\" content=\"image\/jpeg\" \/>\n<meta name=\"author\" content=\"Artelatz\" \/>\n<meta name=\"twitter:card\" content=\"summary_large_image\" \/>\n<meta name=\"twitter:creator\" content=\"@artelatz_inguru\" \/>\n<meta name=\"twitter:site\" content=\"@artelatz_inguru\" \/>\n<meta name=\"twitter:label1\" content=\"Escrito por\" \/>\n\t<meta name=\"twitter:data1\" content=\"Artelatz\" \/>\n\t<meta name=\"twitter:label2\" content=\"Tiempo de lectura\" \/>\n\t<meta name=\"twitter:data2\" content=\"2 minutos\" \/>\n<script type=\"application\/ld+json\" class=\"yoast-schema-graph\">{\"@context\":\"https:\\\/\\\/schema.org\",\"@graph\":[{\"@type\":\"Article\",\"@id\":\"https:\\\/\\\/artelatz.eus\\\/es\\\/2017\\\/12\\\/arranca-el-programa-escolar-hondakinak-kitto-de-la-mano-de-la-mancomunidad-de-sasieta\\\/#article\",\"isPartOf\":{\"@id\":\"https:\\\/\\\/artelatz.eus\\\/es\\\/2017\\\/12\\\/arranca-el-programa-escolar-hondakinak-kitto-de-la-mano-de-la-mancomunidad-de-sasieta\\\/\"},\"author\":{\"name\":\"Artelatz\",\"@id\":\"https:\\\/\\\/artelatz.eus\\\/#\\\/schema\\\/person\\\/6202ce685bb722b36e5f968e6c52f435\"},\"headline\":\"Arranca el programa escolar \u201cHondakinak kitto\u201d de la mano de la Mancomunidad de Sasieta\",\"datePublished\":\"2017-12-05T11:21:48+00:00\",\"dateModified\":\"2019-03-20T08:52:48+00:00\",\"mainEntityOfPage\":{\"@id\":\"https:\\\/\\\/artelatz.eus\\\/es\\\/2017\\\/12\\\/arranca-el-programa-escolar-hondakinak-kitto-de-la-mano-de-la-mancomunidad-de-sasieta\\\/\"},\"wordCount\":334,\"commentCount\":0,\"publisher\":{\"@id\":\"https:\\\/\\\/artelatz.eus\\\/#organization\"},\"image\":{\"@id\":\"https:\\\/\\\/artelatz.eus\\\/es\\\/2017\\\/12\\\/arranca-el-programa-escolar-hondakinak-kitto-de-la-mano-de-la-mancomunidad-de-sasieta\\\/#primaryimage\"},\"thumbnailUrl\":\"https:\\\/\\\/artelatz.eus\\\/wp-content\\\/uploads\\\/2017\\\/12\\\/17.jpg\",\"articleSection\":[\"Educaci\u00f3n medioambiental\",\"Residuos\"],\"inLanguage\":\"es\",\"potentialAction\":[{\"@type\":\"CommentAction\",\"name\":\"Comment\",\"target\":[\"https:\\\/\\\/artelatz.eus\\\/es\\\/2017\\\/12\\\/arranca-el-programa-escolar-hondakinak-kitto-de-la-mano-de-la-mancomunidad-de-sasieta\\\/#respond\"]}]},{\"@type\":\"WebPage\",\"@id\":\"https:\\\/\\\/artelatz.eus\\\/es\\\/2017\\\/12\\\/arranca-el-programa-escolar-hondakinak-kitto-de-la-mano-de-la-mancomunidad-de-sasieta\\\/\",\"url\":\"https:\\\/\\\/artelatz.eus\\\/es\\\/2017\\\/12\\\/arranca-el-programa-escolar-hondakinak-kitto-de-la-mano-de-la-mancomunidad-de-sasieta\\\/\",\"name\":\"Arranca el programa escolar \u201cHondakinak kitto\u201d de la mano de la Mancomunidad de Sasieta &#8226; Artelatz\",\"isPartOf\":{\"@id\":\"https:\\\/\\\/artelatz.eus\\\/#website\"},\"primaryImageOfPage\":{\"@id\":\"https:\\\/\\\/artelatz.eus\\\/es\\\/2017\\\/12\\\/arranca-el-programa-escolar-hondakinak-kitto-de-la-mano-de-la-mancomunidad-de-sasieta\\\/#primaryimage\"},\"image\":{\"@id\":\"https:\\\/\\\/artelatz.eus\\\/es\\\/2017\\\/12\\\/arranca-el-programa-escolar-hondakinak-kitto-de-la-mano-de-la-mancomunidad-de-sasieta\\\/#primaryimage\"},\"thumbnailUrl\":\"https:\\\/\\\/artelatz.eus\\\/wp-content\\\/uploads\\\/2017\\\/12\\\/17.jpg\",\"datePublished\":\"2017-12-05T11:21:48+00:00\",\"dateModified\":\"2019-03-20T08:52:48+00:00\",\"breadcrumb\":{\"@id\":\"https:\\\/\\\/artelatz.eus\\\/es\\\/2017\\\/12\\\/arranca-el-programa-escolar-hondakinak-kitto-de-la-mano-de-la-mancomunidad-de-sasieta\\\/#breadcrumb\"},\"inLanguage\":\"es\",\"potentialAction\":[{\"@type\":\"ReadAction\",\"target\":[\"https:\\\/\\\/artelatz.eus\\\/es\\\/2017\\\/12\\\/arranca-el-programa-escolar-hondakinak-kitto-de-la-mano-de-la-mancomunidad-de-sasieta\\\/\"]}]},{\"@type\":\"ImageObject\",\"inLanguage\":\"es\",\"@id\":\"https:\\\/\\\/artelatz.eus\\\/es\\\/2017\\\/12\\\/arranca-el-programa-escolar-hondakinak-kitto-de-la-mano-de-la-mancomunidad-de-sasieta\\\/#primaryimage\",\"url\":\"https:\\\/\\\/artelatz.eus\\\/wp-content\\\/uploads\\\/2017\\\/12\\\/17.jpg\",\"contentUrl\":\"https:\\\/\\\/artelatz.eus\\\/wp-content\\\/uploads\\\/2017\\\/12\\\/17.jpg\",\"width\":610,\"height\":457},{\"@type\":\"BreadcrumbList\",\"@id\":\"https:\\\/\\\/artelatz.eus\\\/es\\\/2017\\\/12\\\/arranca-el-programa-escolar-hondakinak-kitto-de-la-mano-de-la-mancomunidad-de-sasieta\\\/#breadcrumb\",\"itemListElement\":[{\"@type\":\"ListItem\",\"position\":1,\"name\":\"Home\",\"item\":\"https:\\\/\\\/artelatz.eus\\\/es\\\/\"},{\"@type\":\"ListItem\",\"position\":2,\"name\":\"Arranca el programa escolar \u201cHondakinak kitto\u201d de la mano de la Mancomunidad de Sasieta\"}]},{\"@type\":\"WebSite\",\"@id\":\"https:\\\/\\\/artelatz.eus\\\/#website\",\"url\":\"https:\\\/\\\/artelatz.eus\\\/\",\"name\":\"Artelatz\",\"description\":\"Ingurumen zerbitzuak\",\"publisher\":{\"@id\":\"https:\\\/\\\/artelatz.eus\\\/#organization\"},\"potentialAction\":[{\"@type\":\"SearchAction\",\"target\":{\"@type\":\"EntryPoint\",\"urlTemplate\":\"https:\\\/\\\/artelatz.eus\\\/?s={search_term_string}\"},\"query-input\":{\"@type\":\"PropertyValueSpecification\",\"valueRequired\":true,\"valueName\":\"search_term_string\"}}],\"inLanguage\":\"es\"},{\"@type\":\"Organization\",\"@id\":\"https:\\\/\\\/artelatz.eus\\\/#organization\",\"name\":\"Artelatz Ingurugiro Zerbitzuak\",\"url\":\"https:\\\/\\\/artelatz.eus\\\/\",\"logo\":{\"@type\":\"ImageObject\",\"inLanguage\":\"es\",\"@id\":\"https:\\\/\\\/artelatz.eus\\\/#\\\/schema\\\/logo\\\/image\\\/\",\"url\":\"https:\\\/\\\/artelatz.eus\\\/wp-content\\\/uploads\\\/2019\\\/03\\\/Artelatz_logo.png\",\"contentUrl\":\"https:\\\/\\\/artelatz.eus\\\/wp-content\\\/uploads\\\/2019\\\/03\\\/Artelatz_logo.png\",\"width\":200,\"height\":87,\"caption\":\"Artelatz Ingurugiro Zerbitzuak\"},\"image\":{\"@id\":\"https:\\\/\\\/artelatz.eus\\\/#\\\/schema\\\/logo\\\/image\\\/\"},\"sameAs\":[\"https:\\\/\\\/www.facebook.com\\\/Artelatz-143100262512937\\\/\",\"https:\\\/\\\/x.com\\\/artelatz_inguru\",\"https:\\\/\\\/www.youtube.com\\\/user\\\/artelatz\"]},{\"@type\":\"Person\",\"@id\":\"https:\\\/\\\/artelatz.eus\\\/#\\\/schema\\\/person\\\/6202ce685bb722b36e5f968e6c52f435\",\"name\":\"Artelatz\",\"image\":{\"@type\":\"ImageObject\",\"inLanguage\":\"es\",\"@id\":\"https:\\\/\\\/secure.gravatar.com\\\/avatar\\\/ddd422a1cc366c3c23fd9ee2a4694f17bedb940c173c5feecc948da3e7ed3f04?s=96&d=mm&r=g\",\"url\":\"https:\\\/\\\/secure.gravatar.com\\\/avatar\\\/ddd422a1cc366c3c23fd9ee2a4694f17bedb940c173c5feecc948da3e7ed3f04?s=96&d=mm&r=g\",\"contentUrl\":\"https:\\\/\\\/secure.gravatar.com\\\/avatar\\\/ddd422a1cc366c3c23fd9ee2a4694f17bedb940c173c5feecc948da3e7ed3f04?s=96&d=mm&r=g\",\"caption\":\"Artelatz\"},\"sameAs\":[\"https:\\\/\\\/artelatz.eus\\\/\"]}]}<\/script>\n<!-- \/ Yoast SEO plugin. -->","yoast_head_json":{"title":"Arranca el programa escolar \u201cHondakinak kitto\u201d de la mano de la Mancomunidad de Sasieta &#8226; Artelatz","robots":{"index":"index","follow":"follow","max-snippet":"max-snippet:-1","max-image-preview":"max-image-preview:large","max-video-preview":"max-video-preview:-1"},"canonical":"https:\/\/artelatz.eus\/es\/2017\/12\/arranca-el-programa-escolar-hondakinak-kitto-de-la-mano-de-la-mancomunidad-de-sasieta\/","og_locale":"es_ES","og_type":"article","og_title":"Arranca el programa escolar \u201cHondakinak kitto\u201d de la mano de la Mancomunidad de Sasieta &#8226; Artelatz","og_description":"En esta campa\u00f1a participan 72\u00a0 grupos escolares con 1.400 alumnos de 30 centros. El 6 de noviembre arranc\u00f3 el programa de educaci\u00f3n ambiental \u201cHondakinak kitto\u201d dirigido a los centros escolares de ense\u00f1anza primaria y secundaria de Goierri y Alto Urola. Esta ser\u00e1 la sexta edici\u00f3n y se desarrollar\u00e1 hasta el 19 de diciembre en los [&hellip;]","og_url":"https:\/\/artelatz.eus\/es\/2017\/12\/arranca-el-programa-escolar-hondakinak-kitto-de-la-mano-de-la-mancomunidad-de-sasieta\/","og_site_name":"Artelatz","article_publisher":"https:\/\/www.facebook.com\/Artelatz-143100262512937\/","article_published_time":"2017-12-05T11:21:48+00:00","article_modified_time":"2019-03-20T08:52:48+00:00","og_image":[{"width":610,"height":457,"url":"https:\/\/artelatz.eus\/wp-content\/uploads\/2017\/12\/17.jpg","type":"image\/jpeg"}],"author":"Artelatz","twitter_card":"summary_large_image","twitter_creator":"@artelatz_inguru","twitter_site":"@artelatz_inguru","twitter_misc":{"Escrito por":"Artelatz","Tiempo de lectura":"2 minutos"},"schema":{"@context":"https:\/\/schema.org","@graph":[{"@type":"Article","@id":"https:\/\/artelatz.eus\/es\/2017\/12\/arranca-el-programa-escolar-hondakinak-kitto-de-la-mano-de-la-mancomunidad-de-sasieta\/#article","isPartOf":{"@id":"https:\/\/artelatz.eus\/es\/2017\/12\/arranca-el-programa-escolar-hondakinak-kitto-de-la-mano-de-la-mancomunidad-de-sasieta\/"},"author":{"name":"Artelatz","@id":"https:\/\/artelatz.eus\/#\/schema\/person\/6202ce685bb722b36e5f968e6c52f435"},"headline":"Arranca el programa escolar \u201cHondakinak kitto\u201d de la mano de la Mancomunidad de Sasieta","datePublished":"2017-12-05T11:21:48+00:00","dateModified":"2019-03-20T08:52:48+00:00","mainEntityOfPage":{"@id":"https:\/\/artelatz.eus\/es\/2017\/12\/arranca-el-programa-escolar-hondakinak-kitto-de-la-mano-de-la-mancomunidad-de-sasieta\/"},"wordCount":334,"commentCount":0,"publisher":{"@id":"https:\/\/artelatz.eus\/#organization"},"image":{"@id":"https:\/\/artelatz.eus\/es\/2017\/12\/arranca-el-programa-escolar-hondakinak-kitto-de-la-mano-de-la-mancomunidad-de-sasieta\/#primaryimage"},"thumbnailUrl":"https:\/\/artelatz.eus\/wp-content\/uploads\/2017\/12\/17.jpg","articleSection":["Educaci\u00f3n medioambiental","Residuos"],"inLanguage":"es","potentialAction":[{"@type":"CommentAction","name":"Comment","target":["https:\/\/artelatz.eus\/es\/2017\/12\/arranca-el-programa-escolar-hondakinak-kitto-de-la-mano-de-la-mancomunidad-de-sasieta\/#respond"]}]},{"@type":"WebPage","@id":"https:\/\/artelatz.eus\/es\/2017\/12\/arranca-el-programa-escolar-hondakinak-kitto-de-la-mano-de-la-mancomunidad-de-sasieta\/","url":"https:\/\/artelatz.eus\/es\/2017\/12\/arranca-el-programa-escolar-hondakinak-kitto-de-la-mano-de-la-mancomunidad-de-sasieta\/","name":"Arranca el programa escolar \u201cHondakinak kitto\u201d de la mano de la Mancomunidad de Sasieta &#8226; Artelatz","isPartOf":{"@id":"https:\/\/artelatz.eus\/#website"},"primaryImageOfPage":{"@id":"https:\/\/artelatz.eus\/es\/2017\/12\/arranca-el-programa-escolar-hondakinak-kitto-de-la-mano-de-la-mancomunidad-de-sasieta\/#primaryimage"},"image":{"@id":"https:\/\/artelatz.eus\/es\/2017\/12\/arranca-el-programa-escolar-hondakinak-kitto-de-la-mano-de-la-mancomunidad-de-sasieta\/#primaryimage"},"thumbnailUrl":"https:\/\/artelatz.eus\/wp-content\/uploads\/2017\/12\/17.jpg","datePublished":"2017-12-05T11:21:48+00:00","dateModified":"2019-03-20T08:52:48+00:00","breadcrumb":{"@id":"https:\/\/artelatz.eus\/es\/2017\/12\/arranca-el-programa-escolar-hondakinak-kitto-de-la-mano-de-la-mancomunidad-de-sasieta\/#breadcrumb"},"inLanguage":"es","potentialAction":[{"@type":"ReadAction","target":["https:\/\/artelatz.eus\/es\/2017\/12\/arranca-el-programa-escolar-hondakinak-kitto-de-la-mano-de-la-mancomunidad-de-sasieta\/"]}]},{"@type":"ImageObject","inLanguage":"es","@id":"https:\/\/artelatz.eus\/es\/2017\/12\/arranca-el-programa-escolar-hondakinak-kitto-de-la-mano-de-la-mancomunidad-de-sasieta\/#primaryimage","url":"https:\/\/artelatz.eus\/wp-content\/uploads\/2017\/12\/17.jpg","contentUrl":"https:\/\/artelatz.eus\/wp-content\/uploads\/2017\/12\/17.jpg","width":610,"height":457},{"@type":"BreadcrumbList","@id":"https:\/\/artelatz.eus\/es\/2017\/12\/arranca-el-programa-escolar-hondakinak-kitto-de-la-mano-de-la-mancomunidad-de-sasieta\/#breadcrumb","itemListElement":[{"@type":"ListItem","position":1,"name":"Home","item":"https:\/\/artelatz.eus\/es\/"},{"@type":"ListItem","position":2,"name":"Arranca el programa escolar \u201cHondakinak kitto\u201d de la mano de la Mancomunidad de Sasieta"}]},{"@type":"WebSite","@id":"https:\/\/artelatz.eus\/#website","url":"https:\/\/artelatz.eus\/","name":"Artelatz","description":"Ingurumen zerbitzuak","publisher":{"@id":"https:\/\/artelatz.eus\/#organization"},"potentialAction":[{"@type":"SearchAction","target":{"@type":"EntryPoint","urlTemplate":"https:\/\/artelatz.eus\/?s={search_term_string}"},"query-input":{"@type":"PropertyValueSpecification","valueRequired":true,"valueName":"search_term_string"}}],"inLanguage":"es"},{"@type":"Organization","@id":"https:\/\/artelatz.eus\/#organization","name":"Artelatz Ingurugiro Zerbitzuak","url":"https:\/\/artelatz.eus\/","logo":{"@type":"ImageObject","inLanguage":"es","@id":"https:\/\/artelatz.eus\/#\/schema\/logo\/image\/","url":"https:\/\/artelatz.eus\/wp-content\/uploads\/2019\/03\/Artelatz_logo.png","contentUrl":"https:\/\/artelatz.eus\/wp-content\/uploads\/2019\/03\/Artelatz_logo.png","width":200,"height":87,"caption":"Artelatz Ingurugiro Zerbitzuak"},"image":{"@id":"https:\/\/artelatz.eus\/#\/schema\/logo\/image\/"},"sameAs":["https:\/\/www.facebook.com\/Artelatz-143100262512937\/","https:\/\/x.com\/artelatz_inguru","https:\/\/www.youtube.com\/user\/artelatz"]},{"@type":"Person","@id":"https:\/\/artelatz.eus\/#\/schema\/person\/6202ce685bb722b36e5f968e6c52f435","name":"Artelatz","image":{"@type":"ImageObject","inLanguage":"es","@id":"https:\/\/secure.gravatar.com\/avatar\/ddd422a1cc366c3c23fd9ee2a4694f17bedb940c173c5feecc948da3e7ed3f04?s=96&d=mm&r=g","url":"https:\/\/secure.gravatar.com\/avatar\/ddd422a1cc366c3c23fd9ee2a4694f17bedb940c173c5feecc948da3e7ed3f04?s=96&d=mm&r=g","contentUrl":"https:\/\/secure.gravatar.com\/avatar\/ddd422a1cc366c3c23fd9ee2a4694f17bedb940c173c5feecc948da3e7ed3f04?s=96&d=mm&r=g","caption":"Artelatz"},"sameAs":["https:\/\/artelatz.eus\/"]}]}},"_links":{"self":[{"href":"https:\/\/artelatz.eus\/es\/wp-json\/wp\/v2\/posts\/3820","targetHints":{"allow":["GET"]}}],"collection":[{"href":"https:\/\/artelatz.eus\/es\/wp-json\/wp\/v2\/posts"}],"about":[{"href":"https:\/\/artelatz.eus\/es\/wp-json\/wp\/v2\/types\/post"}],"author":[{"embeddable":true,"href":"https:\/\/artelatz.eus\/es\/wp-json\/wp\/v2\/users\/2"}],"replies":[{"embeddable":true,"href":"https:\/\/artelatz.eus\/es\/wp-json\/wp\/v2\/comments?post=3820"}],"version-history":[{"count":1,"href":"https:\/\/artelatz.eus\/es\/wp-json\/wp\/v2\/posts\/3820\/revisions"}],"predecessor-version":[{"id":5394,"href":"https:\/\/artelatz.eus\/es\/wp-json\/wp\/v2\/posts\/3820\/revisions\/5394"}],"wp:featuredmedia":[{"embeddable":true,"href":"https:\/\/artelatz.eus\/es\/wp-json\/wp\/v2\/media\/5594"}],"wp:attachment":[{"href":"https:\/\/artelatz.eus\/es\/wp-json\/wp\/v2\/media?parent=3820"}],"wp:term":[{"taxonomy":"category","embeddable":true,"href":"https:\/\/artelatz.eus\/es\/wp-json\/wp\/v2\/categories?post=3820"},{"taxonomy":"post_tag","embeddable":true,"href":"https:\/\/artelatz.eus\/es\/wp-json\/wp\/v2\/tags?post=3820"}],"curies":[{"name":"wp","href":"https:\/\/api.w.org\/{rel}","templated":true}]}}