{"id":381,"date":"2012-09-09T10:45:04","date_gmt":"2012-09-09T09:45:04","guid":{"rendered":"https:\/\/artelatz.eus\/2012\/09\/el-contenedor-marron-llega-a-eibar-elgoibar-ermua-y-soraluze-2\/"},"modified":"2019-03-20T13:51:21","modified_gmt":"2019-03-20T12:51:21","slug":"el-contenedor-marron-llega-a-eibar-elgoibar-ermua-y-soraluze-2","status":"publish","type":"post","link":"https:\/\/artelatz.eus\/es\/2012\/09\/el-contenedor-marron-llega-a-eibar-elgoibar-ermua-y-soraluze-2\/","title":{"rendered":"El contenedor marr\u00f3n llega a Eibar, Elgoibar, Ermua y Soraluze"},"content":{"rendered":"<p style=\"text-align: justify;\"><em>Cerca de 59.000 habitantes de la Mancomunidad de Debabarrena podr\u00e1n tomar parte en la recogida selectiva de bioresiduos gracias a esta experiencia<\/em><\/p>\n<p>&nbsp;<\/p>\n<div style=\"text-align: justify;\">En su apuesta por el cuidado del Medio Ambiente,<a href=\"http:\/\/debabarrena.net\/\" target=\"_blank\" rel=\"noopener noreferrer\"> la Mancomunidad Comarcal de Debabarrena<\/a> extiende el sistema de recogida de biorresiduos a las localidades de Eibar, Elgoibar, Ermua y Soraluce. Despu\u00e9s de una primera experiencia piloto que tuvo una buena acogida, el contenedor marr\u00f3n se implantar\u00e1 en los citados municipios, escalonadamente, ofreciendo a cerca de 59.000 vecinos -unas 22.000 familias- la posibilidad de contribuir al cuidado del Medio Ambiente mediante la recogida selectiva de los residuos org\u00e1nicos. En un primer momento, la experiencia se habilitar\u00e1 en Eibar y Elgoibar para, posteriormente en octubre llevarla a Ermua y, en noviembre, a Soraluce.<\/div>\n<p>&nbsp;<\/p>\n<p style=\"text-align: justify;\">Se estima que, aproximadamente el 43% de los residuos que se generan en cada domicilio particular son de car\u00e1cter org\u00e1nico, es decir, debidamente seleccionados, depositados en las bolsas biodegradables y en los contenedores marrones podr\u00edan convertirse en compost, en abono. Concretamente, se trata de residuos de origen vegetal \u2013 frutas, verduras, legumbres, hortalizas, pastas, flores, etc-; de origen animal \u2013carne, huevo, pescado, marisco y sus c\u00e1scaras o huesos- as\u00ed como papel de cocina, servilletas y pa\u00f1uelos de papel; hueveras; filtros de caf\u00e9; restos de pan y boller\u00eda y tapones de corcho natural o palillos.<\/p>\n<p style=\"text-align: justify;\">La recogida de este tipo de residuos se realizar\u00e1 de una forma sencilla: las personas que se apunten recibir\u00e1n de forma completamente gratuita en su domicilio un kit compuesto por un cubo peque\u00f1o de color marr\u00f3n, unas bolsas biodegradables \u2013 no sirven las bolsas de pl\u00e1stico normales-; un folleto informativo y una llave especial para abrir el contenedor marr\u00f3n situado en la calle. Al tratarse de un contenedor que siempre est\u00e1 cerrado, es necesario disponer de la informaci\u00f3n adecuada para hacer la recogida y de la llave especial para acceder a este servicio.<\/p>\n<p><em>Gracias a la participaci\u00f3n de la ciudadan\u00eda se obtendr\u00e1 un compost de calidad que servir\u00e1 como abono. <\/em><\/p>\n<p><em>\u00bfQuieres leer la noticia completa? <a class=\"jce_file\" title=\"Pincha aqu\u00ed\" href=\"http:\/\/debabarrena.net\/noticias\/el-contenedor-marron-llega-a-eibar-elgoibar-ermua-y-soraluce\" target=\"_blank\" rel=\"noopener noreferrer\">Pincha aqu\u00ed<\/a><br \/>\n<\/em><br \/>\n&nbsp;<br \/>\n&nbsp;<\/p>\n","protected":false},"excerpt":{"rendered":"<p>Cerca de 59.000 habitantes de la Mancomunidad de Debabarrena podr\u00e1n tomar parte en la recogida selectiva de bioresiduos gracias a esta experiencia &nbsp; En su apuesta por el cuidado del Medio Ambiente, la Mancomunidad Comarcal de Debabarrena extiende el sistema de recogida de biorresiduos a las localidades de Eibar, Elgoibar, Ermua y Soraluce. Despu\u00e9s de [&hellip;]<\/p>\n","protected":false},"author":2,"featured_media":6184,"comment_status":"open","ping_status":"open","sticky":false,"template":"","format":"standard","meta":{"_et_pb_use_builder":"","_et_pb_old_content":"","_et_gb_content_width":"","footnotes":""},"categories":[51],"tags":[],"class_list":["post-381","post","type-post","status-publish","format-standard","has-post-thumbnail","hentry","category-residuos"],"yoast_head":"<!-- This site is optimized with the Yoast SEO plugin v27.3 - https:\/\/yoast.com\/product\/yoast-seo-wordpress\/ -->\n<title>El contenedor marr\u00f3n llega a Eibar, Elgoibar, Ermua y Soraluze &#8226; Artelatz<\/title>\n<meta name=\"robots\" content=\"index, follow, max-snippet:-1, max-image-preview:large, max-video-preview:-1\" \/>\n<link rel=\"canonical\" href=\"https:\/\/artelatz.eus\/es\/2012\/09\/el-contenedor-marron-llega-a-eibar-elgoibar-ermua-y-soraluze-2\/\" \/>\n<meta property=\"og:locale\" content=\"es_ES\" \/>\n<meta property=\"og:type\" content=\"article\" \/>\n<meta property=\"og:title\" content=\"El contenedor marr\u00f3n llega a Eibar, Elgoibar, Ermua y Soraluze &#8226; Artelatz\" \/>\n<meta property=\"og:description\" content=\"Cerca de 59.000 habitantes de la Mancomunidad de Debabarrena podr\u00e1n tomar parte en la recogida selectiva de bioresiduos gracias a esta experiencia &nbsp; En su apuesta por el cuidado del Medio Ambiente, la Mancomunidad Comarcal de Debabarrena extiende el sistema de recogida de biorresiduos a las localidades de Eibar, Elgoibar, Ermua y Soraluce. Despu\u00e9s de [&hellip;]\" \/>\n<meta property=\"og:url\" content=\"https:\/\/artelatz.eus\/es\/2012\/09\/el-contenedor-marron-llega-a-eibar-elgoibar-ermua-y-soraluze-2\/\" \/>\n<meta property=\"og:site_name\" content=\"Artelatz\" \/>\n<meta property=\"article:publisher\" content=\"https:\/\/www.facebook.com\/Artelatz-143100262512937\/\" \/>\n<meta property=\"article:published_time\" content=\"2012-09-09T09:45:04+00:00\" \/>\n<meta property=\"article:modified_time\" content=\"2019-03-20T12:51:21+00:00\" \/>\n<meta property=\"og:image\" content=\"https:\/\/artelatz.eus\/wp-content\/uploads\/2012\/09\/195.jpg\" \/>\n\t<meta property=\"og:image:width\" content=\"610\" \/>\n\t<meta property=\"og:image:height\" content=\"369\" \/>\n\t<meta property=\"og:image:type\" content=\"image\/jpeg\" \/>\n<meta name=\"author\" content=\"Artelatz\" \/>\n<meta name=\"twitter:card\" content=\"summary_large_image\" \/>\n<meta name=\"twitter:creator\" content=\"@artelatz_inguru\" \/>\n<meta name=\"twitter:site\" content=\"@artelatz_inguru\" \/>\n<meta name=\"twitter:label1\" content=\"Escrito por\" \/>\n\t<meta name=\"twitter:data1\" content=\"Artelatz\" \/>\n\t<meta name=\"twitter:label2\" content=\"Tiempo de lectura\" \/>\n\t<meta name=\"twitter:data2\" content=\"2 minutos\" \/>\n<script type=\"application\/ld+json\" class=\"yoast-schema-graph\">{\"@context\":\"https:\\\/\\\/schema.org\",\"@graph\":[{\"@type\":\"Article\",\"@id\":\"https:\\\/\\\/artelatz.eus\\\/es\\\/2012\\\/09\\\/el-contenedor-marron-llega-a-eibar-elgoibar-ermua-y-soraluze-2\\\/#article\",\"isPartOf\":{\"@id\":\"https:\\\/\\\/artelatz.eus\\\/es\\\/2012\\\/09\\\/el-contenedor-marron-llega-a-eibar-elgoibar-ermua-y-soraluze-2\\\/\"},\"author\":{\"name\":\"Artelatz\",\"@id\":\"https:\\\/\\\/artelatz.eus\\\/#\\\/schema\\\/person\\\/6202ce685bb722b36e5f968e6c52f435\"},\"headline\":\"El contenedor marr\u00f3n llega a Eibar, Elgoibar, Ermua y Soraluze\",\"datePublished\":\"2012-09-09T09:45:04+00:00\",\"dateModified\":\"2019-03-20T12:51:21+00:00\",\"mainEntityOfPage\":{\"@id\":\"https:\\\/\\\/artelatz.eus\\\/es\\\/2012\\\/09\\\/el-contenedor-marron-llega-a-eibar-elgoibar-ermua-y-soraluze-2\\\/\"},\"wordCount\":361,\"commentCount\":0,\"publisher\":{\"@id\":\"https:\\\/\\\/artelatz.eus\\\/#organization\"},\"image\":{\"@id\":\"https:\\\/\\\/artelatz.eus\\\/es\\\/2012\\\/09\\\/el-contenedor-marron-llega-a-eibar-elgoibar-ermua-y-soraluze-2\\\/#primaryimage\"},\"thumbnailUrl\":\"https:\\\/\\\/artelatz.eus\\\/wp-content\\\/uploads\\\/2012\\\/09\\\/195.jpg\",\"articleSection\":[\"Residuos\"],\"inLanguage\":\"es\",\"potentialAction\":[{\"@type\":\"CommentAction\",\"name\":\"Comment\",\"target\":[\"https:\\\/\\\/artelatz.eus\\\/es\\\/2012\\\/09\\\/el-contenedor-marron-llega-a-eibar-elgoibar-ermua-y-soraluze-2\\\/#respond\"]}]},{\"@type\":\"WebPage\",\"@id\":\"https:\\\/\\\/artelatz.eus\\\/es\\\/2012\\\/09\\\/el-contenedor-marron-llega-a-eibar-elgoibar-ermua-y-soraluze-2\\\/\",\"url\":\"https:\\\/\\\/artelatz.eus\\\/es\\\/2012\\\/09\\\/el-contenedor-marron-llega-a-eibar-elgoibar-ermua-y-soraluze-2\\\/\",\"name\":\"El contenedor marr\u00f3n llega a Eibar, Elgoibar, Ermua y Soraluze &#8226; Artelatz\",\"isPartOf\":{\"@id\":\"https:\\\/\\\/artelatz.eus\\\/#website\"},\"primaryImageOfPage\":{\"@id\":\"https:\\\/\\\/artelatz.eus\\\/es\\\/2012\\\/09\\\/el-contenedor-marron-llega-a-eibar-elgoibar-ermua-y-soraluze-2\\\/#primaryimage\"},\"image\":{\"@id\":\"https:\\\/\\\/artelatz.eus\\\/es\\\/2012\\\/09\\\/el-contenedor-marron-llega-a-eibar-elgoibar-ermua-y-soraluze-2\\\/#primaryimage\"},\"thumbnailUrl\":\"https:\\\/\\\/artelatz.eus\\\/wp-content\\\/uploads\\\/2012\\\/09\\\/195.jpg\",\"datePublished\":\"2012-09-09T09:45:04+00:00\",\"dateModified\":\"2019-03-20T12:51:21+00:00\",\"breadcrumb\":{\"@id\":\"https:\\\/\\\/artelatz.eus\\\/es\\\/2012\\\/09\\\/el-contenedor-marron-llega-a-eibar-elgoibar-ermua-y-soraluze-2\\\/#breadcrumb\"},\"inLanguage\":\"es\",\"potentialAction\":[{\"@type\":\"ReadAction\",\"target\":[\"https:\\\/\\\/artelatz.eus\\\/es\\\/2012\\\/09\\\/el-contenedor-marron-llega-a-eibar-elgoibar-ermua-y-soraluze-2\\\/\"]}]},{\"@type\":\"ImageObject\",\"inLanguage\":\"es\",\"@id\":\"https:\\\/\\\/artelatz.eus\\\/es\\\/2012\\\/09\\\/el-contenedor-marron-llega-a-eibar-elgoibar-ermua-y-soraluze-2\\\/#primaryimage\",\"url\":\"https:\\\/\\\/artelatz.eus\\\/wp-content\\\/uploads\\\/2012\\\/09\\\/195.jpg\",\"contentUrl\":\"https:\\\/\\\/artelatz.eus\\\/wp-content\\\/uploads\\\/2012\\\/09\\\/195.jpg\",\"width\":610,\"height\":369},{\"@type\":\"BreadcrumbList\",\"@id\":\"https:\\\/\\\/artelatz.eus\\\/es\\\/2012\\\/09\\\/el-contenedor-marron-llega-a-eibar-elgoibar-ermua-y-soraluze-2\\\/#breadcrumb\",\"itemListElement\":[{\"@type\":\"ListItem\",\"position\":1,\"name\":\"Home\",\"item\":\"https:\\\/\\\/artelatz.eus\\\/es\\\/\"},{\"@type\":\"ListItem\",\"position\":2,\"name\":\"El contenedor marr\u00f3n llega a Eibar, Elgoibar, Ermua y Soraluze\"}]},{\"@type\":\"WebSite\",\"@id\":\"https:\\\/\\\/artelatz.eus\\\/#website\",\"url\":\"https:\\\/\\\/artelatz.eus\\\/\",\"name\":\"Artelatz\",\"description\":\"Ingurumen zerbitzuak\",\"publisher\":{\"@id\":\"https:\\\/\\\/artelatz.eus\\\/#organization\"},\"potentialAction\":[{\"@type\":\"SearchAction\",\"target\":{\"@type\":\"EntryPoint\",\"urlTemplate\":\"https:\\\/\\\/artelatz.eus\\\/?s={search_term_string}\"},\"query-input\":{\"@type\":\"PropertyValueSpecification\",\"valueRequired\":true,\"valueName\":\"search_term_string\"}}],\"inLanguage\":\"es\"},{\"@type\":\"Organization\",\"@id\":\"https:\\\/\\\/artelatz.eus\\\/#organization\",\"name\":\"Artelatz Ingurugiro Zerbitzuak\",\"url\":\"https:\\\/\\\/artelatz.eus\\\/\",\"logo\":{\"@type\":\"ImageObject\",\"inLanguage\":\"es\",\"@id\":\"https:\\\/\\\/artelatz.eus\\\/#\\\/schema\\\/logo\\\/image\\\/\",\"url\":\"https:\\\/\\\/artelatz.eus\\\/wp-content\\\/uploads\\\/2019\\\/03\\\/Artelatz_logo.png\",\"contentUrl\":\"https:\\\/\\\/artelatz.eus\\\/wp-content\\\/uploads\\\/2019\\\/03\\\/Artelatz_logo.png\",\"width\":200,\"height\":87,\"caption\":\"Artelatz Ingurugiro Zerbitzuak\"},\"image\":{\"@id\":\"https:\\\/\\\/artelatz.eus\\\/#\\\/schema\\\/logo\\\/image\\\/\"},\"sameAs\":[\"https:\\\/\\\/www.facebook.com\\\/Artelatz-143100262512937\\\/\",\"https:\\\/\\\/x.com\\\/artelatz_inguru\",\"https:\\\/\\\/www.youtube.com\\\/user\\\/artelatz\"]},{\"@type\":\"Person\",\"@id\":\"https:\\\/\\\/artelatz.eus\\\/#\\\/schema\\\/person\\\/6202ce685bb722b36e5f968e6c52f435\",\"name\":\"Artelatz\",\"image\":{\"@type\":\"ImageObject\",\"inLanguage\":\"es\",\"@id\":\"https:\\\/\\\/secure.gravatar.com\\\/avatar\\\/ddd422a1cc366c3c23fd9ee2a4694f17bedb940c173c5feecc948da3e7ed3f04?s=96&d=mm&r=g\",\"url\":\"https:\\\/\\\/secure.gravatar.com\\\/avatar\\\/ddd422a1cc366c3c23fd9ee2a4694f17bedb940c173c5feecc948da3e7ed3f04?s=96&d=mm&r=g\",\"contentUrl\":\"https:\\\/\\\/secure.gravatar.com\\\/avatar\\\/ddd422a1cc366c3c23fd9ee2a4694f17bedb940c173c5feecc948da3e7ed3f04?s=96&d=mm&r=g\",\"caption\":\"Artelatz\"},\"sameAs\":[\"https:\\\/\\\/artelatz.eus\\\/\"]}]}<\/script>\n<!-- \/ Yoast SEO plugin. -->","yoast_head_json":{"title":"El contenedor marr\u00f3n llega a Eibar, Elgoibar, Ermua y Soraluze &#8226; Artelatz","robots":{"index":"index","follow":"follow","max-snippet":"max-snippet:-1","max-image-preview":"max-image-preview:large","max-video-preview":"max-video-preview:-1"},"canonical":"https:\/\/artelatz.eus\/es\/2012\/09\/el-contenedor-marron-llega-a-eibar-elgoibar-ermua-y-soraluze-2\/","og_locale":"es_ES","og_type":"article","og_title":"El contenedor marr\u00f3n llega a Eibar, Elgoibar, Ermua y Soraluze &#8226; Artelatz","og_description":"Cerca de 59.000 habitantes de la Mancomunidad de Debabarrena podr\u00e1n tomar parte en la recogida selectiva de bioresiduos gracias a esta experiencia &nbsp; En su apuesta por el cuidado del Medio Ambiente, la Mancomunidad Comarcal de Debabarrena extiende el sistema de recogida de biorresiduos a las localidades de Eibar, Elgoibar, Ermua y Soraluce. Despu\u00e9s de [&hellip;]","og_url":"https:\/\/artelatz.eus\/es\/2012\/09\/el-contenedor-marron-llega-a-eibar-elgoibar-ermua-y-soraluze-2\/","og_site_name":"Artelatz","article_publisher":"https:\/\/www.facebook.com\/Artelatz-143100262512937\/","article_published_time":"2012-09-09T09:45:04+00:00","article_modified_time":"2019-03-20T12:51:21+00:00","og_image":[{"width":610,"height":369,"url":"https:\/\/artelatz.eus\/wp-content\/uploads\/2012\/09\/195.jpg","type":"image\/jpeg"}],"author":"Artelatz","twitter_card":"summary_large_image","twitter_creator":"@artelatz_inguru","twitter_site":"@artelatz_inguru","twitter_misc":{"Escrito por":"Artelatz","Tiempo de lectura":"2 minutos"},"schema":{"@context":"https:\/\/schema.org","@graph":[{"@type":"Article","@id":"https:\/\/artelatz.eus\/es\/2012\/09\/el-contenedor-marron-llega-a-eibar-elgoibar-ermua-y-soraluze-2\/#article","isPartOf":{"@id":"https:\/\/artelatz.eus\/es\/2012\/09\/el-contenedor-marron-llega-a-eibar-elgoibar-ermua-y-soraluze-2\/"},"author":{"name":"Artelatz","@id":"https:\/\/artelatz.eus\/#\/schema\/person\/6202ce685bb722b36e5f968e6c52f435"},"headline":"El contenedor marr\u00f3n llega a Eibar, Elgoibar, Ermua y Soraluze","datePublished":"2012-09-09T09:45:04+00:00","dateModified":"2019-03-20T12:51:21+00:00","mainEntityOfPage":{"@id":"https:\/\/artelatz.eus\/es\/2012\/09\/el-contenedor-marron-llega-a-eibar-elgoibar-ermua-y-soraluze-2\/"},"wordCount":361,"commentCount":0,"publisher":{"@id":"https:\/\/artelatz.eus\/#organization"},"image":{"@id":"https:\/\/artelatz.eus\/es\/2012\/09\/el-contenedor-marron-llega-a-eibar-elgoibar-ermua-y-soraluze-2\/#primaryimage"},"thumbnailUrl":"https:\/\/artelatz.eus\/wp-content\/uploads\/2012\/09\/195.jpg","articleSection":["Residuos"],"inLanguage":"es","potentialAction":[{"@type":"CommentAction","name":"Comment","target":["https:\/\/artelatz.eus\/es\/2012\/09\/el-contenedor-marron-llega-a-eibar-elgoibar-ermua-y-soraluze-2\/#respond"]}]},{"@type":"WebPage","@id":"https:\/\/artelatz.eus\/es\/2012\/09\/el-contenedor-marron-llega-a-eibar-elgoibar-ermua-y-soraluze-2\/","url":"https:\/\/artelatz.eus\/es\/2012\/09\/el-contenedor-marron-llega-a-eibar-elgoibar-ermua-y-soraluze-2\/","name":"El contenedor marr\u00f3n llega a Eibar, Elgoibar, Ermua y Soraluze &#8226; Artelatz","isPartOf":{"@id":"https:\/\/artelatz.eus\/#website"},"primaryImageOfPage":{"@id":"https:\/\/artelatz.eus\/es\/2012\/09\/el-contenedor-marron-llega-a-eibar-elgoibar-ermua-y-soraluze-2\/#primaryimage"},"image":{"@id":"https:\/\/artelatz.eus\/es\/2012\/09\/el-contenedor-marron-llega-a-eibar-elgoibar-ermua-y-soraluze-2\/#primaryimage"},"thumbnailUrl":"https:\/\/artelatz.eus\/wp-content\/uploads\/2012\/09\/195.jpg","datePublished":"2012-09-09T09:45:04+00:00","dateModified":"2019-03-20T12:51:21+00:00","breadcrumb":{"@id":"https:\/\/artelatz.eus\/es\/2012\/09\/el-contenedor-marron-llega-a-eibar-elgoibar-ermua-y-soraluze-2\/#breadcrumb"},"inLanguage":"es","potentialAction":[{"@type":"ReadAction","target":["https:\/\/artelatz.eus\/es\/2012\/09\/el-contenedor-marron-llega-a-eibar-elgoibar-ermua-y-soraluze-2\/"]}]},{"@type":"ImageObject","inLanguage":"es","@id":"https:\/\/artelatz.eus\/es\/2012\/09\/el-contenedor-marron-llega-a-eibar-elgoibar-ermua-y-soraluze-2\/#primaryimage","url":"https:\/\/artelatz.eus\/wp-content\/uploads\/2012\/09\/195.jpg","contentUrl":"https:\/\/artelatz.eus\/wp-content\/uploads\/2012\/09\/195.jpg","width":610,"height":369},{"@type":"BreadcrumbList","@id":"https:\/\/artelatz.eus\/es\/2012\/09\/el-contenedor-marron-llega-a-eibar-elgoibar-ermua-y-soraluze-2\/#breadcrumb","itemListElement":[{"@type":"ListItem","position":1,"name":"Home","item":"https:\/\/artelatz.eus\/es\/"},{"@type":"ListItem","position":2,"name":"El contenedor marr\u00f3n llega a Eibar, Elgoibar, Ermua y Soraluze"}]},{"@type":"WebSite","@id":"https:\/\/artelatz.eus\/#website","url":"https:\/\/artelatz.eus\/","name":"Artelatz","description":"Ingurumen zerbitzuak","publisher":{"@id":"https:\/\/artelatz.eus\/#organization"},"potentialAction":[{"@type":"SearchAction","target":{"@type":"EntryPoint","urlTemplate":"https:\/\/artelatz.eus\/?s={search_term_string}"},"query-input":{"@type":"PropertyValueSpecification","valueRequired":true,"valueName":"search_term_string"}}],"inLanguage":"es"},{"@type":"Organization","@id":"https:\/\/artelatz.eus\/#organization","name":"Artelatz Ingurugiro Zerbitzuak","url":"https:\/\/artelatz.eus\/","logo":{"@type":"ImageObject","inLanguage":"es","@id":"https:\/\/artelatz.eus\/#\/schema\/logo\/image\/","url":"https:\/\/artelatz.eus\/wp-content\/uploads\/2019\/03\/Artelatz_logo.png","contentUrl":"https:\/\/artelatz.eus\/wp-content\/uploads\/2019\/03\/Artelatz_logo.png","width":200,"height":87,"caption":"Artelatz Ingurugiro Zerbitzuak"},"image":{"@id":"https:\/\/artelatz.eus\/#\/schema\/logo\/image\/"},"sameAs":["https:\/\/www.facebook.com\/Artelatz-143100262512937\/","https:\/\/x.com\/artelatz_inguru","https:\/\/www.youtube.com\/user\/artelatz"]},{"@type":"Person","@id":"https:\/\/artelatz.eus\/#\/schema\/person\/6202ce685bb722b36e5f968e6c52f435","name":"Artelatz","image":{"@type":"ImageObject","inLanguage":"es","@id":"https:\/\/secure.gravatar.com\/avatar\/ddd422a1cc366c3c23fd9ee2a4694f17bedb940c173c5feecc948da3e7ed3f04?s=96&d=mm&r=g","url":"https:\/\/secure.gravatar.com\/avatar\/ddd422a1cc366c3c23fd9ee2a4694f17bedb940c173c5feecc948da3e7ed3f04?s=96&d=mm&r=g","contentUrl":"https:\/\/secure.gravatar.com\/avatar\/ddd422a1cc366c3c23fd9ee2a4694f17bedb940c173c5feecc948da3e7ed3f04?s=96&d=mm&r=g","caption":"Artelatz"},"sameAs":["https:\/\/artelatz.eus\/"]}]}},"_links":{"self":[{"href":"https:\/\/artelatz.eus\/es\/wp-json\/wp\/v2\/posts\/381","targetHints":{"allow":["GET"]}}],"collection":[{"href":"https:\/\/artelatz.eus\/es\/wp-json\/wp\/v2\/posts"}],"about":[{"href":"https:\/\/artelatz.eus\/es\/wp-json\/wp\/v2\/types\/post"}],"author":[{"embeddable":true,"href":"https:\/\/artelatz.eus\/es\/wp-json\/wp\/v2\/users\/2"}],"replies":[{"embeddable":true,"href":"https:\/\/artelatz.eus\/es\/wp-json\/wp\/v2\/comments?post=381"}],"version-history":[{"count":1,"href":"https:\/\/artelatz.eus\/es\/wp-json\/wp\/v2\/posts\/381\/revisions"}],"predecessor-version":[{"id":6105,"href":"https:\/\/artelatz.eus\/es\/wp-json\/wp\/v2\/posts\/381\/revisions\/6105"}],"wp:featuredmedia":[{"embeddable":true,"href":"https:\/\/artelatz.eus\/es\/wp-json\/wp\/v2\/media\/6184"}],"wp:attachment":[{"href":"https:\/\/artelatz.eus\/es\/wp-json\/wp\/v2\/media?parent=381"}],"wp:term":[{"taxonomy":"category","embeddable":true,"href":"https:\/\/artelatz.eus\/es\/wp-json\/wp\/v2\/categories?post=381"},{"taxonomy":"post_tag","embeddable":true,"href":"https:\/\/artelatz.eus\/es\/wp-json\/wp\/v2\/tags?post=381"}],"curies":[{"name":"wp","href":"https:\/\/api.w.org\/{rel}","templated":true}]}}