{"id":3789,"date":"2017-11-06T12:35:15","date_gmt":"2017-11-06T11:35:15","guid":{"rendered":"http:\/\/artelatz.eus\/es\/?p=3789"},"modified":"2019-03-20T10:03:46","modified_gmt":"2019-03-20T09:03:46","slug":"excelente-acogida-de-la-campana-birziklik-en-la-mancomunidad-de-san-marcos","status":"publish","type":"post","link":"https:\/\/artelatz.eus\/es\/2017\/11\/excelente-acogida-de-la-campana-birziklik-en-la-mancomunidad-de-san-marcos\/","title":{"rendered":"Excelente acogida de la campa\u00f1a Birziklik en la Mancomunidad de San Marcos"},"content":{"rendered":"<p><strong>14.000 personas se han acercado a la novedosa y llamativa instalaci\u00f3n de la campa\u00f1a BIRZIKLIK. <\/strong><\/p>\n<p>La Mancomunidad de San Marcos, Ecoembes y Ecovidrio han celebrado la campa\u00f1a Birziklik con el objetivo de concienciar en torno al reciclaje a la poblaci\u00f3n de los 10 municipios de la Mancomunidad desde el 29 de\u00a0septiembre hasta el 15 de octubre. Se ha desarrollado en tres municipios de\u00a0los 10 que integran la Mancomunidad: Donostia-San Sebasti\u00e1n, Pasaia-Trintxerpe y Errenteria. \u00a0A la hora de dise\u00f1ar la\u00a0campa\u00f1a se ha optado por un juego de palabras consistente en la combinaci\u00f3n entre \u201cbirziklatu\u201d y hacer \u201cklik\u201d y\u00a0 es que la din\u00e1mica seleccionada en esta ocasi\u00f3n ha estado relacionada con la fotograf\u00eda, la ruleta y la mezcla entre\u00a0una actividad de calle y el entorno digital.\u00a0Al igual que en anteriores acciones de sensibilizaci\u00f3n ciudadana, se ha querido captar la atenci\u00f3n de la poblaci\u00f3n\u00a0mediante una llamativa instalaci\u00f3n en la que las y los viandantes han podido participar de diferentes maneras. Para ello se ha ubicado, a pie de calle, una cabina rotulada con la informaci\u00f3n relacionada con la correcta separaci\u00f3n de\u00a0envases de pl\u00e1stico, met\u00e1licos y tipo brik, as\u00ed como los envases de vidrio, papel y cart\u00f3n. Se han utilizado paneles informativos, audiovisuales, juegos, hacer fotografias <em>in situ<\/em> que se visualizaban en una gran pantalla\u2026 Tres educadores-animadores se han encargado de la dinamizaci\u00f3n.\u00a0 Adem\u00e1s se han buzoneado 135.000 ejemplares del tr\u00edptico informativo de la campa\u00f1a en todos los hogares de los diez municipios de la Mancomunidad (Astigarraga, Donostia-San Sebasti\u00e1n, Errenteria, Hernani,\u00a0 Lasarte-Oria, Lezo, Oiartzun, Pasaia, Urnieta, Usurbil). La campa\u00f1a ha contado con la estrecha colaboraci\u00f3n de la secci\u00f3n\u00a0femenina de balonmano del Club Bera Bera.<\/p>\n","protected":false},"excerpt":{"rendered":"<p>14.000 personas se han acercado a la novedosa y llamativa instalaci\u00f3n de la campa\u00f1a BIRZIKLIK. La Mancomunidad de San Marcos, Ecoembes y Ecovidrio han celebrado la campa\u00f1a Birziklik con el objetivo de concienciar en torno al reciclaje a la poblaci\u00f3n de los 10 municipios de la Mancomunidad desde el 29 de\u00a0septiembre hasta el 15 de [&hellip;]<\/p>\n","protected":false},"author":2,"featured_media":5612,"comment_status":"open","ping_status":"open","sticky":false,"template":"","format":"standard","meta":{"_et_pb_use_builder":"","_et_pb_old_content":"","_et_gb_content_width":"","footnotes":""},"categories":[50,51],"tags":[],"class_list":["post-3789","post","type-post","status-publish","format-standard","has-post-thumbnail","hentry","category-educacion-medioambiental","category-residuos"],"yoast_head":"<!-- This site is optimized with the Yoast SEO plugin v27.3 - https:\/\/yoast.com\/product\/yoast-seo-wordpress\/ -->\n<title>Excelente acogida de la campa\u00f1a Birziklik en la Mancomunidad de San Marcos &#8226; Artelatz<\/title>\n<meta name=\"robots\" content=\"index, follow, max-snippet:-1, max-image-preview:large, max-video-preview:-1\" \/>\n<link rel=\"canonical\" href=\"https:\/\/artelatz.eus\/es\/2017\/11\/excelente-acogida-de-la-campana-birziklik-en-la-mancomunidad-de-san-marcos\/\" \/>\n<meta property=\"og:locale\" content=\"es_ES\" \/>\n<meta property=\"og:type\" content=\"article\" \/>\n<meta property=\"og:title\" content=\"Excelente acogida de la campa\u00f1a Birziklik en la Mancomunidad de San Marcos &#8226; Artelatz\" \/>\n<meta property=\"og:description\" content=\"14.000 personas se han acercado a la novedosa y llamativa instalaci\u00f3n de la campa\u00f1a BIRZIKLIK. La Mancomunidad de San Marcos, Ecoembes y Ecovidrio han celebrado la campa\u00f1a Birziklik con el objetivo de concienciar en torno al reciclaje a la poblaci\u00f3n de los 10 municipios de la Mancomunidad desde el 29 de\u00a0septiembre hasta el 15 de [&hellip;]\" \/>\n<meta property=\"og:url\" content=\"https:\/\/artelatz.eus\/es\/2017\/11\/excelente-acogida-de-la-campana-birziklik-en-la-mancomunidad-de-san-marcos\/\" \/>\n<meta property=\"og:site_name\" content=\"Artelatz\" \/>\n<meta property=\"article:publisher\" content=\"https:\/\/www.facebook.com\/Artelatz-143100262512937\/\" \/>\n<meta property=\"article:published_time\" content=\"2017-11-06T11:35:15+00:00\" \/>\n<meta property=\"article:modified_time\" content=\"2019-03-20T09:03:46+00:00\" \/>\n<meta property=\"og:image\" content=\"https:\/\/artelatz.eus\/wp-content\/uploads\/2017\/11\/23.jpg\" \/>\n\t<meta property=\"og:image:width\" content=\"610\" \/>\n\t<meta property=\"og:image:height\" content=\"457\" \/>\n\t<meta property=\"og:image:type\" content=\"image\/jpeg\" \/>\n<meta name=\"author\" content=\"Artelatz\" \/>\n<meta name=\"twitter:card\" content=\"summary_large_image\" \/>\n<meta name=\"twitter:creator\" content=\"@artelatz_inguru\" \/>\n<meta name=\"twitter:site\" content=\"@artelatz_inguru\" \/>\n<meta name=\"twitter:label1\" content=\"Escrito por\" \/>\n\t<meta name=\"twitter:data1\" content=\"Artelatz\" \/>\n\t<meta name=\"twitter:label2\" content=\"Tiempo de lectura\" \/>\n\t<meta name=\"twitter:data2\" content=\"2 minutos\" \/>\n<script type=\"application\/ld+json\" class=\"yoast-schema-graph\">{\"@context\":\"https:\\\/\\\/schema.org\",\"@graph\":[{\"@type\":\"Article\",\"@id\":\"https:\\\/\\\/artelatz.eus\\\/es\\\/2017\\\/11\\\/excelente-acogida-de-la-campana-birziklik-en-la-mancomunidad-de-san-marcos\\\/#article\",\"isPartOf\":{\"@id\":\"https:\\\/\\\/artelatz.eus\\\/es\\\/2017\\\/11\\\/excelente-acogida-de-la-campana-birziklik-en-la-mancomunidad-de-san-marcos\\\/\"},\"author\":{\"name\":\"Artelatz\",\"@id\":\"https:\\\/\\\/artelatz.eus\\\/#\\\/schema\\\/person\\\/6202ce685bb722b36e5f968e6c52f435\"},\"headline\":\"Excelente acogida de la campa\u00f1a Birziklik en la Mancomunidad de San Marcos\",\"datePublished\":\"2017-11-06T11:35:15+00:00\",\"dateModified\":\"2019-03-20T09:03:46+00:00\",\"mainEntityOfPage\":{\"@id\":\"https:\\\/\\\/artelatz.eus\\\/es\\\/2017\\\/11\\\/excelente-acogida-de-la-campana-birziklik-en-la-mancomunidad-de-san-marcos\\\/\"},\"wordCount\":313,\"commentCount\":0,\"publisher\":{\"@id\":\"https:\\\/\\\/artelatz.eus\\\/#organization\"},\"image\":{\"@id\":\"https:\\\/\\\/artelatz.eus\\\/es\\\/2017\\\/11\\\/excelente-acogida-de-la-campana-birziklik-en-la-mancomunidad-de-san-marcos\\\/#primaryimage\"},\"thumbnailUrl\":\"https:\\\/\\\/artelatz.eus\\\/wp-content\\\/uploads\\\/2017\\\/11\\\/23.jpg\",\"articleSection\":[\"Educaci\u00f3n medioambiental\",\"Residuos\"],\"inLanguage\":\"es\",\"potentialAction\":[{\"@type\":\"CommentAction\",\"name\":\"Comment\",\"target\":[\"https:\\\/\\\/artelatz.eus\\\/es\\\/2017\\\/11\\\/excelente-acogida-de-la-campana-birziklik-en-la-mancomunidad-de-san-marcos\\\/#respond\"]}]},{\"@type\":\"WebPage\",\"@id\":\"https:\\\/\\\/artelatz.eus\\\/es\\\/2017\\\/11\\\/excelente-acogida-de-la-campana-birziklik-en-la-mancomunidad-de-san-marcos\\\/\",\"url\":\"https:\\\/\\\/artelatz.eus\\\/es\\\/2017\\\/11\\\/excelente-acogida-de-la-campana-birziklik-en-la-mancomunidad-de-san-marcos\\\/\",\"name\":\"Excelente acogida de la campa\u00f1a Birziklik en la Mancomunidad de San Marcos &#8226; Artelatz\",\"isPartOf\":{\"@id\":\"https:\\\/\\\/artelatz.eus\\\/#website\"},\"primaryImageOfPage\":{\"@id\":\"https:\\\/\\\/artelatz.eus\\\/es\\\/2017\\\/11\\\/excelente-acogida-de-la-campana-birziklik-en-la-mancomunidad-de-san-marcos\\\/#primaryimage\"},\"image\":{\"@id\":\"https:\\\/\\\/artelatz.eus\\\/es\\\/2017\\\/11\\\/excelente-acogida-de-la-campana-birziklik-en-la-mancomunidad-de-san-marcos\\\/#primaryimage\"},\"thumbnailUrl\":\"https:\\\/\\\/artelatz.eus\\\/wp-content\\\/uploads\\\/2017\\\/11\\\/23.jpg\",\"datePublished\":\"2017-11-06T11:35:15+00:00\",\"dateModified\":\"2019-03-20T09:03:46+00:00\",\"breadcrumb\":{\"@id\":\"https:\\\/\\\/artelatz.eus\\\/es\\\/2017\\\/11\\\/excelente-acogida-de-la-campana-birziklik-en-la-mancomunidad-de-san-marcos\\\/#breadcrumb\"},\"inLanguage\":\"es\",\"potentialAction\":[{\"@type\":\"ReadAction\",\"target\":[\"https:\\\/\\\/artelatz.eus\\\/es\\\/2017\\\/11\\\/excelente-acogida-de-la-campana-birziklik-en-la-mancomunidad-de-san-marcos\\\/\"]}]},{\"@type\":\"ImageObject\",\"inLanguage\":\"es\",\"@id\":\"https:\\\/\\\/artelatz.eus\\\/es\\\/2017\\\/11\\\/excelente-acogida-de-la-campana-birziklik-en-la-mancomunidad-de-san-marcos\\\/#primaryimage\",\"url\":\"https:\\\/\\\/artelatz.eus\\\/wp-content\\\/uploads\\\/2017\\\/11\\\/23.jpg\",\"contentUrl\":\"https:\\\/\\\/artelatz.eus\\\/wp-content\\\/uploads\\\/2017\\\/11\\\/23.jpg\",\"width\":610,\"height\":457},{\"@type\":\"BreadcrumbList\",\"@id\":\"https:\\\/\\\/artelatz.eus\\\/es\\\/2017\\\/11\\\/excelente-acogida-de-la-campana-birziklik-en-la-mancomunidad-de-san-marcos\\\/#breadcrumb\",\"itemListElement\":[{\"@type\":\"ListItem\",\"position\":1,\"name\":\"Home\",\"item\":\"https:\\\/\\\/artelatz.eus\\\/es\\\/\"},{\"@type\":\"ListItem\",\"position\":2,\"name\":\"Excelente acogida de la campa\u00f1a Birziklik en la Mancomunidad de San Marcos\"}]},{\"@type\":\"WebSite\",\"@id\":\"https:\\\/\\\/artelatz.eus\\\/#website\",\"url\":\"https:\\\/\\\/artelatz.eus\\\/\",\"name\":\"Artelatz\",\"description\":\"Ingurumen zerbitzuak\",\"publisher\":{\"@id\":\"https:\\\/\\\/artelatz.eus\\\/#organization\"},\"potentialAction\":[{\"@type\":\"SearchAction\",\"target\":{\"@type\":\"EntryPoint\",\"urlTemplate\":\"https:\\\/\\\/artelatz.eus\\\/?s={search_term_string}\"},\"query-input\":{\"@type\":\"PropertyValueSpecification\",\"valueRequired\":true,\"valueName\":\"search_term_string\"}}],\"inLanguage\":\"es\"},{\"@type\":\"Organization\",\"@id\":\"https:\\\/\\\/artelatz.eus\\\/#organization\",\"name\":\"Artelatz Ingurugiro Zerbitzuak\",\"url\":\"https:\\\/\\\/artelatz.eus\\\/\",\"logo\":{\"@type\":\"ImageObject\",\"inLanguage\":\"es\",\"@id\":\"https:\\\/\\\/artelatz.eus\\\/#\\\/schema\\\/logo\\\/image\\\/\",\"url\":\"https:\\\/\\\/artelatz.eus\\\/wp-content\\\/uploads\\\/2019\\\/03\\\/Artelatz_logo.png\",\"contentUrl\":\"https:\\\/\\\/artelatz.eus\\\/wp-content\\\/uploads\\\/2019\\\/03\\\/Artelatz_logo.png\",\"width\":200,\"height\":87,\"caption\":\"Artelatz Ingurugiro Zerbitzuak\"},\"image\":{\"@id\":\"https:\\\/\\\/artelatz.eus\\\/#\\\/schema\\\/logo\\\/image\\\/\"},\"sameAs\":[\"https:\\\/\\\/www.facebook.com\\\/Artelatz-143100262512937\\\/\",\"https:\\\/\\\/x.com\\\/artelatz_inguru\",\"https:\\\/\\\/www.youtube.com\\\/user\\\/artelatz\"]},{\"@type\":\"Person\",\"@id\":\"https:\\\/\\\/artelatz.eus\\\/#\\\/schema\\\/person\\\/6202ce685bb722b36e5f968e6c52f435\",\"name\":\"Artelatz\",\"image\":{\"@type\":\"ImageObject\",\"inLanguage\":\"es\",\"@id\":\"https:\\\/\\\/secure.gravatar.com\\\/avatar\\\/ddd422a1cc366c3c23fd9ee2a4694f17bedb940c173c5feecc948da3e7ed3f04?s=96&d=mm&r=g\",\"url\":\"https:\\\/\\\/secure.gravatar.com\\\/avatar\\\/ddd422a1cc366c3c23fd9ee2a4694f17bedb940c173c5feecc948da3e7ed3f04?s=96&d=mm&r=g\",\"contentUrl\":\"https:\\\/\\\/secure.gravatar.com\\\/avatar\\\/ddd422a1cc366c3c23fd9ee2a4694f17bedb940c173c5feecc948da3e7ed3f04?s=96&d=mm&r=g\",\"caption\":\"Artelatz\"},\"sameAs\":[\"https:\\\/\\\/artelatz.eus\\\/\"]}]}<\/script>\n<!-- \/ Yoast SEO plugin. -->","yoast_head_json":{"title":"Excelente acogida de la campa\u00f1a Birziklik en la Mancomunidad de San Marcos &#8226; Artelatz","robots":{"index":"index","follow":"follow","max-snippet":"max-snippet:-1","max-image-preview":"max-image-preview:large","max-video-preview":"max-video-preview:-1"},"canonical":"https:\/\/artelatz.eus\/es\/2017\/11\/excelente-acogida-de-la-campana-birziklik-en-la-mancomunidad-de-san-marcos\/","og_locale":"es_ES","og_type":"article","og_title":"Excelente acogida de la campa\u00f1a Birziklik en la Mancomunidad de San Marcos &#8226; Artelatz","og_description":"14.000 personas se han acercado a la novedosa y llamativa instalaci\u00f3n de la campa\u00f1a BIRZIKLIK. La Mancomunidad de San Marcos, Ecoembes y Ecovidrio han celebrado la campa\u00f1a Birziklik con el objetivo de concienciar en torno al reciclaje a la poblaci\u00f3n de los 10 municipios de la Mancomunidad desde el 29 de\u00a0septiembre hasta el 15 de [&hellip;]","og_url":"https:\/\/artelatz.eus\/es\/2017\/11\/excelente-acogida-de-la-campana-birziklik-en-la-mancomunidad-de-san-marcos\/","og_site_name":"Artelatz","article_publisher":"https:\/\/www.facebook.com\/Artelatz-143100262512937\/","article_published_time":"2017-11-06T11:35:15+00:00","article_modified_time":"2019-03-20T09:03:46+00:00","og_image":[{"width":610,"height":457,"url":"https:\/\/artelatz.eus\/wp-content\/uploads\/2017\/11\/23.jpg","type":"image\/jpeg"}],"author":"Artelatz","twitter_card":"summary_large_image","twitter_creator":"@artelatz_inguru","twitter_site":"@artelatz_inguru","twitter_misc":{"Escrito por":"Artelatz","Tiempo de lectura":"2 minutos"},"schema":{"@context":"https:\/\/schema.org","@graph":[{"@type":"Article","@id":"https:\/\/artelatz.eus\/es\/2017\/11\/excelente-acogida-de-la-campana-birziklik-en-la-mancomunidad-de-san-marcos\/#article","isPartOf":{"@id":"https:\/\/artelatz.eus\/es\/2017\/11\/excelente-acogida-de-la-campana-birziklik-en-la-mancomunidad-de-san-marcos\/"},"author":{"name":"Artelatz","@id":"https:\/\/artelatz.eus\/#\/schema\/person\/6202ce685bb722b36e5f968e6c52f435"},"headline":"Excelente acogida de la campa\u00f1a Birziklik en la Mancomunidad de San Marcos","datePublished":"2017-11-06T11:35:15+00:00","dateModified":"2019-03-20T09:03:46+00:00","mainEntityOfPage":{"@id":"https:\/\/artelatz.eus\/es\/2017\/11\/excelente-acogida-de-la-campana-birziklik-en-la-mancomunidad-de-san-marcos\/"},"wordCount":313,"commentCount":0,"publisher":{"@id":"https:\/\/artelatz.eus\/#organization"},"image":{"@id":"https:\/\/artelatz.eus\/es\/2017\/11\/excelente-acogida-de-la-campana-birziklik-en-la-mancomunidad-de-san-marcos\/#primaryimage"},"thumbnailUrl":"https:\/\/artelatz.eus\/wp-content\/uploads\/2017\/11\/23.jpg","articleSection":["Educaci\u00f3n medioambiental","Residuos"],"inLanguage":"es","potentialAction":[{"@type":"CommentAction","name":"Comment","target":["https:\/\/artelatz.eus\/es\/2017\/11\/excelente-acogida-de-la-campana-birziklik-en-la-mancomunidad-de-san-marcos\/#respond"]}]},{"@type":"WebPage","@id":"https:\/\/artelatz.eus\/es\/2017\/11\/excelente-acogida-de-la-campana-birziklik-en-la-mancomunidad-de-san-marcos\/","url":"https:\/\/artelatz.eus\/es\/2017\/11\/excelente-acogida-de-la-campana-birziklik-en-la-mancomunidad-de-san-marcos\/","name":"Excelente acogida de la campa\u00f1a Birziklik en la Mancomunidad de San Marcos &#8226; Artelatz","isPartOf":{"@id":"https:\/\/artelatz.eus\/#website"},"primaryImageOfPage":{"@id":"https:\/\/artelatz.eus\/es\/2017\/11\/excelente-acogida-de-la-campana-birziklik-en-la-mancomunidad-de-san-marcos\/#primaryimage"},"image":{"@id":"https:\/\/artelatz.eus\/es\/2017\/11\/excelente-acogida-de-la-campana-birziklik-en-la-mancomunidad-de-san-marcos\/#primaryimage"},"thumbnailUrl":"https:\/\/artelatz.eus\/wp-content\/uploads\/2017\/11\/23.jpg","datePublished":"2017-11-06T11:35:15+00:00","dateModified":"2019-03-20T09:03:46+00:00","breadcrumb":{"@id":"https:\/\/artelatz.eus\/es\/2017\/11\/excelente-acogida-de-la-campana-birziklik-en-la-mancomunidad-de-san-marcos\/#breadcrumb"},"inLanguage":"es","potentialAction":[{"@type":"ReadAction","target":["https:\/\/artelatz.eus\/es\/2017\/11\/excelente-acogida-de-la-campana-birziklik-en-la-mancomunidad-de-san-marcos\/"]}]},{"@type":"ImageObject","inLanguage":"es","@id":"https:\/\/artelatz.eus\/es\/2017\/11\/excelente-acogida-de-la-campana-birziklik-en-la-mancomunidad-de-san-marcos\/#primaryimage","url":"https:\/\/artelatz.eus\/wp-content\/uploads\/2017\/11\/23.jpg","contentUrl":"https:\/\/artelatz.eus\/wp-content\/uploads\/2017\/11\/23.jpg","width":610,"height":457},{"@type":"BreadcrumbList","@id":"https:\/\/artelatz.eus\/es\/2017\/11\/excelente-acogida-de-la-campana-birziklik-en-la-mancomunidad-de-san-marcos\/#breadcrumb","itemListElement":[{"@type":"ListItem","position":1,"name":"Home","item":"https:\/\/artelatz.eus\/es\/"},{"@type":"ListItem","position":2,"name":"Excelente acogida de la campa\u00f1a Birziklik en la Mancomunidad de San Marcos"}]},{"@type":"WebSite","@id":"https:\/\/artelatz.eus\/#website","url":"https:\/\/artelatz.eus\/","name":"Artelatz","description":"Ingurumen zerbitzuak","publisher":{"@id":"https:\/\/artelatz.eus\/#organization"},"potentialAction":[{"@type":"SearchAction","target":{"@type":"EntryPoint","urlTemplate":"https:\/\/artelatz.eus\/?s={search_term_string}"},"query-input":{"@type":"PropertyValueSpecification","valueRequired":true,"valueName":"search_term_string"}}],"inLanguage":"es"},{"@type":"Organization","@id":"https:\/\/artelatz.eus\/#organization","name":"Artelatz Ingurugiro Zerbitzuak","url":"https:\/\/artelatz.eus\/","logo":{"@type":"ImageObject","inLanguage":"es","@id":"https:\/\/artelatz.eus\/#\/schema\/logo\/image\/","url":"https:\/\/artelatz.eus\/wp-content\/uploads\/2019\/03\/Artelatz_logo.png","contentUrl":"https:\/\/artelatz.eus\/wp-content\/uploads\/2019\/03\/Artelatz_logo.png","width":200,"height":87,"caption":"Artelatz Ingurugiro Zerbitzuak"},"image":{"@id":"https:\/\/artelatz.eus\/#\/schema\/logo\/image\/"},"sameAs":["https:\/\/www.facebook.com\/Artelatz-143100262512937\/","https:\/\/x.com\/artelatz_inguru","https:\/\/www.youtube.com\/user\/artelatz"]},{"@type":"Person","@id":"https:\/\/artelatz.eus\/#\/schema\/person\/6202ce685bb722b36e5f968e6c52f435","name":"Artelatz","image":{"@type":"ImageObject","inLanguage":"es","@id":"https:\/\/secure.gravatar.com\/avatar\/ddd422a1cc366c3c23fd9ee2a4694f17bedb940c173c5feecc948da3e7ed3f04?s=96&d=mm&r=g","url":"https:\/\/secure.gravatar.com\/avatar\/ddd422a1cc366c3c23fd9ee2a4694f17bedb940c173c5feecc948da3e7ed3f04?s=96&d=mm&r=g","contentUrl":"https:\/\/secure.gravatar.com\/avatar\/ddd422a1cc366c3c23fd9ee2a4694f17bedb940c173c5feecc948da3e7ed3f04?s=96&d=mm&r=g","caption":"Artelatz"},"sameAs":["https:\/\/artelatz.eus\/"]}]}},"_links":{"self":[{"href":"https:\/\/artelatz.eus\/es\/wp-json\/wp\/v2\/posts\/3789","targetHints":{"allow":["GET"]}}],"collection":[{"href":"https:\/\/artelatz.eus\/es\/wp-json\/wp\/v2\/posts"}],"about":[{"href":"https:\/\/artelatz.eus\/es\/wp-json\/wp\/v2\/types\/post"}],"author":[{"embeddable":true,"href":"https:\/\/artelatz.eus\/es\/wp-json\/wp\/v2\/users\/2"}],"replies":[{"embeddable":true,"href":"https:\/\/artelatz.eus\/es\/wp-json\/wp\/v2\/comments?post=3789"}],"version-history":[{"count":1,"href":"https:\/\/artelatz.eus\/es\/wp-json\/wp\/v2\/posts\/3789\/revisions"}],"predecessor-version":[{"id":5400,"href":"https:\/\/artelatz.eus\/es\/wp-json\/wp\/v2\/posts\/3789\/revisions\/5400"}],"wp:featuredmedia":[{"embeddable":true,"href":"https:\/\/artelatz.eus\/es\/wp-json\/wp\/v2\/media\/5612"}],"wp:attachment":[{"href":"https:\/\/artelatz.eus\/es\/wp-json\/wp\/v2\/media?parent=3789"}],"wp:term":[{"taxonomy":"category","embeddable":true,"href":"https:\/\/artelatz.eus\/es\/wp-json\/wp\/v2\/categories?post=3789"},{"taxonomy":"post_tag","embeddable":true,"href":"https:\/\/artelatz.eus\/es\/wp-json\/wp\/v2\/tags?post=3789"}],"curies":[{"name":"wp","href":"https:\/\/api.w.org\/{rel}","templated":true}]}}