{"id":3696,"date":"2017-03-21T17:11:57","date_gmt":"2017-03-21T16:11:57","guid":{"rendered":"http:\/\/artelatz.eus\/es\/?p=3696"},"modified":"2019-03-20T10:18:10","modified_gmt":"2019-03-20T09:18:10","slug":"artelatz-aborda-la-problematica-de-la-limpieza-viaria","status":"publish","type":"post","link":"https:\/\/artelatz.eus\/es\/2017\/03\/artelatz-aborda-la-problematica-de-la-limpieza-viaria\/","title":{"rendered":"Artelatz aborda la problem\u00e1tica de la limpieza viaria"},"content":{"rendered":"<p style=\"text-align: justify;\">Son numerosas las instituciones municipales que nos consultan sobre programas y acciones que aborden el tema de la limpieza viaria. La escasa sensibilidad que parte de la ciudadan\u00eda muestra con esta cuesti\u00f3n convierte este problema en uno de los m\u00e1s presentes entre las preocupaciones municipales.<\/p>\n<p style=\"text-align: justify;\">Actualmente estamos trabajando este tema con Servicios de Txingudi en Irun y Hondarribia y el Ayuntamiento de Zestoa. \u00a0Cada cliente selecciona, en funci\u00f3n de sus necesidades y recursos, las acciones que tenemos dise\u00f1adas. La tem\u00e1tica es diversa: excrementos caninos, envoltorios de chucher\u00edas, pintadas, deterioro de mobiliario urbano, botell\u00f3n, deposici\u00f3n de residuos urbanos fuera de contenedores, restos de chicles, colillas, peque\u00f1os residuos en general\u2026; por lo que el p\u00fablico objeto de las acciones es tambi\u00e9n diverso. Las acciones son espec\u00edficas en funci\u00f3n de la problem\u00e1tica dominante y el p\u00fablico objetivo, pero \u00e9stas van desde acciones comunicativas dirigidas a la poblaci\u00f3n en general, a un taller educativo para centros escolares o asociaciones, acciones de contacto directo con los profesionales del sector\u2026 hasta programas indirectos de formaci\u00f3n con educadores de diferentes \u00e1mbitos culturales.<\/p>\n<p style=\"text-align: justify;\">Confiamos en que en los pr\u00f3ximos boletines podamos contar nuevas experiencias en abordar la problem\u00e1tica de la limpieza urbana.<\/p>\n","protected":false},"excerpt":{"rendered":"<p>Son numerosas las instituciones municipales que nos consultan sobre programas y acciones que aborden el tema de la limpieza viaria. La escasa sensibilidad que parte de la ciudadan\u00eda muestra con esta cuesti\u00f3n convierte este problema en uno de los m\u00e1s presentes entre las preocupaciones municipales. Actualmente estamos trabajando este tema con Servicios de Txingudi en [&hellip;]<\/p>\n","protected":false},"author":2,"featured_media":5641,"comment_status":"open","ping_status":"open","sticky":false,"template":"","format":"standard","meta":{"_et_pb_use_builder":"","_et_pb_old_content":"","_et_gb_content_width":"","footnotes":""},"categories":[50,51],"tags":[],"class_list":["post-3696","post","type-post","status-publish","format-standard","has-post-thumbnail","hentry","category-educacion-medioambiental","category-residuos"],"yoast_head":"<!-- This site is optimized with the Yoast SEO plugin v27.3 - https:\/\/yoast.com\/product\/yoast-seo-wordpress\/ -->\n<title>Artelatz aborda la problem\u00e1tica de la limpieza viaria &#8226; Artelatz<\/title>\n<meta name=\"robots\" content=\"index, follow, max-snippet:-1, max-image-preview:large, max-video-preview:-1\" \/>\n<link rel=\"canonical\" href=\"https:\/\/artelatz.eus\/es\/2017\/03\/artelatz-aborda-la-problematica-de-la-limpieza-viaria\/\" \/>\n<meta property=\"og:locale\" content=\"es_ES\" \/>\n<meta property=\"og:type\" content=\"article\" \/>\n<meta property=\"og:title\" content=\"Artelatz aborda la problem\u00e1tica de la limpieza viaria &#8226; Artelatz\" \/>\n<meta property=\"og:description\" content=\"Son numerosas las instituciones municipales que nos consultan sobre programas y acciones que aborden el tema de la limpieza viaria. La escasa sensibilidad que parte de la ciudadan\u00eda muestra con esta cuesti\u00f3n convierte este problema en uno de los m\u00e1s presentes entre las preocupaciones municipales. Actualmente estamos trabajando este tema con Servicios de Txingudi en [&hellip;]\" \/>\n<meta property=\"og:url\" content=\"https:\/\/artelatz.eus\/es\/2017\/03\/artelatz-aborda-la-problematica-de-la-limpieza-viaria\/\" \/>\n<meta property=\"og:site_name\" content=\"Artelatz\" \/>\n<meta property=\"article:publisher\" content=\"https:\/\/www.facebook.com\/Artelatz-143100262512937\/\" \/>\n<meta property=\"article:published_time\" content=\"2017-03-21T16:11:57+00:00\" \/>\n<meta property=\"article:modified_time\" content=\"2019-03-20T09:18:10+00:00\" \/>\n<meta property=\"og:image\" content=\"https:\/\/artelatz.eus\/wp-content\/uploads\/2017\/03\/31.jpg\" \/>\n\t<meta property=\"og:image:width\" content=\"610\" \/>\n\t<meta property=\"og:image:height\" content=\"289\" \/>\n\t<meta property=\"og:image:type\" content=\"image\/jpeg\" \/>\n<meta name=\"author\" content=\"Artelatz\" \/>\n<meta name=\"twitter:card\" content=\"summary_large_image\" \/>\n<meta name=\"twitter:creator\" content=\"@artelatz_inguru\" \/>\n<meta name=\"twitter:site\" content=\"@artelatz_inguru\" \/>\n<meta name=\"twitter:label1\" content=\"Escrito por\" \/>\n\t<meta name=\"twitter:data1\" content=\"Artelatz\" \/>\n\t<meta name=\"twitter:label2\" content=\"Tiempo de lectura\" \/>\n\t<meta name=\"twitter:data2\" content=\"1 minuto\" \/>\n<script type=\"application\/ld+json\" class=\"yoast-schema-graph\">{\"@context\":\"https:\\\/\\\/schema.org\",\"@graph\":[{\"@type\":\"Article\",\"@id\":\"https:\\\/\\\/artelatz.eus\\\/es\\\/2017\\\/03\\\/artelatz-aborda-la-problematica-de-la-limpieza-viaria\\\/#article\",\"isPartOf\":{\"@id\":\"https:\\\/\\\/artelatz.eus\\\/es\\\/2017\\\/03\\\/artelatz-aborda-la-problematica-de-la-limpieza-viaria\\\/\"},\"author\":{\"name\":\"Artelatz\",\"@id\":\"https:\\\/\\\/artelatz.eus\\\/#\\\/schema\\\/person\\\/6202ce685bb722b36e5f968e6c52f435\"},\"headline\":\"Artelatz aborda la problem\u00e1tica de la limpieza viaria\",\"datePublished\":\"2017-03-21T16:11:57+00:00\",\"dateModified\":\"2019-03-20T09:18:10+00:00\",\"mainEntityOfPage\":{\"@id\":\"https:\\\/\\\/artelatz.eus\\\/es\\\/2017\\\/03\\\/artelatz-aborda-la-problematica-de-la-limpieza-viaria\\\/\"},\"wordCount\":223,\"commentCount\":0,\"publisher\":{\"@id\":\"https:\\\/\\\/artelatz.eus\\\/#organization\"},\"image\":{\"@id\":\"https:\\\/\\\/artelatz.eus\\\/es\\\/2017\\\/03\\\/artelatz-aborda-la-problematica-de-la-limpieza-viaria\\\/#primaryimage\"},\"thumbnailUrl\":\"https:\\\/\\\/artelatz.eus\\\/wp-content\\\/uploads\\\/2017\\\/03\\\/31.jpg\",\"articleSection\":[\"Educaci\u00f3n medioambiental\",\"Residuos\"],\"inLanguage\":\"es\",\"potentialAction\":[{\"@type\":\"CommentAction\",\"name\":\"Comment\",\"target\":[\"https:\\\/\\\/artelatz.eus\\\/es\\\/2017\\\/03\\\/artelatz-aborda-la-problematica-de-la-limpieza-viaria\\\/#respond\"]}]},{\"@type\":\"WebPage\",\"@id\":\"https:\\\/\\\/artelatz.eus\\\/es\\\/2017\\\/03\\\/artelatz-aborda-la-problematica-de-la-limpieza-viaria\\\/\",\"url\":\"https:\\\/\\\/artelatz.eus\\\/es\\\/2017\\\/03\\\/artelatz-aborda-la-problematica-de-la-limpieza-viaria\\\/\",\"name\":\"Artelatz aborda la problem\u00e1tica de la limpieza viaria &#8226; Artelatz\",\"isPartOf\":{\"@id\":\"https:\\\/\\\/artelatz.eus\\\/#website\"},\"primaryImageOfPage\":{\"@id\":\"https:\\\/\\\/artelatz.eus\\\/es\\\/2017\\\/03\\\/artelatz-aborda-la-problematica-de-la-limpieza-viaria\\\/#primaryimage\"},\"image\":{\"@id\":\"https:\\\/\\\/artelatz.eus\\\/es\\\/2017\\\/03\\\/artelatz-aborda-la-problematica-de-la-limpieza-viaria\\\/#primaryimage\"},\"thumbnailUrl\":\"https:\\\/\\\/artelatz.eus\\\/wp-content\\\/uploads\\\/2017\\\/03\\\/31.jpg\",\"datePublished\":\"2017-03-21T16:11:57+00:00\",\"dateModified\":\"2019-03-20T09:18:10+00:00\",\"breadcrumb\":{\"@id\":\"https:\\\/\\\/artelatz.eus\\\/es\\\/2017\\\/03\\\/artelatz-aborda-la-problematica-de-la-limpieza-viaria\\\/#breadcrumb\"},\"inLanguage\":\"es\",\"potentialAction\":[{\"@type\":\"ReadAction\",\"target\":[\"https:\\\/\\\/artelatz.eus\\\/es\\\/2017\\\/03\\\/artelatz-aborda-la-problematica-de-la-limpieza-viaria\\\/\"]}]},{\"@type\":\"ImageObject\",\"inLanguage\":\"es\",\"@id\":\"https:\\\/\\\/artelatz.eus\\\/es\\\/2017\\\/03\\\/artelatz-aborda-la-problematica-de-la-limpieza-viaria\\\/#primaryimage\",\"url\":\"https:\\\/\\\/artelatz.eus\\\/wp-content\\\/uploads\\\/2017\\\/03\\\/31.jpg\",\"contentUrl\":\"https:\\\/\\\/artelatz.eus\\\/wp-content\\\/uploads\\\/2017\\\/03\\\/31.jpg\",\"width\":610,\"height\":289},{\"@type\":\"BreadcrumbList\",\"@id\":\"https:\\\/\\\/artelatz.eus\\\/es\\\/2017\\\/03\\\/artelatz-aborda-la-problematica-de-la-limpieza-viaria\\\/#breadcrumb\",\"itemListElement\":[{\"@type\":\"ListItem\",\"position\":1,\"name\":\"Home\",\"item\":\"https:\\\/\\\/artelatz.eus\\\/es\\\/\"},{\"@type\":\"ListItem\",\"position\":2,\"name\":\"Artelatz aborda la problem\u00e1tica de la limpieza viaria\"}]},{\"@type\":\"WebSite\",\"@id\":\"https:\\\/\\\/artelatz.eus\\\/#website\",\"url\":\"https:\\\/\\\/artelatz.eus\\\/\",\"name\":\"Artelatz\",\"description\":\"Ingurumen zerbitzuak\",\"publisher\":{\"@id\":\"https:\\\/\\\/artelatz.eus\\\/#organization\"},\"potentialAction\":[{\"@type\":\"SearchAction\",\"target\":{\"@type\":\"EntryPoint\",\"urlTemplate\":\"https:\\\/\\\/artelatz.eus\\\/?s={search_term_string}\"},\"query-input\":{\"@type\":\"PropertyValueSpecification\",\"valueRequired\":true,\"valueName\":\"search_term_string\"}}],\"inLanguage\":\"es\"},{\"@type\":\"Organization\",\"@id\":\"https:\\\/\\\/artelatz.eus\\\/#organization\",\"name\":\"Artelatz Ingurugiro Zerbitzuak\",\"url\":\"https:\\\/\\\/artelatz.eus\\\/\",\"logo\":{\"@type\":\"ImageObject\",\"inLanguage\":\"es\",\"@id\":\"https:\\\/\\\/artelatz.eus\\\/#\\\/schema\\\/logo\\\/image\\\/\",\"url\":\"https:\\\/\\\/artelatz.eus\\\/wp-content\\\/uploads\\\/2019\\\/03\\\/Artelatz_logo.png\",\"contentUrl\":\"https:\\\/\\\/artelatz.eus\\\/wp-content\\\/uploads\\\/2019\\\/03\\\/Artelatz_logo.png\",\"width\":200,\"height\":87,\"caption\":\"Artelatz Ingurugiro Zerbitzuak\"},\"image\":{\"@id\":\"https:\\\/\\\/artelatz.eus\\\/#\\\/schema\\\/logo\\\/image\\\/\"},\"sameAs\":[\"https:\\\/\\\/www.facebook.com\\\/Artelatz-143100262512937\\\/\",\"https:\\\/\\\/x.com\\\/artelatz_inguru\",\"https:\\\/\\\/www.youtube.com\\\/user\\\/artelatz\"]},{\"@type\":\"Person\",\"@id\":\"https:\\\/\\\/artelatz.eus\\\/#\\\/schema\\\/person\\\/6202ce685bb722b36e5f968e6c52f435\",\"name\":\"Artelatz\",\"image\":{\"@type\":\"ImageObject\",\"inLanguage\":\"es\",\"@id\":\"https:\\\/\\\/secure.gravatar.com\\\/avatar\\\/ddd422a1cc366c3c23fd9ee2a4694f17bedb940c173c5feecc948da3e7ed3f04?s=96&d=mm&r=g\",\"url\":\"https:\\\/\\\/secure.gravatar.com\\\/avatar\\\/ddd422a1cc366c3c23fd9ee2a4694f17bedb940c173c5feecc948da3e7ed3f04?s=96&d=mm&r=g\",\"contentUrl\":\"https:\\\/\\\/secure.gravatar.com\\\/avatar\\\/ddd422a1cc366c3c23fd9ee2a4694f17bedb940c173c5feecc948da3e7ed3f04?s=96&d=mm&r=g\",\"caption\":\"Artelatz\"},\"sameAs\":[\"https:\\\/\\\/artelatz.eus\\\/\"]}]}<\/script>\n<!-- \/ Yoast SEO plugin. -->","yoast_head_json":{"title":"Artelatz aborda la problem\u00e1tica de la limpieza viaria &#8226; Artelatz","robots":{"index":"index","follow":"follow","max-snippet":"max-snippet:-1","max-image-preview":"max-image-preview:large","max-video-preview":"max-video-preview:-1"},"canonical":"https:\/\/artelatz.eus\/es\/2017\/03\/artelatz-aborda-la-problematica-de-la-limpieza-viaria\/","og_locale":"es_ES","og_type":"article","og_title":"Artelatz aborda la problem\u00e1tica de la limpieza viaria &#8226; Artelatz","og_description":"Son numerosas las instituciones municipales que nos consultan sobre programas y acciones que aborden el tema de la limpieza viaria. La escasa sensibilidad que parte de la ciudadan\u00eda muestra con esta cuesti\u00f3n convierte este problema en uno de los m\u00e1s presentes entre las preocupaciones municipales. Actualmente estamos trabajando este tema con Servicios de Txingudi en [&hellip;]","og_url":"https:\/\/artelatz.eus\/es\/2017\/03\/artelatz-aborda-la-problematica-de-la-limpieza-viaria\/","og_site_name":"Artelatz","article_publisher":"https:\/\/www.facebook.com\/Artelatz-143100262512937\/","article_published_time":"2017-03-21T16:11:57+00:00","article_modified_time":"2019-03-20T09:18:10+00:00","og_image":[{"width":610,"height":289,"url":"https:\/\/artelatz.eus\/wp-content\/uploads\/2017\/03\/31.jpg","type":"image\/jpeg"}],"author":"Artelatz","twitter_card":"summary_large_image","twitter_creator":"@artelatz_inguru","twitter_site":"@artelatz_inguru","twitter_misc":{"Escrito por":"Artelatz","Tiempo de lectura":"1 minuto"},"schema":{"@context":"https:\/\/schema.org","@graph":[{"@type":"Article","@id":"https:\/\/artelatz.eus\/es\/2017\/03\/artelatz-aborda-la-problematica-de-la-limpieza-viaria\/#article","isPartOf":{"@id":"https:\/\/artelatz.eus\/es\/2017\/03\/artelatz-aborda-la-problematica-de-la-limpieza-viaria\/"},"author":{"name":"Artelatz","@id":"https:\/\/artelatz.eus\/#\/schema\/person\/6202ce685bb722b36e5f968e6c52f435"},"headline":"Artelatz aborda la problem\u00e1tica de la limpieza viaria","datePublished":"2017-03-21T16:11:57+00:00","dateModified":"2019-03-20T09:18:10+00:00","mainEntityOfPage":{"@id":"https:\/\/artelatz.eus\/es\/2017\/03\/artelatz-aborda-la-problematica-de-la-limpieza-viaria\/"},"wordCount":223,"commentCount":0,"publisher":{"@id":"https:\/\/artelatz.eus\/#organization"},"image":{"@id":"https:\/\/artelatz.eus\/es\/2017\/03\/artelatz-aborda-la-problematica-de-la-limpieza-viaria\/#primaryimage"},"thumbnailUrl":"https:\/\/artelatz.eus\/wp-content\/uploads\/2017\/03\/31.jpg","articleSection":["Educaci\u00f3n medioambiental","Residuos"],"inLanguage":"es","potentialAction":[{"@type":"CommentAction","name":"Comment","target":["https:\/\/artelatz.eus\/es\/2017\/03\/artelatz-aborda-la-problematica-de-la-limpieza-viaria\/#respond"]}]},{"@type":"WebPage","@id":"https:\/\/artelatz.eus\/es\/2017\/03\/artelatz-aborda-la-problematica-de-la-limpieza-viaria\/","url":"https:\/\/artelatz.eus\/es\/2017\/03\/artelatz-aborda-la-problematica-de-la-limpieza-viaria\/","name":"Artelatz aborda la problem\u00e1tica de la limpieza viaria &#8226; Artelatz","isPartOf":{"@id":"https:\/\/artelatz.eus\/#website"},"primaryImageOfPage":{"@id":"https:\/\/artelatz.eus\/es\/2017\/03\/artelatz-aborda-la-problematica-de-la-limpieza-viaria\/#primaryimage"},"image":{"@id":"https:\/\/artelatz.eus\/es\/2017\/03\/artelatz-aborda-la-problematica-de-la-limpieza-viaria\/#primaryimage"},"thumbnailUrl":"https:\/\/artelatz.eus\/wp-content\/uploads\/2017\/03\/31.jpg","datePublished":"2017-03-21T16:11:57+00:00","dateModified":"2019-03-20T09:18:10+00:00","breadcrumb":{"@id":"https:\/\/artelatz.eus\/es\/2017\/03\/artelatz-aborda-la-problematica-de-la-limpieza-viaria\/#breadcrumb"},"inLanguage":"es","potentialAction":[{"@type":"ReadAction","target":["https:\/\/artelatz.eus\/es\/2017\/03\/artelatz-aborda-la-problematica-de-la-limpieza-viaria\/"]}]},{"@type":"ImageObject","inLanguage":"es","@id":"https:\/\/artelatz.eus\/es\/2017\/03\/artelatz-aborda-la-problematica-de-la-limpieza-viaria\/#primaryimage","url":"https:\/\/artelatz.eus\/wp-content\/uploads\/2017\/03\/31.jpg","contentUrl":"https:\/\/artelatz.eus\/wp-content\/uploads\/2017\/03\/31.jpg","width":610,"height":289},{"@type":"BreadcrumbList","@id":"https:\/\/artelatz.eus\/es\/2017\/03\/artelatz-aborda-la-problematica-de-la-limpieza-viaria\/#breadcrumb","itemListElement":[{"@type":"ListItem","position":1,"name":"Home","item":"https:\/\/artelatz.eus\/es\/"},{"@type":"ListItem","position":2,"name":"Artelatz aborda la problem\u00e1tica de la limpieza viaria"}]},{"@type":"WebSite","@id":"https:\/\/artelatz.eus\/#website","url":"https:\/\/artelatz.eus\/","name":"Artelatz","description":"Ingurumen zerbitzuak","publisher":{"@id":"https:\/\/artelatz.eus\/#organization"},"potentialAction":[{"@type":"SearchAction","target":{"@type":"EntryPoint","urlTemplate":"https:\/\/artelatz.eus\/?s={search_term_string}"},"query-input":{"@type":"PropertyValueSpecification","valueRequired":true,"valueName":"search_term_string"}}],"inLanguage":"es"},{"@type":"Organization","@id":"https:\/\/artelatz.eus\/#organization","name":"Artelatz Ingurugiro Zerbitzuak","url":"https:\/\/artelatz.eus\/","logo":{"@type":"ImageObject","inLanguage":"es","@id":"https:\/\/artelatz.eus\/#\/schema\/logo\/image\/","url":"https:\/\/artelatz.eus\/wp-content\/uploads\/2019\/03\/Artelatz_logo.png","contentUrl":"https:\/\/artelatz.eus\/wp-content\/uploads\/2019\/03\/Artelatz_logo.png","width":200,"height":87,"caption":"Artelatz Ingurugiro Zerbitzuak"},"image":{"@id":"https:\/\/artelatz.eus\/#\/schema\/logo\/image\/"},"sameAs":["https:\/\/www.facebook.com\/Artelatz-143100262512937\/","https:\/\/x.com\/artelatz_inguru","https:\/\/www.youtube.com\/user\/artelatz"]},{"@type":"Person","@id":"https:\/\/artelatz.eus\/#\/schema\/person\/6202ce685bb722b36e5f968e6c52f435","name":"Artelatz","image":{"@type":"ImageObject","inLanguage":"es","@id":"https:\/\/secure.gravatar.com\/avatar\/ddd422a1cc366c3c23fd9ee2a4694f17bedb940c173c5feecc948da3e7ed3f04?s=96&d=mm&r=g","url":"https:\/\/secure.gravatar.com\/avatar\/ddd422a1cc366c3c23fd9ee2a4694f17bedb940c173c5feecc948da3e7ed3f04?s=96&d=mm&r=g","contentUrl":"https:\/\/secure.gravatar.com\/avatar\/ddd422a1cc366c3c23fd9ee2a4694f17bedb940c173c5feecc948da3e7ed3f04?s=96&d=mm&r=g","caption":"Artelatz"},"sameAs":["https:\/\/artelatz.eus\/"]}]}},"_links":{"self":[{"href":"https:\/\/artelatz.eus\/es\/wp-json\/wp\/v2\/posts\/3696","targetHints":{"allow":["GET"]}}],"collection":[{"href":"https:\/\/artelatz.eus\/es\/wp-json\/wp\/v2\/posts"}],"about":[{"href":"https:\/\/artelatz.eus\/es\/wp-json\/wp\/v2\/types\/post"}],"author":[{"embeddable":true,"href":"https:\/\/artelatz.eus\/es\/wp-json\/wp\/v2\/users\/2"}],"replies":[{"embeddable":true,"href":"https:\/\/artelatz.eus\/es\/wp-json\/wp\/v2\/comments?post=3696"}],"version-history":[{"count":1,"href":"https:\/\/artelatz.eus\/es\/wp-json\/wp\/v2\/posts\/3696\/revisions"}],"predecessor-version":[{"id":5406,"href":"https:\/\/artelatz.eus\/es\/wp-json\/wp\/v2\/posts\/3696\/revisions\/5406"}],"wp:featuredmedia":[{"embeddable":true,"href":"https:\/\/artelatz.eus\/es\/wp-json\/wp\/v2\/media\/5641"}],"wp:attachment":[{"href":"https:\/\/artelatz.eus\/es\/wp-json\/wp\/v2\/media?parent=3696"}],"wp:term":[{"taxonomy":"category","embeddable":true,"href":"https:\/\/artelatz.eus\/es\/wp-json\/wp\/v2\/categories?post=3696"},{"taxonomy":"post_tag","embeddable":true,"href":"https:\/\/artelatz.eus\/es\/wp-json\/wp\/v2\/tags?post=3696"}],"curies":[{"name":"wp","href":"https:\/\/api.w.org\/{rel}","templated":true}]}}