{"id":3393,"date":"2016-01-29T16:53:49","date_gmt":"2016-01-29T15:53:49","guid":{"rendered":"http:\/\/artelatz.eus\/es\/?p=3393"},"modified":"2019-03-20T11:06:06","modified_gmt":"2019-03-20T10:06:06","slug":"el-26-de-enero-se-celebro-el-dia-mundial-de-la-educacion-ambiental","status":"publish","type":"post","link":"https:\/\/artelatz.eus\/es\/2016\/01\/el-26-de-enero-se-celebro-el-dia-mundial-de-la-educacion-ambiental\/","title":{"rendered":"El 26 de enero se celebr\u00f3 el D\u00eda Mundial de la Educaci\u00f3n Ambiental"},"content":{"rendered":"<p style=\"text-align: justify;\">El 26 de febrero se celebr\u00f3 el D\u00eda Mundial de la Educaci\u00f3n Ambiental y en este d\u00eda tan especial tambi\u00e9n, las educadoras ambientales de Artelatz guiaron la visita a la planta de clasificaci\u00f3n de envases de Urnieta. Esta vez, el alumnado de la Ikastola Langile de Hernani pudo conocer de cerca c\u00f3mo se lleva a cabo la clasificaci\u00f3n de los envases brik, envases de metal y envases ligeros depositados en el contenedor amarillo.<\/p>\n<p style=\"text-align: justify;\">Artelatz lleva a\u00f1os ofreciendo visitas guiadas a distintas instalaciones de Gipuzkoa, tratando temas como el agua, los residuos o el patrimonio cultural. Actualmente, se ofrecen visitas guiadas a instalaciones del Consorcio de Aguas de Gipuzkoa y Servicios de Txignudi relacionadas con el ciclo urbano del agua (embalses, plantas potabilizadoras de agua, plantas depuradoras de aguas residuales, red de saneamiento&#8230;).<\/p>\n<p style=\"text-align: justify;\">Para tratar el tema de los residuos, se ofrecen visitas a las instalaciones de las mancomunidades de San Marko y Sasieta (vertederos, plantas de clasificaci\u00f3n, planta de compostaje, puntos limpios&#8230;). Durante todo el a\u00f1o tambi\u00e9n se ofrecen diversas actividades dirigidas tanto a escolares como al p\u00fablico en general con el fin de dar a conocer el patrimonio cultural en los parketxes situados en tres de los parques naturales de Gipuzkoa (Arditurri, Aralar y Anduetza) y en el Museo\u00a0 Urrelur de mineralog\u00eda de Urretxu.<\/p>\n","protected":false},"excerpt":{"rendered":"<p>El 26 de febrero se celebr\u00f3 el D\u00eda Mundial de la Educaci\u00f3n Ambiental y en este d\u00eda tan especial tambi\u00e9n, las educadoras ambientales de Artelatz guiaron la visita a la planta de clasificaci\u00f3n de envases de Urnieta. Esta vez, el alumnado de la Ikastola Langile de Hernani pudo conocer de cerca c\u00f3mo se lleva a [&hellip;]<\/p>\n","protected":false},"author":2,"featured_media":5739,"comment_status":"open","ping_status":"open","sticky":false,"template":"","format":"standard","meta":{"_et_pb_use_builder":"","_et_pb_old_content":"","_et_gb_content_width":"","footnotes":""},"categories":[50],"tags":[],"class_list":["post-3393","post","type-post","status-publish","format-standard","has-post-thumbnail","hentry","category-educacion-medioambiental"],"yoast_head":"<!-- This site is optimized with the Yoast SEO plugin v27.3 - https:\/\/yoast.com\/product\/yoast-seo-wordpress\/ -->\n<title>El 26 de enero se celebr\u00f3 el D\u00eda Mundial de la Educaci\u00f3n Ambiental &#8226; Artelatz<\/title>\n<meta name=\"robots\" content=\"index, follow, max-snippet:-1, max-image-preview:large, max-video-preview:-1\" \/>\n<link rel=\"canonical\" href=\"https:\/\/artelatz.eus\/es\/2016\/01\/el-26-de-enero-se-celebro-el-dia-mundial-de-la-educacion-ambiental\/\" \/>\n<meta property=\"og:locale\" content=\"es_ES\" \/>\n<meta property=\"og:type\" content=\"article\" \/>\n<meta property=\"og:title\" content=\"El 26 de enero se celebr\u00f3 el D\u00eda Mundial de la Educaci\u00f3n Ambiental &#8226; Artelatz\" \/>\n<meta property=\"og:description\" content=\"El 26 de febrero se celebr\u00f3 el D\u00eda Mundial de la Educaci\u00f3n Ambiental y en este d\u00eda tan especial tambi\u00e9n, las educadoras ambientales de Artelatz guiaron la visita a la planta de clasificaci\u00f3n de envases de Urnieta. Esta vez, el alumnado de la Ikastola Langile de Hernani pudo conocer de cerca c\u00f3mo se lleva a [&hellip;]\" \/>\n<meta property=\"og:url\" content=\"https:\/\/artelatz.eus\/es\/2016\/01\/el-26-de-enero-se-celebro-el-dia-mundial-de-la-educacion-ambiental\/\" \/>\n<meta property=\"og:site_name\" content=\"Artelatz\" \/>\n<meta property=\"article:publisher\" content=\"https:\/\/www.facebook.com\/Artelatz-143100262512937\/\" \/>\n<meta property=\"article:published_time\" content=\"2016-01-29T15:53:49+00:00\" \/>\n<meta property=\"article:modified_time\" content=\"2019-03-20T10:06:06+00:00\" \/>\n<meta property=\"og:image\" content=\"https:\/\/artelatz.eus\/wp-content\/uploads\/2016\/01\/62.jpg\" \/>\n\t<meta property=\"og:image:width\" content=\"610\" \/>\n\t<meta property=\"og:image:height\" content=\"457\" \/>\n\t<meta property=\"og:image:type\" content=\"image\/jpeg\" \/>\n<meta name=\"author\" content=\"Artelatz\" \/>\n<meta name=\"twitter:card\" content=\"summary_large_image\" \/>\n<meta name=\"twitter:creator\" content=\"@artelatz_inguru\" \/>\n<meta name=\"twitter:site\" content=\"@artelatz_inguru\" \/>\n<meta name=\"twitter:label1\" content=\"Escrito por\" \/>\n\t<meta name=\"twitter:data1\" content=\"Artelatz\" \/>\n\t<meta name=\"twitter:label2\" content=\"Tiempo de lectura\" \/>\n\t<meta name=\"twitter:data2\" content=\"1 minuto\" \/>\n<script type=\"application\/ld+json\" class=\"yoast-schema-graph\">{\"@context\":\"https:\\\/\\\/schema.org\",\"@graph\":[{\"@type\":\"Article\",\"@id\":\"https:\\\/\\\/artelatz.eus\\\/es\\\/2016\\\/01\\\/el-26-de-enero-se-celebro-el-dia-mundial-de-la-educacion-ambiental\\\/#article\",\"isPartOf\":{\"@id\":\"https:\\\/\\\/artelatz.eus\\\/es\\\/2016\\\/01\\\/el-26-de-enero-se-celebro-el-dia-mundial-de-la-educacion-ambiental\\\/\"},\"author\":{\"name\":\"Artelatz\",\"@id\":\"https:\\\/\\\/artelatz.eus\\\/#\\\/schema\\\/person\\\/6202ce685bb722b36e5f968e6c52f435\"},\"headline\":\"El 26 de enero se celebr\u00f3 el D\u00eda Mundial de la Educaci\u00f3n Ambiental\",\"datePublished\":\"2016-01-29T15:53:49+00:00\",\"dateModified\":\"2019-03-20T10:06:06+00:00\",\"mainEntityOfPage\":{\"@id\":\"https:\\\/\\\/artelatz.eus\\\/es\\\/2016\\\/01\\\/el-26-de-enero-se-celebro-el-dia-mundial-de-la-educacion-ambiental\\\/\"},\"wordCount\":241,\"commentCount\":0,\"publisher\":{\"@id\":\"https:\\\/\\\/artelatz.eus\\\/#organization\"},\"image\":{\"@id\":\"https:\\\/\\\/artelatz.eus\\\/es\\\/2016\\\/01\\\/el-26-de-enero-se-celebro-el-dia-mundial-de-la-educacion-ambiental\\\/#primaryimage\"},\"thumbnailUrl\":\"https:\\\/\\\/artelatz.eus\\\/wp-content\\\/uploads\\\/2016\\\/01\\\/62.jpg\",\"articleSection\":[\"Educaci\u00f3n medioambiental\"],\"inLanguage\":\"es\",\"potentialAction\":[{\"@type\":\"CommentAction\",\"name\":\"Comment\",\"target\":[\"https:\\\/\\\/artelatz.eus\\\/es\\\/2016\\\/01\\\/el-26-de-enero-se-celebro-el-dia-mundial-de-la-educacion-ambiental\\\/#respond\"]}]},{\"@type\":\"WebPage\",\"@id\":\"https:\\\/\\\/artelatz.eus\\\/es\\\/2016\\\/01\\\/el-26-de-enero-se-celebro-el-dia-mundial-de-la-educacion-ambiental\\\/\",\"url\":\"https:\\\/\\\/artelatz.eus\\\/es\\\/2016\\\/01\\\/el-26-de-enero-se-celebro-el-dia-mundial-de-la-educacion-ambiental\\\/\",\"name\":\"El 26 de enero se celebr\u00f3 el D\u00eda Mundial de la Educaci\u00f3n Ambiental &#8226; Artelatz\",\"isPartOf\":{\"@id\":\"https:\\\/\\\/artelatz.eus\\\/#website\"},\"primaryImageOfPage\":{\"@id\":\"https:\\\/\\\/artelatz.eus\\\/es\\\/2016\\\/01\\\/el-26-de-enero-se-celebro-el-dia-mundial-de-la-educacion-ambiental\\\/#primaryimage\"},\"image\":{\"@id\":\"https:\\\/\\\/artelatz.eus\\\/es\\\/2016\\\/01\\\/el-26-de-enero-se-celebro-el-dia-mundial-de-la-educacion-ambiental\\\/#primaryimage\"},\"thumbnailUrl\":\"https:\\\/\\\/artelatz.eus\\\/wp-content\\\/uploads\\\/2016\\\/01\\\/62.jpg\",\"datePublished\":\"2016-01-29T15:53:49+00:00\",\"dateModified\":\"2019-03-20T10:06:06+00:00\",\"breadcrumb\":{\"@id\":\"https:\\\/\\\/artelatz.eus\\\/es\\\/2016\\\/01\\\/el-26-de-enero-se-celebro-el-dia-mundial-de-la-educacion-ambiental\\\/#breadcrumb\"},\"inLanguage\":\"es\",\"potentialAction\":[{\"@type\":\"ReadAction\",\"target\":[\"https:\\\/\\\/artelatz.eus\\\/es\\\/2016\\\/01\\\/el-26-de-enero-se-celebro-el-dia-mundial-de-la-educacion-ambiental\\\/\"]}]},{\"@type\":\"ImageObject\",\"inLanguage\":\"es\",\"@id\":\"https:\\\/\\\/artelatz.eus\\\/es\\\/2016\\\/01\\\/el-26-de-enero-se-celebro-el-dia-mundial-de-la-educacion-ambiental\\\/#primaryimage\",\"url\":\"https:\\\/\\\/artelatz.eus\\\/wp-content\\\/uploads\\\/2016\\\/01\\\/62.jpg\",\"contentUrl\":\"https:\\\/\\\/artelatz.eus\\\/wp-content\\\/uploads\\\/2016\\\/01\\\/62.jpg\",\"width\":610,\"height\":457},{\"@type\":\"BreadcrumbList\",\"@id\":\"https:\\\/\\\/artelatz.eus\\\/es\\\/2016\\\/01\\\/el-26-de-enero-se-celebro-el-dia-mundial-de-la-educacion-ambiental\\\/#breadcrumb\",\"itemListElement\":[{\"@type\":\"ListItem\",\"position\":1,\"name\":\"Home\",\"item\":\"https:\\\/\\\/artelatz.eus\\\/es\\\/\"},{\"@type\":\"ListItem\",\"position\":2,\"name\":\"El 26 de enero se celebr\u00f3 el D\u00eda Mundial de la Educaci\u00f3n Ambiental\"}]},{\"@type\":\"WebSite\",\"@id\":\"https:\\\/\\\/artelatz.eus\\\/#website\",\"url\":\"https:\\\/\\\/artelatz.eus\\\/\",\"name\":\"Artelatz\",\"description\":\"Ingurumen zerbitzuak\",\"publisher\":{\"@id\":\"https:\\\/\\\/artelatz.eus\\\/#organization\"},\"potentialAction\":[{\"@type\":\"SearchAction\",\"target\":{\"@type\":\"EntryPoint\",\"urlTemplate\":\"https:\\\/\\\/artelatz.eus\\\/?s={search_term_string}\"},\"query-input\":{\"@type\":\"PropertyValueSpecification\",\"valueRequired\":true,\"valueName\":\"search_term_string\"}}],\"inLanguage\":\"es\"},{\"@type\":\"Organization\",\"@id\":\"https:\\\/\\\/artelatz.eus\\\/#organization\",\"name\":\"Artelatz Ingurugiro Zerbitzuak\",\"url\":\"https:\\\/\\\/artelatz.eus\\\/\",\"logo\":{\"@type\":\"ImageObject\",\"inLanguage\":\"es\",\"@id\":\"https:\\\/\\\/artelatz.eus\\\/#\\\/schema\\\/logo\\\/image\\\/\",\"url\":\"https:\\\/\\\/artelatz.eus\\\/wp-content\\\/uploads\\\/2019\\\/03\\\/Artelatz_logo.png\",\"contentUrl\":\"https:\\\/\\\/artelatz.eus\\\/wp-content\\\/uploads\\\/2019\\\/03\\\/Artelatz_logo.png\",\"width\":200,\"height\":87,\"caption\":\"Artelatz Ingurugiro Zerbitzuak\"},\"image\":{\"@id\":\"https:\\\/\\\/artelatz.eus\\\/#\\\/schema\\\/logo\\\/image\\\/\"},\"sameAs\":[\"https:\\\/\\\/www.facebook.com\\\/Artelatz-143100262512937\\\/\",\"https:\\\/\\\/x.com\\\/artelatz_inguru\",\"https:\\\/\\\/www.youtube.com\\\/user\\\/artelatz\"]},{\"@type\":\"Person\",\"@id\":\"https:\\\/\\\/artelatz.eus\\\/#\\\/schema\\\/person\\\/6202ce685bb722b36e5f968e6c52f435\",\"name\":\"Artelatz\",\"image\":{\"@type\":\"ImageObject\",\"inLanguage\":\"es\",\"@id\":\"https:\\\/\\\/secure.gravatar.com\\\/avatar\\\/ddd422a1cc366c3c23fd9ee2a4694f17bedb940c173c5feecc948da3e7ed3f04?s=96&d=mm&r=g\",\"url\":\"https:\\\/\\\/secure.gravatar.com\\\/avatar\\\/ddd422a1cc366c3c23fd9ee2a4694f17bedb940c173c5feecc948da3e7ed3f04?s=96&d=mm&r=g\",\"contentUrl\":\"https:\\\/\\\/secure.gravatar.com\\\/avatar\\\/ddd422a1cc366c3c23fd9ee2a4694f17bedb940c173c5feecc948da3e7ed3f04?s=96&d=mm&r=g\",\"caption\":\"Artelatz\"},\"sameAs\":[\"https:\\\/\\\/artelatz.eus\\\/\"]}]}<\/script>\n<!-- \/ Yoast SEO plugin. -->","yoast_head_json":{"title":"El 26 de enero se celebr\u00f3 el D\u00eda Mundial de la Educaci\u00f3n Ambiental &#8226; Artelatz","robots":{"index":"index","follow":"follow","max-snippet":"max-snippet:-1","max-image-preview":"max-image-preview:large","max-video-preview":"max-video-preview:-1"},"canonical":"https:\/\/artelatz.eus\/es\/2016\/01\/el-26-de-enero-se-celebro-el-dia-mundial-de-la-educacion-ambiental\/","og_locale":"es_ES","og_type":"article","og_title":"El 26 de enero se celebr\u00f3 el D\u00eda Mundial de la Educaci\u00f3n Ambiental &#8226; Artelatz","og_description":"El 26 de febrero se celebr\u00f3 el D\u00eda Mundial de la Educaci\u00f3n Ambiental y en este d\u00eda tan especial tambi\u00e9n, las educadoras ambientales de Artelatz guiaron la visita a la planta de clasificaci\u00f3n de envases de Urnieta. Esta vez, el alumnado de la Ikastola Langile de Hernani pudo conocer de cerca c\u00f3mo se lleva a [&hellip;]","og_url":"https:\/\/artelatz.eus\/es\/2016\/01\/el-26-de-enero-se-celebro-el-dia-mundial-de-la-educacion-ambiental\/","og_site_name":"Artelatz","article_publisher":"https:\/\/www.facebook.com\/Artelatz-143100262512937\/","article_published_time":"2016-01-29T15:53:49+00:00","article_modified_time":"2019-03-20T10:06:06+00:00","og_image":[{"width":610,"height":457,"url":"https:\/\/artelatz.eus\/wp-content\/uploads\/2016\/01\/62.jpg","type":"image\/jpeg"}],"author":"Artelatz","twitter_card":"summary_large_image","twitter_creator":"@artelatz_inguru","twitter_site":"@artelatz_inguru","twitter_misc":{"Escrito por":"Artelatz","Tiempo de lectura":"1 minuto"},"schema":{"@context":"https:\/\/schema.org","@graph":[{"@type":"Article","@id":"https:\/\/artelatz.eus\/es\/2016\/01\/el-26-de-enero-se-celebro-el-dia-mundial-de-la-educacion-ambiental\/#article","isPartOf":{"@id":"https:\/\/artelatz.eus\/es\/2016\/01\/el-26-de-enero-se-celebro-el-dia-mundial-de-la-educacion-ambiental\/"},"author":{"name":"Artelatz","@id":"https:\/\/artelatz.eus\/#\/schema\/person\/6202ce685bb722b36e5f968e6c52f435"},"headline":"El 26 de enero se celebr\u00f3 el D\u00eda Mundial de la Educaci\u00f3n Ambiental","datePublished":"2016-01-29T15:53:49+00:00","dateModified":"2019-03-20T10:06:06+00:00","mainEntityOfPage":{"@id":"https:\/\/artelatz.eus\/es\/2016\/01\/el-26-de-enero-se-celebro-el-dia-mundial-de-la-educacion-ambiental\/"},"wordCount":241,"commentCount":0,"publisher":{"@id":"https:\/\/artelatz.eus\/#organization"},"image":{"@id":"https:\/\/artelatz.eus\/es\/2016\/01\/el-26-de-enero-se-celebro-el-dia-mundial-de-la-educacion-ambiental\/#primaryimage"},"thumbnailUrl":"https:\/\/artelatz.eus\/wp-content\/uploads\/2016\/01\/62.jpg","articleSection":["Educaci\u00f3n medioambiental"],"inLanguage":"es","potentialAction":[{"@type":"CommentAction","name":"Comment","target":["https:\/\/artelatz.eus\/es\/2016\/01\/el-26-de-enero-se-celebro-el-dia-mundial-de-la-educacion-ambiental\/#respond"]}]},{"@type":"WebPage","@id":"https:\/\/artelatz.eus\/es\/2016\/01\/el-26-de-enero-se-celebro-el-dia-mundial-de-la-educacion-ambiental\/","url":"https:\/\/artelatz.eus\/es\/2016\/01\/el-26-de-enero-se-celebro-el-dia-mundial-de-la-educacion-ambiental\/","name":"El 26 de enero se celebr\u00f3 el D\u00eda Mundial de la Educaci\u00f3n Ambiental &#8226; Artelatz","isPartOf":{"@id":"https:\/\/artelatz.eus\/#website"},"primaryImageOfPage":{"@id":"https:\/\/artelatz.eus\/es\/2016\/01\/el-26-de-enero-se-celebro-el-dia-mundial-de-la-educacion-ambiental\/#primaryimage"},"image":{"@id":"https:\/\/artelatz.eus\/es\/2016\/01\/el-26-de-enero-se-celebro-el-dia-mundial-de-la-educacion-ambiental\/#primaryimage"},"thumbnailUrl":"https:\/\/artelatz.eus\/wp-content\/uploads\/2016\/01\/62.jpg","datePublished":"2016-01-29T15:53:49+00:00","dateModified":"2019-03-20T10:06:06+00:00","breadcrumb":{"@id":"https:\/\/artelatz.eus\/es\/2016\/01\/el-26-de-enero-se-celebro-el-dia-mundial-de-la-educacion-ambiental\/#breadcrumb"},"inLanguage":"es","potentialAction":[{"@type":"ReadAction","target":["https:\/\/artelatz.eus\/es\/2016\/01\/el-26-de-enero-se-celebro-el-dia-mundial-de-la-educacion-ambiental\/"]}]},{"@type":"ImageObject","inLanguage":"es","@id":"https:\/\/artelatz.eus\/es\/2016\/01\/el-26-de-enero-se-celebro-el-dia-mundial-de-la-educacion-ambiental\/#primaryimage","url":"https:\/\/artelatz.eus\/wp-content\/uploads\/2016\/01\/62.jpg","contentUrl":"https:\/\/artelatz.eus\/wp-content\/uploads\/2016\/01\/62.jpg","width":610,"height":457},{"@type":"BreadcrumbList","@id":"https:\/\/artelatz.eus\/es\/2016\/01\/el-26-de-enero-se-celebro-el-dia-mundial-de-la-educacion-ambiental\/#breadcrumb","itemListElement":[{"@type":"ListItem","position":1,"name":"Home","item":"https:\/\/artelatz.eus\/es\/"},{"@type":"ListItem","position":2,"name":"El 26 de enero se celebr\u00f3 el D\u00eda Mundial de la Educaci\u00f3n Ambiental"}]},{"@type":"WebSite","@id":"https:\/\/artelatz.eus\/#website","url":"https:\/\/artelatz.eus\/","name":"Artelatz","description":"Ingurumen zerbitzuak","publisher":{"@id":"https:\/\/artelatz.eus\/#organization"},"potentialAction":[{"@type":"SearchAction","target":{"@type":"EntryPoint","urlTemplate":"https:\/\/artelatz.eus\/?s={search_term_string}"},"query-input":{"@type":"PropertyValueSpecification","valueRequired":true,"valueName":"search_term_string"}}],"inLanguage":"es"},{"@type":"Organization","@id":"https:\/\/artelatz.eus\/#organization","name":"Artelatz Ingurugiro Zerbitzuak","url":"https:\/\/artelatz.eus\/","logo":{"@type":"ImageObject","inLanguage":"es","@id":"https:\/\/artelatz.eus\/#\/schema\/logo\/image\/","url":"https:\/\/artelatz.eus\/wp-content\/uploads\/2019\/03\/Artelatz_logo.png","contentUrl":"https:\/\/artelatz.eus\/wp-content\/uploads\/2019\/03\/Artelatz_logo.png","width":200,"height":87,"caption":"Artelatz Ingurugiro Zerbitzuak"},"image":{"@id":"https:\/\/artelatz.eus\/#\/schema\/logo\/image\/"},"sameAs":["https:\/\/www.facebook.com\/Artelatz-143100262512937\/","https:\/\/x.com\/artelatz_inguru","https:\/\/www.youtube.com\/user\/artelatz"]},{"@type":"Person","@id":"https:\/\/artelatz.eus\/#\/schema\/person\/6202ce685bb722b36e5f968e6c52f435","name":"Artelatz","image":{"@type":"ImageObject","inLanguage":"es","@id":"https:\/\/secure.gravatar.com\/avatar\/ddd422a1cc366c3c23fd9ee2a4694f17bedb940c173c5feecc948da3e7ed3f04?s=96&d=mm&r=g","url":"https:\/\/secure.gravatar.com\/avatar\/ddd422a1cc366c3c23fd9ee2a4694f17bedb940c173c5feecc948da3e7ed3f04?s=96&d=mm&r=g","contentUrl":"https:\/\/secure.gravatar.com\/avatar\/ddd422a1cc366c3c23fd9ee2a4694f17bedb940c173c5feecc948da3e7ed3f04?s=96&d=mm&r=g","caption":"Artelatz"},"sameAs":["https:\/\/artelatz.eus\/"]}]}},"_links":{"self":[{"href":"https:\/\/artelatz.eus\/es\/wp-json\/wp\/v2\/posts\/3393","targetHints":{"allow":["GET"]}}],"collection":[{"href":"https:\/\/artelatz.eus\/es\/wp-json\/wp\/v2\/posts"}],"about":[{"href":"https:\/\/artelatz.eus\/es\/wp-json\/wp\/v2\/types\/post"}],"author":[{"embeddable":true,"href":"https:\/\/artelatz.eus\/es\/wp-json\/wp\/v2\/users\/2"}],"replies":[{"embeddable":true,"href":"https:\/\/artelatz.eus\/es\/wp-json\/wp\/v2\/comments?post=3393"}],"version-history":[{"count":1,"href":"https:\/\/artelatz.eus\/es\/wp-json\/wp\/v2\/posts\/3393\/revisions"}],"predecessor-version":[{"id":5433,"href":"https:\/\/artelatz.eus\/es\/wp-json\/wp\/v2\/posts\/3393\/revisions\/5433"}],"wp:featuredmedia":[{"embeddable":true,"href":"https:\/\/artelatz.eus\/es\/wp-json\/wp\/v2\/media\/5739"}],"wp:attachment":[{"href":"https:\/\/artelatz.eus\/es\/wp-json\/wp\/v2\/media?parent=3393"}],"wp:term":[{"taxonomy":"category","embeddable":true,"href":"https:\/\/artelatz.eus\/es\/wp-json\/wp\/v2\/categories?post=3393"},{"taxonomy":"post_tag","embeddable":true,"href":"https:\/\/artelatz.eus\/es\/wp-json\/wp\/v2\/tags?post=3393"}],"curies":[{"name":"wp","href":"https:\/\/api.w.org\/{rel}","templated":true}]}}