{"id":3296,"date":"2015-10-01T17:20:08","date_gmt":"2015-10-01T15:20:08","guid":{"rendered":"http:\/\/artelatz.eus\/?p=3296"},"modified":"2019-03-20T11:11:25","modified_gmt":"2019-03-20T10:11:25","slug":"un-ano-mas-el-ayuntamiento-de-lasarte-oria-ha-participado-en-la-semana-europea-de-la-movilidad-sostenible","status":"publish","type":"post","link":"https:\/\/artelatz.eus\/es\/2015\/10\/un-ano-mas-el-ayuntamiento-de-lasarte-oria-ha-participado-en-la-semana-europea-de-la-movilidad-sostenible\/","title":{"rendered":"Un a\u00f1o m\u00e1s el Ayuntamiento de Lasarte-Oria ha participado en la Semana Europea de la Movilidad Sostenible"},"content":{"rendered":"<p style=\"text-align: justify;\">\u201cElige. Cambia. Combina tu movilidad\u201d ha sido el lema de la celebraci\u00f3n de la Semana Europea de la Movilidad Sostenible en Lasarte-Oria, que ha animado a la poblaci\u00f3n a pensar en distintas alternativas de transporte. La secci\u00f3n de medio ambiente con la colaboraci\u00f3n de Artelatz, organiz\u00f3 diversas actividades del 17 al 22 de septiembre.<\/p>\n<p style=\"text-align: justify;\">En el programa de este a\u00f1o se han encontrado las siguientes actividades participativas:<\/p>\n<ul>\n<li style=\"text-align: justify;\">La calle para jugar: deporte rural, circuito segway y circuito de Educaci\u00f3n Vial.<\/li>\n<li style=\"text-align: justify;\">Fiesta de la bicicleta \u2013 marchas, juegos y mercadillo de bicicletas de segunda mano<\/li>\n<li style=\"text-align: justify;\">Curso de uso urbano de la bicicleta<\/li>\n<\/ul>\n","protected":false},"excerpt":{"rendered":"<p>\u201cElige. Cambia. Combina tu movilidad\u201d ha sido el lema de la celebraci\u00f3n de la Semana Europea de la Movilidad Sostenible en Lasarte-Oria, que ha animado a la poblaci\u00f3n a pensar en distintas alternativas de transporte. La secci\u00f3n de medio ambiente con la colaboraci\u00f3n de Artelatz, organiz\u00f3 diversas actividades del 17 al 22 de septiembre. En [&hellip;]<\/p>\n","protected":false},"author":2,"featured_media":5759,"comment_status":"open","ping_status":"open","sticky":false,"template":"","format":"standard","meta":{"_et_pb_use_builder":"","_et_pb_old_content":"","_et_gb_content_width":"","footnotes":""},"categories":[49],"tags":[],"class_list":["post-3296","post","type-post","status-publish","format-standard","has-post-thumbnail","hentry","category-desarrollo-economico-sostenible"],"yoast_head":"<!-- This site is optimized with the Yoast SEO plugin v27.3 - https:\/\/yoast.com\/product\/yoast-seo-wordpress\/ -->\n<title>Un a\u00f1o m\u00e1s el Ayuntamiento de Lasarte-Oria ha participado en la Semana Europea de la Movilidad Sostenible &#8226; Artelatz<\/title>\n<meta name=\"robots\" content=\"index, follow, max-snippet:-1, max-image-preview:large, max-video-preview:-1\" \/>\n<link rel=\"canonical\" href=\"https:\/\/artelatz.eus\/es\/2015\/10\/un-ano-mas-el-ayuntamiento-de-lasarte-oria-ha-participado-en-la-semana-europea-de-la-movilidad-sostenible\/\" \/>\n<meta property=\"og:locale\" content=\"es_ES\" \/>\n<meta property=\"og:type\" content=\"article\" \/>\n<meta property=\"og:title\" content=\"Un a\u00f1o m\u00e1s el Ayuntamiento de Lasarte-Oria ha participado en la Semana Europea de la Movilidad Sostenible &#8226; Artelatz\" \/>\n<meta property=\"og:description\" content=\"\u201cElige. Cambia. Combina tu movilidad\u201d ha sido el lema de la celebraci\u00f3n de la Semana Europea de la Movilidad Sostenible en Lasarte-Oria, que ha animado a la poblaci\u00f3n a pensar en distintas alternativas de transporte. La secci\u00f3n de medio ambiente con la colaboraci\u00f3n de Artelatz, organiz\u00f3 diversas actividades del 17 al 22 de septiembre. En [&hellip;]\" \/>\n<meta property=\"og:url\" content=\"https:\/\/artelatz.eus\/es\/2015\/10\/un-ano-mas-el-ayuntamiento-de-lasarte-oria-ha-participado-en-la-semana-europea-de-la-movilidad-sostenible\/\" \/>\n<meta property=\"og:site_name\" content=\"Artelatz\" \/>\n<meta property=\"article:publisher\" content=\"https:\/\/www.facebook.com\/Artelatz-143100262512937\/\" \/>\n<meta property=\"article:published_time\" content=\"2015-10-01T15:20:08+00:00\" \/>\n<meta property=\"article:modified_time\" content=\"2019-03-20T10:11:25+00:00\" \/>\n<meta property=\"og:image\" content=\"https:\/\/artelatz.eus\/wp-content\/uploads\/2015\/10\/68.jpg\" \/>\n\t<meta property=\"og:image:width\" content=\"610\" \/>\n\t<meta property=\"og:image:height\" content=\"457\" \/>\n\t<meta property=\"og:image:type\" content=\"image\/jpeg\" \/>\n<meta name=\"author\" content=\"Artelatz\" \/>\n<meta name=\"twitter:card\" content=\"summary_large_image\" \/>\n<meta name=\"twitter:creator\" content=\"@artelatz_inguru\" \/>\n<meta name=\"twitter:site\" content=\"@artelatz_inguru\" \/>\n<meta name=\"twitter:label1\" content=\"Escrito por\" \/>\n\t<meta name=\"twitter:data1\" content=\"Artelatz\" \/>\n\t<meta name=\"twitter:label2\" content=\"Tiempo de lectura\" \/>\n\t<meta name=\"twitter:data2\" content=\"1 minuto\" \/>\n<script type=\"application\/ld+json\" class=\"yoast-schema-graph\">{\"@context\":\"https:\\\/\\\/schema.org\",\"@graph\":[{\"@type\":\"Article\",\"@id\":\"https:\\\/\\\/artelatz.eus\\\/es\\\/2015\\\/10\\\/un-ano-mas-el-ayuntamiento-de-lasarte-oria-ha-participado-en-la-semana-europea-de-la-movilidad-sostenible\\\/#article\",\"isPartOf\":{\"@id\":\"https:\\\/\\\/artelatz.eus\\\/es\\\/2015\\\/10\\\/un-ano-mas-el-ayuntamiento-de-lasarte-oria-ha-participado-en-la-semana-europea-de-la-movilidad-sostenible\\\/\"},\"author\":{\"name\":\"Artelatz\",\"@id\":\"https:\\\/\\\/artelatz.eus\\\/#\\\/schema\\\/person\\\/6202ce685bb722b36e5f968e6c52f435\"},\"headline\":\"Un a\u00f1o m\u00e1s el Ayuntamiento de Lasarte-Oria ha participado en la Semana Europea de la Movilidad Sostenible\",\"datePublished\":\"2015-10-01T15:20:08+00:00\",\"dateModified\":\"2019-03-20T10:11:25+00:00\",\"mainEntityOfPage\":{\"@id\":\"https:\\\/\\\/artelatz.eus\\\/es\\\/2015\\\/10\\\/un-ano-mas-el-ayuntamiento-de-lasarte-oria-ha-participado-en-la-semana-europea-de-la-movilidad-sostenible\\\/\"},\"wordCount\":123,\"commentCount\":0,\"publisher\":{\"@id\":\"https:\\\/\\\/artelatz.eus\\\/#organization\"},\"image\":{\"@id\":\"https:\\\/\\\/artelatz.eus\\\/es\\\/2015\\\/10\\\/un-ano-mas-el-ayuntamiento-de-lasarte-oria-ha-participado-en-la-semana-europea-de-la-movilidad-sostenible\\\/#primaryimage\"},\"thumbnailUrl\":\"https:\\\/\\\/artelatz.eus\\\/wp-content\\\/uploads\\\/2015\\\/10\\\/68.jpg\",\"articleSection\":[\"Desarrollo econ\u00f3mico sostenible\"],\"inLanguage\":\"es\",\"potentialAction\":[{\"@type\":\"CommentAction\",\"name\":\"Comment\",\"target\":[\"https:\\\/\\\/artelatz.eus\\\/es\\\/2015\\\/10\\\/un-ano-mas-el-ayuntamiento-de-lasarte-oria-ha-participado-en-la-semana-europea-de-la-movilidad-sostenible\\\/#respond\"]}]},{\"@type\":\"WebPage\",\"@id\":\"https:\\\/\\\/artelatz.eus\\\/es\\\/2015\\\/10\\\/un-ano-mas-el-ayuntamiento-de-lasarte-oria-ha-participado-en-la-semana-europea-de-la-movilidad-sostenible\\\/\",\"url\":\"https:\\\/\\\/artelatz.eus\\\/es\\\/2015\\\/10\\\/un-ano-mas-el-ayuntamiento-de-lasarte-oria-ha-participado-en-la-semana-europea-de-la-movilidad-sostenible\\\/\",\"name\":\"Un a\u00f1o m\u00e1s el Ayuntamiento de Lasarte-Oria ha participado en la Semana Europea de la Movilidad Sostenible &#8226; Artelatz\",\"isPartOf\":{\"@id\":\"https:\\\/\\\/artelatz.eus\\\/#website\"},\"primaryImageOfPage\":{\"@id\":\"https:\\\/\\\/artelatz.eus\\\/es\\\/2015\\\/10\\\/un-ano-mas-el-ayuntamiento-de-lasarte-oria-ha-participado-en-la-semana-europea-de-la-movilidad-sostenible\\\/#primaryimage\"},\"image\":{\"@id\":\"https:\\\/\\\/artelatz.eus\\\/es\\\/2015\\\/10\\\/un-ano-mas-el-ayuntamiento-de-lasarte-oria-ha-participado-en-la-semana-europea-de-la-movilidad-sostenible\\\/#primaryimage\"},\"thumbnailUrl\":\"https:\\\/\\\/artelatz.eus\\\/wp-content\\\/uploads\\\/2015\\\/10\\\/68.jpg\",\"datePublished\":\"2015-10-01T15:20:08+00:00\",\"dateModified\":\"2019-03-20T10:11:25+00:00\",\"breadcrumb\":{\"@id\":\"https:\\\/\\\/artelatz.eus\\\/es\\\/2015\\\/10\\\/un-ano-mas-el-ayuntamiento-de-lasarte-oria-ha-participado-en-la-semana-europea-de-la-movilidad-sostenible\\\/#breadcrumb\"},\"inLanguage\":\"es\",\"potentialAction\":[{\"@type\":\"ReadAction\",\"target\":[\"https:\\\/\\\/artelatz.eus\\\/es\\\/2015\\\/10\\\/un-ano-mas-el-ayuntamiento-de-lasarte-oria-ha-participado-en-la-semana-europea-de-la-movilidad-sostenible\\\/\"]}]},{\"@type\":\"ImageObject\",\"inLanguage\":\"es\",\"@id\":\"https:\\\/\\\/artelatz.eus\\\/es\\\/2015\\\/10\\\/un-ano-mas-el-ayuntamiento-de-lasarte-oria-ha-participado-en-la-semana-europea-de-la-movilidad-sostenible\\\/#primaryimage\",\"url\":\"https:\\\/\\\/artelatz.eus\\\/wp-content\\\/uploads\\\/2015\\\/10\\\/68.jpg\",\"contentUrl\":\"https:\\\/\\\/artelatz.eus\\\/wp-content\\\/uploads\\\/2015\\\/10\\\/68.jpg\",\"width\":610,\"height\":457},{\"@type\":\"BreadcrumbList\",\"@id\":\"https:\\\/\\\/artelatz.eus\\\/es\\\/2015\\\/10\\\/un-ano-mas-el-ayuntamiento-de-lasarte-oria-ha-participado-en-la-semana-europea-de-la-movilidad-sostenible\\\/#breadcrumb\",\"itemListElement\":[{\"@type\":\"ListItem\",\"position\":1,\"name\":\"Home\",\"item\":\"https:\\\/\\\/artelatz.eus\\\/es\\\/\"},{\"@type\":\"ListItem\",\"position\":2,\"name\":\"Un a\u00f1o m\u00e1s el Ayuntamiento de Lasarte-Oria ha participado en la Semana Europea de la Movilidad Sostenible\"}]},{\"@type\":\"WebSite\",\"@id\":\"https:\\\/\\\/artelatz.eus\\\/#website\",\"url\":\"https:\\\/\\\/artelatz.eus\\\/\",\"name\":\"Artelatz\",\"description\":\"Ingurumen zerbitzuak\",\"publisher\":{\"@id\":\"https:\\\/\\\/artelatz.eus\\\/#organization\"},\"potentialAction\":[{\"@type\":\"SearchAction\",\"target\":{\"@type\":\"EntryPoint\",\"urlTemplate\":\"https:\\\/\\\/artelatz.eus\\\/?s={search_term_string}\"},\"query-input\":{\"@type\":\"PropertyValueSpecification\",\"valueRequired\":true,\"valueName\":\"search_term_string\"}}],\"inLanguage\":\"es\"},{\"@type\":\"Organization\",\"@id\":\"https:\\\/\\\/artelatz.eus\\\/#organization\",\"name\":\"Artelatz Ingurugiro Zerbitzuak\",\"url\":\"https:\\\/\\\/artelatz.eus\\\/\",\"logo\":{\"@type\":\"ImageObject\",\"inLanguage\":\"es\",\"@id\":\"https:\\\/\\\/artelatz.eus\\\/#\\\/schema\\\/logo\\\/image\\\/\",\"url\":\"https:\\\/\\\/artelatz.eus\\\/wp-content\\\/uploads\\\/2019\\\/03\\\/Artelatz_logo.png\",\"contentUrl\":\"https:\\\/\\\/artelatz.eus\\\/wp-content\\\/uploads\\\/2019\\\/03\\\/Artelatz_logo.png\",\"width\":200,\"height\":87,\"caption\":\"Artelatz Ingurugiro Zerbitzuak\"},\"image\":{\"@id\":\"https:\\\/\\\/artelatz.eus\\\/#\\\/schema\\\/logo\\\/image\\\/\"},\"sameAs\":[\"https:\\\/\\\/www.facebook.com\\\/Artelatz-143100262512937\\\/\",\"https:\\\/\\\/x.com\\\/artelatz_inguru\",\"https:\\\/\\\/www.youtube.com\\\/user\\\/artelatz\"]},{\"@type\":\"Person\",\"@id\":\"https:\\\/\\\/artelatz.eus\\\/#\\\/schema\\\/person\\\/6202ce685bb722b36e5f968e6c52f435\",\"name\":\"Artelatz\",\"image\":{\"@type\":\"ImageObject\",\"inLanguage\":\"es\",\"@id\":\"https:\\\/\\\/secure.gravatar.com\\\/avatar\\\/ddd422a1cc366c3c23fd9ee2a4694f17bedb940c173c5feecc948da3e7ed3f04?s=96&d=mm&r=g\",\"url\":\"https:\\\/\\\/secure.gravatar.com\\\/avatar\\\/ddd422a1cc366c3c23fd9ee2a4694f17bedb940c173c5feecc948da3e7ed3f04?s=96&d=mm&r=g\",\"contentUrl\":\"https:\\\/\\\/secure.gravatar.com\\\/avatar\\\/ddd422a1cc366c3c23fd9ee2a4694f17bedb940c173c5feecc948da3e7ed3f04?s=96&d=mm&r=g\",\"caption\":\"Artelatz\"},\"sameAs\":[\"https:\\\/\\\/artelatz.eus\\\/\"]}]}<\/script>\n<!-- \/ Yoast SEO plugin. -->","yoast_head_json":{"title":"Un a\u00f1o m\u00e1s el Ayuntamiento de Lasarte-Oria ha participado en la Semana Europea de la Movilidad Sostenible &#8226; Artelatz","robots":{"index":"index","follow":"follow","max-snippet":"max-snippet:-1","max-image-preview":"max-image-preview:large","max-video-preview":"max-video-preview:-1"},"canonical":"https:\/\/artelatz.eus\/es\/2015\/10\/un-ano-mas-el-ayuntamiento-de-lasarte-oria-ha-participado-en-la-semana-europea-de-la-movilidad-sostenible\/","og_locale":"es_ES","og_type":"article","og_title":"Un a\u00f1o m\u00e1s el Ayuntamiento de Lasarte-Oria ha participado en la Semana Europea de la Movilidad Sostenible &#8226; Artelatz","og_description":"\u201cElige. Cambia. Combina tu movilidad\u201d ha sido el lema de la celebraci\u00f3n de la Semana Europea de la Movilidad Sostenible en Lasarte-Oria, que ha animado a la poblaci\u00f3n a pensar en distintas alternativas de transporte. La secci\u00f3n de medio ambiente con la colaboraci\u00f3n de Artelatz, organiz\u00f3 diversas actividades del 17 al 22 de septiembre. En [&hellip;]","og_url":"https:\/\/artelatz.eus\/es\/2015\/10\/un-ano-mas-el-ayuntamiento-de-lasarte-oria-ha-participado-en-la-semana-europea-de-la-movilidad-sostenible\/","og_site_name":"Artelatz","article_publisher":"https:\/\/www.facebook.com\/Artelatz-143100262512937\/","article_published_time":"2015-10-01T15:20:08+00:00","article_modified_time":"2019-03-20T10:11:25+00:00","og_image":[{"width":610,"height":457,"url":"https:\/\/artelatz.eus\/wp-content\/uploads\/2015\/10\/68.jpg","type":"image\/jpeg"}],"author":"Artelatz","twitter_card":"summary_large_image","twitter_creator":"@artelatz_inguru","twitter_site":"@artelatz_inguru","twitter_misc":{"Escrito por":"Artelatz","Tiempo de lectura":"1 minuto"},"schema":{"@context":"https:\/\/schema.org","@graph":[{"@type":"Article","@id":"https:\/\/artelatz.eus\/es\/2015\/10\/un-ano-mas-el-ayuntamiento-de-lasarte-oria-ha-participado-en-la-semana-europea-de-la-movilidad-sostenible\/#article","isPartOf":{"@id":"https:\/\/artelatz.eus\/es\/2015\/10\/un-ano-mas-el-ayuntamiento-de-lasarte-oria-ha-participado-en-la-semana-europea-de-la-movilidad-sostenible\/"},"author":{"name":"Artelatz","@id":"https:\/\/artelatz.eus\/#\/schema\/person\/6202ce685bb722b36e5f968e6c52f435"},"headline":"Un a\u00f1o m\u00e1s el Ayuntamiento de Lasarte-Oria ha participado en la Semana Europea de la Movilidad Sostenible","datePublished":"2015-10-01T15:20:08+00:00","dateModified":"2019-03-20T10:11:25+00:00","mainEntityOfPage":{"@id":"https:\/\/artelatz.eus\/es\/2015\/10\/un-ano-mas-el-ayuntamiento-de-lasarte-oria-ha-participado-en-la-semana-europea-de-la-movilidad-sostenible\/"},"wordCount":123,"commentCount":0,"publisher":{"@id":"https:\/\/artelatz.eus\/#organization"},"image":{"@id":"https:\/\/artelatz.eus\/es\/2015\/10\/un-ano-mas-el-ayuntamiento-de-lasarte-oria-ha-participado-en-la-semana-europea-de-la-movilidad-sostenible\/#primaryimage"},"thumbnailUrl":"https:\/\/artelatz.eus\/wp-content\/uploads\/2015\/10\/68.jpg","articleSection":["Desarrollo econ\u00f3mico sostenible"],"inLanguage":"es","potentialAction":[{"@type":"CommentAction","name":"Comment","target":["https:\/\/artelatz.eus\/es\/2015\/10\/un-ano-mas-el-ayuntamiento-de-lasarte-oria-ha-participado-en-la-semana-europea-de-la-movilidad-sostenible\/#respond"]}]},{"@type":"WebPage","@id":"https:\/\/artelatz.eus\/es\/2015\/10\/un-ano-mas-el-ayuntamiento-de-lasarte-oria-ha-participado-en-la-semana-europea-de-la-movilidad-sostenible\/","url":"https:\/\/artelatz.eus\/es\/2015\/10\/un-ano-mas-el-ayuntamiento-de-lasarte-oria-ha-participado-en-la-semana-europea-de-la-movilidad-sostenible\/","name":"Un a\u00f1o m\u00e1s el Ayuntamiento de Lasarte-Oria ha participado en la Semana Europea de la Movilidad Sostenible &#8226; Artelatz","isPartOf":{"@id":"https:\/\/artelatz.eus\/#website"},"primaryImageOfPage":{"@id":"https:\/\/artelatz.eus\/es\/2015\/10\/un-ano-mas-el-ayuntamiento-de-lasarte-oria-ha-participado-en-la-semana-europea-de-la-movilidad-sostenible\/#primaryimage"},"image":{"@id":"https:\/\/artelatz.eus\/es\/2015\/10\/un-ano-mas-el-ayuntamiento-de-lasarte-oria-ha-participado-en-la-semana-europea-de-la-movilidad-sostenible\/#primaryimage"},"thumbnailUrl":"https:\/\/artelatz.eus\/wp-content\/uploads\/2015\/10\/68.jpg","datePublished":"2015-10-01T15:20:08+00:00","dateModified":"2019-03-20T10:11:25+00:00","breadcrumb":{"@id":"https:\/\/artelatz.eus\/es\/2015\/10\/un-ano-mas-el-ayuntamiento-de-lasarte-oria-ha-participado-en-la-semana-europea-de-la-movilidad-sostenible\/#breadcrumb"},"inLanguage":"es","potentialAction":[{"@type":"ReadAction","target":["https:\/\/artelatz.eus\/es\/2015\/10\/un-ano-mas-el-ayuntamiento-de-lasarte-oria-ha-participado-en-la-semana-europea-de-la-movilidad-sostenible\/"]}]},{"@type":"ImageObject","inLanguage":"es","@id":"https:\/\/artelatz.eus\/es\/2015\/10\/un-ano-mas-el-ayuntamiento-de-lasarte-oria-ha-participado-en-la-semana-europea-de-la-movilidad-sostenible\/#primaryimage","url":"https:\/\/artelatz.eus\/wp-content\/uploads\/2015\/10\/68.jpg","contentUrl":"https:\/\/artelatz.eus\/wp-content\/uploads\/2015\/10\/68.jpg","width":610,"height":457},{"@type":"BreadcrumbList","@id":"https:\/\/artelatz.eus\/es\/2015\/10\/un-ano-mas-el-ayuntamiento-de-lasarte-oria-ha-participado-en-la-semana-europea-de-la-movilidad-sostenible\/#breadcrumb","itemListElement":[{"@type":"ListItem","position":1,"name":"Home","item":"https:\/\/artelatz.eus\/es\/"},{"@type":"ListItem","position":2,"name":"Un a\u00f1o m\u00e1s el Ayuntamiento de Lasarte-Oria ha participado en la Semana Europea de la Movilidad Sostenible"}]},{"@type":"WebSite","@id":"https:\/\/artelatz.eus\/#website","url":"https:\/\/artelatz.eus\/","name":"Artelatz","description":"Ingurumen zerbitzuak","publisher":{"@id":"https:\/\/artelatz.eus\/#organization"},"potentialAction":[{"@type":"SearchAction","target":{"@type":"EntryPoint","urlTemplate":"https:\/\/artelatz.eus\/?s={search_term_string}"},"query-input":{"@type":"PropertyValueSpecification","valueRequired":true,"valueName":"search_term_string"}}],"inLanguage":"es"},{"@type":"Organization","@id":"https:\/\/artelatz.eus\/#organization","name":"Artelatz Ingurugiro Zerbitzuak","url":"https:\/\/artelatz.eus\/","logo":{"@type":"ImageObject","inLanguage":"es","@id":"https:\/\/artelatz.eus\/#\/schema\/logo\/image\/","url":"https:\/\/artelatz.eus\/wp-content\/uploads\/2019\/03\/Artelatz_logo.png","contentUrl":"https:\/\/artelatz.eus\/wp-content\/uploads\/2019\/03\/Artelatz_logo.png","width":200,"height":87,"caption":"Artelatz Ingurugiro Zerbitzuak"},"image":{"@id":"https:\/\/artelatz.eus\/#\/schema\/logo\/image\/"},"sameAs":["https:\/\/www.facebook.com\/Artelatz-143100262512937\/","https:\/\/x.com\/artelatz_inguru","https:\/\/www.youtube.com\/user\/artelatz"]},{"@type":"Person","@id":"https:\/\/artelatz.eus\/#\/schema\/person\/6202ce685bb722b36e5f968e6c52f435","name":"Artelatz","image":{"@type":"ImageObject","inLanguage":"es","@id":"https:\/\/secure.gravatar.com\/avatar\/ddd422a1cc366c3c23fd9ee2a4694f17bedb940c173c5feecc948da3e7ed3f04?s=96&d=mm&r=g","url":"https:\/\/secure.gravatar.com\/avatar\/ddd422a1cc366c3c23fd9ee2a4694f17bedb940c173c5feecc948da3e7ed3f04?s=96&d=mm&r=g","contentUrl":"https:\/\/secure.gravatar.com\/avatar\/ddd422a1cc366c3c23fd9ee2a4694f17bedb940c173c5feecc948da3e7ed3f04?s=96&d=mm&r=g","caption":"Artelatz"},"sameAs":["https:\/\/artelatz.eus\/"]}]}},"_links":{"self":[{"href":"https:\/\/artelatz.eus\/es\/wp-json\/wp\/v2\/posts\/3296","targetHints":{"allow":["GET"]}}],"collection":[{"href":"https:\/\/artelatz.eus\/es\/wp-json\/wp\/v2\/posts"}],"about":[{"href":"https:\/\/artelatz.eus\/es\/wp-json\/wp\/v2\/types\/post"}],"author":[{"embeddable":true,"href":"https:\/\/artelatz.eus\/es\/wp-json\/wp\/v2\/users\/2"}],"replies":[{"embeddable":true,"href":"https:\/\/artelatz.eus\/es\/wp-json\/wp\/v2\/comments?post=3296"}],"version-history":[{"count":1,"href":"https:\/\/artelatz.eus\/es\/wp-json\/wp\/v2\/posts\/3296\/revisions"}],"predecessor-version":[{"id":5441,"href":"https:\/\/artelatz.eus\/es\/wp-json\/wp\/v2\/posts\/3296\/revisions\/5441"}],"wp:featuredmedia":[{"embeddable":true,"href":"https:\/\/artelatz.eus\/es\/wp-json\/wp\/v2\/media\/5759"}],"wp:attachment":[{"href":"https:\/\/artelatz.eus\/es\/wp-json\/wp\/v2\/media?parent=3296"}],"wp:term":[{"taxonomy":"category","embeddable":true,"href":"https:\/\/artelatz.eus\/es\/wp-json\/wp\/v2\/categories?post=3296"},{"taxonomy":"post_tag","embeddable":true,"href":"https:\/\/artelatz.eus\/es\/wp-json\/wp\/v2\/tags?post=3296"}],"curies":[{"name":"wp","href":"https:\/\/api.w.org\/{rel}","templated":true}]}}