{"id":3293,"date":"2015-10-01T17:18:01","date_gmt":"2015-10-01T15:18:01","guid":{"rendered":"http:\/\/artelatz.eus\/?p=3293"},"modified":"2019-03-20T11:12:19","modified_gmt":"2019-03-20T10:12:19","slug":"recicla-y-dejate-ver","status":"publish","type":"post","link":"https:\/\/artelatz.eus\/es\/2015\/10\/recicla-y-dejate-ver\/","title":{"rendered":"Recicla y \u00a1d\u00e9jate ver!"},"content":{"rendered":"<p style=\"text-align: justify;\">En las \u00faltimas semanas de septiembre Servicios de Txingudi ha iniciado su nueva campa\u00f1a de sensibilizaci\u00f3n de reciclaje con el lema \u201cRecicla y \u00a1d\u00e9jate ver!. Con esta nueva campa\u00f1a se ha perseguido el objetivo de incidir sobre la importancia de que toda las personas asumamos el h\u00e1bito de facilitar el reciclaje, contribuyendo as\u00ed en la preservaci\u00f3n del medio ambiente.<\/p>\n<p style=\"text-align: justify;\">Esta campa\u00f1a ha tenido una fuerte presencia en las calles de Irun y Hondarribia con diferentes actividades que han permitido un contacto directo con la gente y se han abierto espacios donde aclarar dudas que todav\u00eda tiene la ciudadan\u00eda acerca de las diferentes l\u00edneas de recogida existentes. A la vez, se ha repartido en todos los buzones de la comarca un folleto con informaci\u00f3n sobre las l\u00edneas de recogida existentes.<\/p>\n<p style=\"text-align: justify;\">Entre las actividades que han permitido interactuar con ciudadanos de todas las edades , se encuentran \u201cEl juego de globos\u201d y \u201cPedaleando\u201d. Todas estas actividades han sigo guiadas por los educadores ambientales de Artelatz.<\/p>\n","protected":false},"excerpt":{"rendered":"<p>En las \u00faltimas semanas de septiembre Servicios de Txingudi ha iniciado su nueva campa\u00f1a de sensibilizaci\u00f3n de reciclaje con el lema \u201cRecicla y \u00a1d\u00e9jate ver!. Con esta nueva campa\u00f1a se ha perseguido el objetivo de incidir sobre la importancia de que toda las personas asumamos el h\u00e1bito de facilitar el reciclaje, contribuyendo as\u00ed en la [&hellip;]<\/p>\n","protected":false},"author":2,"featured_media":5762,"comment_status":"open","ping_status":"open","sticky":false,"template":"","format":"standard","meta":{"_et_pb_use_builder":"","_et_pb_old_content":"","_et_gb_content_width":"","footnotes":""},"categories":[50,51],"tags":[],"class_list":["post-3293","post","type-post","status-publish","format-standard","has-post-thumbnail","hentry","category-educacion-medioambiental","category-residuos"],"yoast_head":"<!-- This site is optimized with the Yoast SEO plugin v27.3 - https:\/\/yoast.com\/product\/yoast-seo-wordpress\/ -->\n<title>Recicla y \u00a1d\u00e9jate ver! &#8226; Artelatz<\/title>\n<meta name=\"robots\" content=\"index, follow, max-snippet:-1, max-image-preview:large, max-video-preview:-1\" \/>\n<link rel=\"canonical\" href=\"https:\/\/artelatz.eus\/es\/2015\/10\/recicla-y-dejate-ver\/\" \/>\n<meta property=\"og:locale\" content=\"es_ES\" \/>\n<meta property=\"og:type\" content=\"article\" \/>\n<meta property=\"og:title\" content=\"Recicla y \u00a1d\u00e9jate ver! &#8226; Artelatz\" \/>\n<meta property=\"og:description\" content=\"En las \u00faltimas semanas de septiembre Servicios de Txingudi ha iniciado su nueva campa\u00f1a de sensibilizaci\u00f3n de reciclaje con el lema \u201cRecicla y \u00a1d\u00e9jate ver!. Con esta nueva campa\u00f1a se ha perseguido el objetivo de incidir sobre la importancia de que toda las personas asumamos el h\u00e1bito de facilitar el reciclaje, contribuyendo as\u00ed en la [&hellip;]\" \/>\n<meta property=\"og:url\" content=\"https:\/\/artelatz.eus\/es\/2015\/10\/recicla-y-dejate-ver\/\" \/>\n<meta property=\"og:site_name\" content=\"Artelatz\" \/>\n<meta property=\"article:publisher\" content=\"https:\/\/www.facebook.com\/Artelatz-143100262512937\/\" \/>\n<meta property=\"article:published_time\" content=\"2015-10-01T15:18:01+00:00\" \/>\n<meta property=\"article:modified_time\" content=\"2019-03-20T10:12:19+00:00\" \/>\n<meta property=\"og:image\" content=\"https:\/\/artelatz.eus\/wp-content\/uploads\/2015\/10\/69.jpg\" \/>\n\t<meta property=\"og:image:width\" content=\"610\" \/>\n\t<meta property=\"og:image:height\" content=\"406\" \/>\n\t<meta property=\"og:image:type\" content=\"image\/jpeg\" \/>\n<meta name=\"author\" content=\"Artelatz\" \/>\n<meta name=\"twitter:card\" content=\"summary_large_image\" \/>\n<meta name=\"twitter:creator\" content=\"@artelatz_inguru\" \/>\n<meta name=\"twitter:site\" content=\"@artelatz_inguru\" \/>\n<meta name=\"twitter:label1\" content=\"Escrito por\" \/>\n\t<meta name=\"twitter:data1\" content=\"Artelatz\" \/>\n\t<meta name=\"twitter:label2\" content=\"Tiempo de lectura\" \/>\n\t<meta name=\"twitter:data2\" content=\"1 minuto\" \/>\n<script type=\"application\/ld+json\" class=\"yoast-schema-graph\">{\"@context\":\"https:\\\/\\\/schema.org\",\"@graph\":[{\"@type\":\"Article\",\"@id\":\"https:\\\/\\\/artelatz.eus\\\/es\\\/2015\\\/10\\\/recicla-y-dejate-ver\\\/#article\",\"isPartOf\":{\"@id\":\"https:\\\/\\\/artelatz.eus\\\/es\\\/2015\\\/10\\\/recicla-y-dejate-ver\\\/\"},\"author\":{\"name\":\"Artelatz\",\"@id\":\"https:\\\/\\\/artelatz.eus\\\/#\\\/schema\\\/person\\\/6202ce685bb722b36e5f968e6c52f435\"},\"headline\":\"Recicla y \u00a1d\u00e9jate ver!\",\"datePublished\":\"2015-10-01T15:18:01+00:00\",\"dateModified\":\"2019-03-20T10:12:19+00:00\",\"mainEntityOfPage\":{\"@id\":\"https:\\\/\\\/artelatz.eus\\\/es\\\/2015\\\/10\\\/recicla-y-dejate-ver\\\/\"},\"wordCount\":179,\"commentCount\":0,\"publisher\":{\"@id\":\"https:\\\/\\\/artelatz.eus\\\/#organization\"},\"image\":{\"@id\":\"https:\\\/\\\/artelatz.eus\\\/es\\\/2015\\\/10\\\/recicla-y-dejate-ver\\\/#primaryimage\"},\"thumbnailUrl\":\"https:\\\/\\\/artelatz.eus\\\/wp-content\\\/uploads\\\/2015\\\/10\\\/69.jpg\",\"articleSection\":[\"Educaci\u00f3n medioambiental\",\"Residuos\"],\"inLanguage\":\"es\",\"potentialAction\":[{\"@type\":\"CommentAction\",\"name\":\"Comment\",\"target\":[\"https:\\\/\\\/artelatz.eus\\\/es\\\/2015\\\/10\\\/recicla-y-dejate-ver\\\/#respond\"]}]},{\"@type\":\"WebPage\",\"@id\":\"https:\\\/\\\/artelatz.eus\\\/es\\\/2015\\\/10\\\/recicla-y-dejate-ver\\\/\",\"url\":\"https:\\\/\\\/artelatz.eus\\\/es\\\/2015\\\/10\\\/recicla-y-dejate-ver\\\/\",\"name\":\"Recicla y \u00a1d\u00e9jate ver! &#8226; Artelatz\",\"isPartOf\":{\"@id\":\"https:\\\/\\\/artelatz.eus\\\/#website\"},\"primaryImageOfPage\":{\"@id\":\"https:\\\/\\\/artelatz.eus\\\/es\\\/2015\\\/10\\\/recicla-y-dejate-ver\\\/#primaryimage\"},\"image\":{\"@id\":\"https:\\\/\\\/artelatz.eus\\\/es\\\/2015\\\/10\\\/recicla-y-dejate-ver\\\/#primaryimage\"},\"thumbnailUrl\":\"https:\\\/\\\/artelatz.eus\\\/wp-content\\\/uploads\\\/2015\\\/10\\\/69.jpg\",\"datePublished\":\"2015-10-01T15:18:01+00:00\",\"dateModified\":\"2019-03-20T10:12:19+00:00\",\"breadcrumb\":{\"@id\":\"https:\\\/\\\/artelatz.eus\\\/es\\\/2015\\\/10\\\/recicla-y-dejate-ver\\\/#breadcrumb\"},\"inLanguage\":\"es\",\"potentialAction\":[{\"@type\":\"ReadAction\",\"target\":[\"https:\\\/\\\/artelatz.eus\\\/es\\\/2015\\\/10\\\/recicla-y-dejate-ver\\\/\"]}]},{\"@type\":\"ImageObject\",\"inLanguage\":\"es\",\"@id\":\"https:\\\/\\\/artelatz.eus\\\/es\\\/2015\\\/10\\\/recicla-y-dejate-ver\\\/#primaryimage\",\"url\":\"https:\\\/\\\/artelatz.eus\\\/wp-content\\\/uploads\\\/2015\\\/10\\\/69.jpg\",\"contentUrl\":\"https:\\\/\\\/artelatz.eus\\\/wp-content\\\/uploads\\\/2015\\\/10\\\/69.jpg\",\"width\":610,\"height\":406},{\"@type\":\"BreadcrumbList\",\"@id\":\"https:\\\/\\\/artelatz.eus\\\/es\\\/2015\\\/10\\\/recicla-y-dejate-ver\\\/#breadcrumb\",\"itemListElement\":[{\"@type\":\"ListItem\",\"position\":1,\"name\":\"Home\",\"item\":\"https:\\\/\\\/artelatz.eus\\\/es\\\/\"},{\"@type\":\"ListItem\",\"position\":2,\"name\":\"Recicla y \u00a1d\u00e9jate ver!\"}]},{\"@type\":\"WebSite\",\"@id\":\"https:\\\/\\\/artelatz.eus\\\/#website\",\"url\":\"https:\\\/\\\/artelatz.eus\\\/\",\"name\":\"Artelatz\",\"description\":\"Ingurumen zerbitzuak\",\"publisher\":{\"@id\":\"https:\\\/\\\/artelatz.eus\\\/#organization\"},\"potentialAction\":[{\"@type\":\"SearchAction\",\"target\":{\"@type\":\"EntryPoint\",\"urlTemplate\":\"https:\\\/\\\/artelatz.eus\\\/?s={search_term_string}\"},\"query-input\":{\"@type\":\"PropertyValueSpecification\",\"valueRequired\":true,\"valueName\":\"search_term_string\"}}],\"inLanguage\":\"es\"},{\"@type\":\"Organization\",\"@id\":\"https:\\\/\\\/artelatz.eus\\\/#organization\",\"name\":\"Artelatz Ingurugiro Zerbitzuak\",\"url\":\"https:\\\/\\\/artelatz.eus\\\/\",\"logo\":{\"@type\":\"ImageObject\",\"inLanguage\":\"es\",\"@id\":\"https:\\\/\\\/artelatz.eus\\\/#\\\/schema\\\/logo\\\/image\\\/\",\"url\":\"https:\\\/\\\/artelatz.eus\\\/wp-content\\\/uploads\\\/2019\\\/03\\\/Artelatz_logo.png\",\"contentUrl\":\"https:\\\/\\\/artelatz.eus\\\/wp-content\\\/uploads\\\/2019\\\/03\\\/Artelatz_logo.png\",\"width\":200,\"height\":87,\"caption\":\"Artelatz Ingurugiro Zerbitzuak\"},\"image\":{\"@id\":\"https:\\\/\\\/artelatz.eus\\\/#\\\/schema\\\/logo\\\/image\\\/\"},\"sameAs\":[\"https:\\\/\\\/www.facebook.com\\\/Artelatz-143100262512937\\\/\",\"https:\\\/\\\/x.com\\\/artelatz_inguru\",\"https:\\\/\\\/www.youtube.com\\\/user\\\/artelatz\"]},{\"@type\":\"Person\",\"@id\":\"https:\\\/\\\/artelatz.eus\\\/#\\\/schema\\\/person\\\/6202ce685bb722b36e5f968e6c52f435\",\"name\":\"Artelatz\",\"image\":{\"@type\":\"ImageObject\",\"inLanguage\":\"es\",\"@id\":\"https:\\\/\\\/secure.gravatar.com\\\/avatar\\\/ddd422a1cc366c3c23fd9ee2a4694f17bedb940c173c5feecc948da3e7ed3f04?s=96&d=mm&r=g\",\"url\":\"https:\\\/\\\/secure.gravatar.com\\\/avatar\\\/ddd422a1cc366c3c23fd9ee2a4694f17bedb940c173c5feecc948da3e7ed3f04?s=96&d=mm&r=g\",\"contentUrl\":\"https:\\\/\\\/secure.gravatar.com\\\/avatar\\\/ddd422a1cc366c3c23fd9ee2a4694f17bedb940c173c5feecc948da3e7ed3f04?s=96&d=mm&r=g\",\"caption\":\"Artelatz\"},\"sameAs\":[\"https:\\\/\\\/artelatz.eus\\\/\"]}]}<\/script>\n<!-- \/ Yoast SEO plugin. -->","yoast_head_json":{"title":"Recicla y \u00a1d\u00e9jate ver! &#8226; Artelatz","robots":{"index":"index","follow":"follow","max-snippet":"max-snippet:-1","max-image-preview":"max-image-preview:large","max-video-preview":"max-video-preview:-1"},"canonical":"https:\/\/artelatz.eus\/es\/2015\/10\/recicla-y-dejate-ver\/","og_locale":"es_ES","og_type":"article","og_title":"Recicla y \u00a1d\u00e9jate ver! &#8226; Artelatz","og_description":"En las \u00faltimas semanas de septiembre Servicios de Txingudi ha iniciado su nueva campa\u00f1a de sensibilizaci\u00f3n de reciclaje con el lema \u201cRecicla y \u00a1d\u00e9jate ver!. Con esta nueva campa\u00f1a se ha perseguido el objetivo de incidir sobre la importancia de que toda las personas asumamos el h\u00e1bito de facilitar el reciclaje, contribuyendo as\u00ed en la [&hellip;]","og_url":"https:\/\/artelatz.eus\/es\/2015\/10\/recicla-y-dejate-ver\/","og_site_name":"Artelatz","article_publisher":"https:\/\/www.facebook.com\/Artelatz-143100262512937\/","article_published_time":"2015-10-01T15:18:01+00:00","article_modified_time":"2019-03-20T10:12:19+00:00","og_image":[{"width":610,"height":406,"url":"https:\/\/artelatz.eus\/wp-content\/uploads\/2015\/10\/69.jpg","type":"image\/jpeg"}],"author":"Artelatz","twitter_card":"summary_large_image","twitter_creator":"@artelatz_inguru","twitter_site":"@artelatz_inguru","twitter_misc":{"Escrito por":"Artelatz","Tiempo de lectura":"1 minuto"},"schema":{"@context":"https:\/\/schema.org","@graph":[{"@type":"Article","@id":"https:\/\/artelatz.eus\/es\/2015\/10\/recicla-y-dejate-ver\/#article","isPartOf":{"@id":"https:\/\/artelatz.eus\/es\/2015\/10\/recicla-y-dejate-ver\/"},"author":{"name":"Artelatz","@id":"https:\/\/artelatz.eus\/#\/schema\/person\/6202ce685bb722b36e5f968e6c52f435"},"headline":"Recicla y \u00a1d\u00e9jate ver!","datePublished":"2015-10-01T15:18:01+00:00","dateModified":"2019-03-20T10:12:19+00:00","mainEntityOfPage":{"@id":"https:\/\/artelatz.eus\/es\/2015\/10\/recicla-y-dejate-ver\/"},"wordCount":179,"commentCount":0,"publisher":{"@id":"https:\/\/artelatz.eus\/#organization"},"image":{"@id":"https:\/\/artelatz.eus\/es\/2015\/10\/recicla-y-dejate-ver\/#primaryimage"},"thumbnailUrl":"https:\/\/artelatz.eus\/wp-content\/uploads\/2015\/10\/69.jpg","articleSection":["Educaci\u00f3n medioambiental","Residuos"],"inLanguage":"es","potentialAction":[{"@type":"CommentAction","name":"Comment","target":["https:\/\/artelatz.eus\/es\/2015\/10\/recicla-y-dejate-ver\/#respond"]}]},{"@type":"WebPage","@id":"https:\/\/artelatz.eus\/es\/2015\/10\/recicla-y-dejate-ver\/","url":"https:\/\/artelatz.eus\/es\/2015\/10\/recicla-y-dejate-ver\/","name":"Recicla y \u00a1d\u00e9jate ver! &#8226; Artelatz","isPartOf":{"@id":"https:\/\/artelatz.eus\/#website"},"primaryImageOfPage":{"@id":"https:\/\/artelatz.eus\/es\/2015\/10\/recicla-y-dejate-ver\/#primaryimage"},"image":{"@id":"https:\/\/artelatz.eus\/es\/2015\/10\/recicla-y-dejate-ver\/#primaryimage"},"thumbnailUrl":"https:\/\/artelatz.eus\/wp-content\/uploads\/2015\/10\/69.jpg","datePublished":"2015-10-01T15:18:01+00:00","dateModified":"2019-03-20T10:12:19+00:00","breadcrumb":{"@id":"https:\/\/artelatz.eus\/es\/2015\/10\/recicla-y-dejate-ver\/#breadcrumb"},"inLanguage":"es","potentialAction":[{"@type":"ReadAction","target":["https:\/\/artelatz.eus\/es\/2015\/10\/recicla-y-dejate-ver\/"]}]},{"@type":"ImageObject","inLanguage":"es","@id":"https:\/\/artelatz.eus\/es\/2015\/10\/recicla-y-dejate-ver\/#primaryimage","url":"https:\/\/artelatz.eus\/wp-content\/uploads\/2015\/10\/69.jpg","contentUrl":"https:\/\/artelatz.eus\/wp-content\/uploads\/2015\/10\/69.jpg","width":610,"height":406},{"@type":"BreadcrumbList","@id":"https:\/\/artelatz.eus\/es\/2015\/10\/recicla-y-dejate-ver\/#breadcrumb","itemListElement":[{"@type":"ListItem","position":1,"name":"Home","item":"https:\/\/artelatz.eus\/es\/"},{"@type":"ListItem","position":2,"name":"Recicla y \u00a1d\u00e9jate ver!"}]},{"@type":"WebSite","@id":"https:\/\/artelatz.eus\/#website","url":"https:\/\/artelatz.eus\/","name":"Artelatz","description":"Ingurumen zerbitzuak","publisher":{"@id":"https:\/\/artelatz.eus\/#organization"},"potentialAction":[{"@type":"SearchAction","target":{"@type":"EntryPoint","urlTemplate":"https:\/\/artelatz.eus\/?s={search_term_string}"},"query-input":{"@type":"PropertyValueSpecification","valueRequired":true,"valueName":"search_term_string"}}],"inLanguage":"es"},{"@type":"Organization","@id":"https:\/\/artelatz.eus\/#organization","name":"Artelatz Ingurugiro Zerbitzuak","url":"https:\/\/artelatz.eus\/","logo":{"@type":"ImageObject","inLanguage":"es","@id":"https:\/\/artelatz.eus\/#\/schema\/logo\/image\/","url":"https:\/\/artelatz.eus\/wp-content\/uploads\/2019\/03\/Artelatz_logo.png","contentUrl":"https:\/\/artelatz.eus\/wp-content\/uploads\/2019\/03\/Artelatz_logo.png","width":200,"height":87,"caption":"Artelatz Ingurugiro Zerbitzuak"},"image":{"@id":"https:\/\/artelatz.eus\/#\/schema\/logo\/image\/"},"sameAs":["https:\/\/www.facebook.com\/Artelatz-143100262512937\/","https:\/\/x.com\/artelatz_inguru","https:\/\/www.youtube.com\/user\/artelatz"]},{"@type":"Person","@id":"https:\/\/artelatz.eus\/#\/schema\/person\/6202ce685bb722b36e5f968e6c52f435","name":"Artelatz","image":{"@type":"ImageObject","inLanguage":"es","@id":"https:\/\/secure.gravatar.com\/avatar\/ddd422a1cc366c3c23fd9ee2a4694f17bedb940c173c5feecc948da3e7ed3f04?s=96&d=mm&r=g","url":"https:\/\/secure.gravatar.com\/avatar\/ddd422a1cc366c3c23fd9ee2a4694f17bedb940c173c5feecc948da3e7ed3f04?s=96&d=mm&r=g","contentUrl":"https:\/\/secure.gravatar.com\/avatar\/ddd422a1cc366c3c23fd9ee2a4694f17bedb940c173c5feecc948da3e7ed3f04?s=96&d=mm&r=g","caption":"Artelatz"},"sameAs":["https:\/\/artelatz.eus\/"]}]}},"_links":{"self":[{"href":"https:\/\/artelatz.eus\/es\/wp-json\/wp\/v2\/posts\/3293","targetHints":{"allow":["GET"]}}],"collection":[{"href":"https:\/\/artelatz.eus\/es\/wp-json\/wp\/v2\/posts"}],"about":[{"href":"https:\/\/artelatz.eus\/es\/wp-json\/wp\/v2\/types\/post"}],"author":[{"embeddable":true,"href":"https:\/\/artelatz.eus\/es\/wp-json\/wp\/v2\/users\/2"}],"replies":[{"embeddable":true,"href":"https:\/\/artelatz.eus\/es\/wp-json\/wp\/v2\/comments?post=3293"}],"version-history":[{"count":1,"href":"https:\/\/artelatz.eus\/es\/wp-json\/wp\/v2\/posts\/3293\/revisions"}],"predecessor-version":[{"id":5442,"href":"https:\/\/artelatz.eus\/es\/wp-json\/wp\/v2\/posts\/3293\/revisions\/5442"}],"wp:featuredmedia":[{"embeddable":true,"href":"https:\/\/artelatz.eus\/es\/wp-json\/wp\/v2\/media\/5762"}],"wp:attachment":[{"href":"https:\/\/artelatz.eus\/es\/wp-json\/wp\/v2\/media?parent=3293"}],"wp:term":[{"taxonomy":"category","embeddable":true,"href":"https:\/\/artelatz.eus\/es\/wp-json\/wp\/v2\/categories?post=3293"},{"taxonomy":"post_tag","embeddable":true,"href":"https:\/\/artelatz.eus\/es\/wp-json\/wp\/v2\/tags?post=3293"}],"curies":[{"name":"wp","href":"https:\/\/api.w.org\/{rel}","templated":true}]}}