{"id":3091,"date":"2015-02-27T17:27:16","date_gmt":"2015-02-27T16:27:16","guid":{"rendered":"http:\/\/artelatz.eus\/?p=3091"},"modified":"2019-03-20T11:37:58","modified_gmt":"2019-03-20T10:37:58","slug":"se-ha-llevado-a-cabo-la-segunda-fase-del-contenedor-marron-en-galdakao","status":"publish","type":"post","link":"https:\/\/artelatz.eus\/es\/2015\/02\/se-ha-llevado-a-cabo-la-segunda-fase-del-contenedor-marron-en-galdakao\/","title":{"rendered":"Se ha llevado a cabo la segunda fase del contenedor marr\u00f3n en Galdakao"},"content":{"rendered":"<p style=\"text-align: justify;\">Nuevas familias han tenido la oportunidad de sumarse a la campa\u00f1a de recogida selectiva de materia org\u00e1nica impulsada por el Ayuntamiento de Galdakao y cofinanciada por la Diputaci\u00f3n Foral de Bizkaia.<\/p>\n<p style=\"text-align: justify;\">El a\u00f1o pasado se contabilizaron 1.571 familias y en esta segunda fase de momento han empezado a separar los residuos org\u00e1nicos 390 familias, teniendo en cuenta que en la oficina ESAN (calle Bilbo) todav\u00eda tienen la oportunidad de inscribirse las personas de la zona que as\u00ed lo deseen.<\/p>\n<p style=\"text-align: justify;\">\u00a0Se han colocado cuatro buzones marrones en las siguientes calles: Zamakoa, Muguru y Ganekogorta para la recogida selectiva de la materia org\u00e1nica de origen vegetal (Restos de fruta, verduras, caf\u00e9, infusiones, etc). El objetivo es evitar que la materia org\u00e1nica termine en una planta incineradora o vertedero ya que puede ser reciclada en una planta de compostaje y as\u00ed obtener compost o abono natural.<\/p>\n<p style=\"text-align: justify;\">\u00a0Para ello se ha hecho entrega en los domicilios de los materiales necesarios (tarjeta de apertura del buz\u00f3n, cubo, bolsas compostables y material informativo).<\/p>\n<p style=\"text-align: justify;\">\n","protected":false},"excerpt":{"rendered":"<p>Nuevas familias han tenido la oportunidad de sumarse a la campa\u00f1a de recogida selectiva de materia org\u00e1nica impulsada por el Ayuntamiento de Galdakao y cofinanciada por la Diputaci\u00f3n Foral de Bizkaia. El a\u00f1o pasado se contabilizaron 1.571 familias y en esta segunda fase de momento han empezado a separar los residuos org\u00e1nicos 390 familias, teniendo [&hellip;]<\/p>\n","protected":false},"author":2,"featured_media":5831,"comment_status":"open","ping_status":"open","sticky":false,"template":"","format":"standard","meta":{"_et_pb_use_builder":"","_et_pb_old_content":"","_et_gb_content_width":"","footnotes":""},"categories":[50,51],"tags":[],"class_list":["post-3091","post","type-post","status-publish","format-standard","has-post-thumbnail","hentry","category-educacion-medioambiental","category-residuos"],"yoast_head":"<!-- This site is optimized with the Yoast SEO plugin v27.3 - https:\/\/yoast.com\/product\/yoast-seo-wordpress\/ -->\n<title>Se ha llevado a cabo la segunda fase del contenedor marr\u00f3n en Galdakao &#8226; Artelatz<\/title>\n<meta name=\"robots\" content=\"index, follow, max-snippet:-1, max-image-preview:large, max-video-preview:-1\" \/>\n<link rel=\"canonical\" href=\"https:\/\/artelatz.eus\/es\/2015\/02\/se-ha-llevado-a-cabo-la-segunda-fase-del-contenedor-marron-en-galdakao\/\" \/>\n<meta property=\"og:locale\" content=\"es_ES\" \/>\n<meta property=\"og:type\" content=\"article\" \/>\n<meta property=\"og:title\" content=\"Se ha llevado a cabo la segunda fase del contenedor marr\u00f3n en Galdakao &#8226; Artelatz\" \/>\n<meta property=\"og:description\" content=\"Nuevas familias han tenido la oportunidad de sumarse a la campa\u00f1a de recogida selectiva de materia org\u00e1nica impulsada por el Ayuntamiento de Galdakao y cofinanciada por la Diputaci\u00f3n Foral de Bizkaia. El a\u00f1o pasado se contabilizaron 1.571 familias y en esta segunda fase de momento han empezado a separar los residuos org\u00e1nicos 390 familias, teniendo [&hellip;]\" \/>\n<meta property=\"og:url\" content=\"https:\/\/artelatz.eus\/es\/2015\/02\/se-ha-llevado-a-cabo-la-segunda-fase-del-contenedor-marron-en-galdakao\/\" \/>\n<meta property=\"og:site_name\" content=\"Artelatz\" \/>\n<meta property=\"article:publisher\" content=\"https:\/\/www.facebook.com\/Artelatz-143100262512937\/\" \/>\n<meta property=\"article:published_time\" content=\"2015-02-27T16:27:16+00:00\" \/>\n<meta property=\"article:modified_time\" content=\"2019-03-20T10:37:58+00:00\" \/>\n<meta property=\"og:image\" content=\"https:\/\/artelatz.eus\/wp-content\/uploads\/2015\/02\/91.jpg\" \/>\n\t<meta property=\"og:image:width\" content=\"610\" \/>\n\t<meta property=\"og:image:height\" content=\"215\" \/>\n\t<meta property=\"og:image:type\" content=\"image\/jpeg\" \/>\n<meta name=\"author\" content=\"Artelatz\" \/>\n<meta name=\"twitter:card\" content=\"summary_large_image\" \/>\n<meta name=\"twitter:creator\" content=\"@artelatz_inguru\" \/>\n<meta name=\"twitter:site\" content=\"@artelatz_inguru\" \/>\n<meta name=\"twitter:label1\" content=\"Escrito por\" \/>\n\t<meta name=\"twitter:data1\" content=\"Artelatz\" \/>\n\t<meta name=\"twitter:label2\" content=\"Tiempo de lectura\" \/>\n\t<meta name=\"twitter:data2\" content=\"1 minuto\" \/>\n<script type=\"application\/ld+json\" class=\"yoast-schema-graph\">{\"@context\":\"https:\\\/\\\/schema.org\",\"@graph\":[{\"@type\":\"Article\",\"@id\":\"https:\\\/\\\/artelatz.eus\\\/es\\\/2015\\\/02\\\/se-ha-llevado-a-cabo-la-segunda-fase-del-contenedor-marron-en-galdakao\\\/#article\",\"isPartOf\":{\"@id\":\"https:\\\/\\\/artelatz.eus\\\/es\\\/2015\\\/02\\\/se-ha-llevado-a-cabo-la-segunda-fase-del-contenedor-marron-en-galdakao\\\/\"},\"author\":{\"name\":\"Artelatz\",\"@id\":\"https:\\\/\\\/artelatz.eus\\\/#\\\/schema\\\/person\\\/6202ce685bb722b36e5f968e6c52f435\"},\"headline\":\"Se ha llevado a cabo la segunda fase del contenedor marr\u00f3n en Galdakao\",\"datePublished\":\"2015-02-27T16:27:16+00:00\",\"dateModified\":\"2019-03-20T10:37:58+00:00\",\"mainEntityOfPage\":{\"@id\":\"https:\\\/\\\/artelatz.eus\\\/es\\\/2015\\\/02\\\/se-ha-llevado-a-cabo-la-segunda-fase-del-contenedor-marron-en-galdakao\\\/\"},\"wordCount\":188,\"commentCount\":0,\"publisher\":{\"@id\":\"https:\\\/\\\/artelatz.eus\\\/#organization\"},\"image\":{\"@id\":\"https:\\\/\\\/artelatz.eus\\\/es\\\/2015\\\/02\\\/se-ha-llevado-a-cabo-la-segunda-fase-del-contenedor-marron-en-galdakao\\\/#primaryimage\"},\"thumbnailUrl\":\"https:\\\/\\\/artelatz.eus\\\/wp-content\\\/uploads\\\/2015\\\/02\\\/91.jpg\",\"articleSection\":[\"Educaci\u00f3n medioambiental\",\"Residuos\"],\"inLanguage\":\"es\",\"potentialAction\":[{\"@type\":\"CommentAction\",\"name\":\"Comment\",\"target\":[\"https:\\\/\\\/artelatz.eus\\\/es\\\/2015\\\/02\\\/se-ha-llevado-a-cabo-la-segunda-fase-del-contenedor-marron-en-galdakao\\\/#respond\"]}]},{\"@type\":\"WebPage\",\"@id\":\"https:\\\/\\\/artelatz.eus\\\/es\\\/2015\\\/02\\\/se-ha-llevado-a-cabo-la-segunda-fase-del-contenedor-marron-en-galdakao\\\/\",\"url\":\"https:\\\/\\\/artelatz.eus\\\/es\\\/2015\\\/02\\\/se-ha-llevado-a-cabo-la-segunda-fase-del-contenedor-marron-en-galdakao\\\/\",\"name\":\"Se ha llevado a cabo la segunda fase del contenedor marr\u00f3n en Galdakao &#8226; Artelatz\",\"isPartOf\":{\"@id\":\"https:\\\/\\\/artelatz.eus\\\/#website\"},\"primaryImageOfPage\":{\"@id\":\"https:\\\/\\\/artelatz.eus\\\/es\\\/2015\\\/02\\\/se-ha-llevado-a-cabo-la-segunda-fase-del-contenedor-marron-en-galdakao\\\/#primaryimage\"},\"image\":{\"@id\":\"https:\\\/\\\/artelatz.eus\\\/es\\\/2015\\\/02\\\/se-ha-llevado-a-cabo-la-segunda-fase-del-contenedor-marron-en-galdakao\\\/#primaryimage\"},\"thumbnailUrl\":\"https:\\\/\\\/artelatz.eus\\\/wp-content\\\/uploads\\\/2015\\\/02\\\/91.jpg\",\"datePublished\":\"2015-02-27T16:27:16+00:00\",\"dateModified\":\"2019-03-20T10:37:58+00:00\",\"breadcrumb\":{\"@id\":\"https:\\\/\\\/artelatz.eus\\\/es\\\/2015\\\/02\\\/se-ha-llevado-a-cabo-la-segunda-fase-del-contenedor-marron-en-galdakao\\\/#breadcrumb\"},\"inLanguage\":\"es\",\"potentialAction\":[{\"@type\":\"ReadAction\",\"target\":[\"https:\\\/\\\/artelatz.eus\\\/es\\\/2015\\\/02\\\/se-ha-llevado-a-cabo-la-segunda-fase-del-contenedor-marron-en-galdakao\\\/\"]}]},{\"@type\":\"ImageObject\",\"inLanguage\":\"es\",\"@id\":\"https:\\\/\\\/artelatz.eus\\\/es\\\/2015\\\/02\\\/se-ha-llevado-a-cabo-la-segunda-fase-del-contenedor-marron-en-galdakao\\\/#primaryimage\",\"url\":\"https:\\\/\\\/artelatz.eus\\\/wp-content\\\/uploads\\\/2015\\\/02\\\/91.jpg\",\"contentUrl\":\"https:\\\/\\\/artelatz.eus\\\/wp-content\\\/uploads\\\/2015\\\/02\\\/91.jpg\",\"width\":610,\"height\":215},{\"@type\":\"BreadcrumbList\",\"@id\":\"https:\\\/\\\/artelatz.eus\\\/es\\\/2015\\\/02\\\/se-ha-llevado-a-cabo-la-segunda-fase-del-contenedor-marron-en-galdakao\\\/#breadcrumb\",\"itemListElement\":[{\"@type\":\"ListItem\",\"position\":1,\"name\":\"Home\",\"item\":\"https:\\\/\\\/artelatz.eus\\\/es\\\/\"},{\"@type\":\"ListItem\",\"position\":2,\"name\":\"Se ha llevado a cabo la segunda fase del contenedor marr\u00f3n en Galdakao\"}]},{\"@type\":\"WebSite\",\"@id\":\"https:\\\/\\\/artelatz.eus\\\/#website\",\"url\":\"https:\\\/\\\/artelatz.eus\\\/\",\"name\":\"Artelatz\",\"description\":\"Ingurumen zerbitzuak\",\"publisher\":{\"@id\":\"https:\\\/\\\/artelatz.eus\\\/#organization\"},\"potentialAction\":[{\"@type\":\"SearchAction\",\"target\":{\"@type\":\"EntryPoint\",\"urlTemplate\":\"https:\\\/\\\/artelatz.eus\\\/?s={search_term_string}\"},\"query-input\":{\"@type\":\"PropertyValueSpecification\",\"valueRequired\":true,\"valueName\":\"search_term_string\"}}],\"inLanguage\":\"es\"},{\"@type\":\"Organization\",\"@id\":\"https:\\\/\\\/artelatz.eus\\\/#organization\",\"name\":\"Artelatz Ingurugiro Zerbitzuak\",\"url\":\"https:\\\/\\\/artelatz.eus\\\/\",\"logo\":{\"@type\":\"ImageObject\",\"inLanguage\":\"es\",\"@id\":\"https:\\\/\\\/artelatz.eus\\\/#\\\/schema\\\/logo\\\/image\\\/\",\"url\":\"https:\\\/\\\/artelatz.eus\\\/wp-content\\\/uploads\\\/2019\\\/03\\\/Artelatz_logo.png\",\"contentUrl\":\"https:\\\/\\\/artelatz.eus\\\/wp-content\\\/uploads\\\/2019\\\/03\\\/Artelatz_logo.png\",\"width\":200,\"height\":87,\"caption\":\"Artelatz Ingurugiro Zerbitzuak\"},\"image\":{\"@id\":\"https:\\\/\\\/artelatz.eus\\\/#\\\/schema\\\/logo\\\/image\\\/\"},\"sameAs\":[\"https:\\\/\\\/www.facebook.com\\\/Artelatz-143100262512937\\\/\",\"https:\\\/\\\/x.com\\\/artelatz_inguru\",\"https:\\\/\\\/www.youtube.com\\\/user\\\/artelatz\"]},{\"@type\":\"Person\",\"@id\":\"https:\\\/\\\/artelatz.eus\\\/#\\\/schema\\\/person\\\/6202ce685bb722b36e5f968e6c52f435\",\"name\":\"Artelatz\",\"image\":{\"@type\":\"ImageObject\",\"inLanguage\":\"es\",\"@id\":\"https:\\\/\\\/secure.gravatar.com\\\/avatar\\\/ddd422a1cc366c3c23fd9ee2a4694f17bedb940c173c5feecc948da3e7ed3f04?s=96&d=mm&r=g\",\"url\":\"https:\\\/\\\/secure.gravatar.com\\\/avatar\\\/ddd422a1cc366c3c23fd9ee2a4694f17bedb940c173c5feecc948da3e7ed3f04?s=96&d=mm&r=g\",\"contentUrl\":\"https:\\\/\\\/secure.gravatar.com\\\/avatar\\\/ddd422a1cc366c3c23fd9ee2a4694f17bedb940c173c5feecc948da3e7ed3f04?s=96&d=mm&r=g\",\"caption\":\"Artelatz\"},\"sameAs\":[\"https:\\\/\\\/artelatz.eus\\\/\"]}]}<\/script>\n<!-- \/ Yoast SEO plugin. -->","yoast_head_json":{"title":"Se ha llevado a cabo la segunda fase del contenedor marr\u00f3n en Galdakao &#8226; Artelatz","robots":{"index":"index","follow":"follow","max-snippet":"max-snippet:-1","max-image-preview":"max-image-preview:large","max-video-preview":"max-video-preview:-1"},"canonical":"https:\/\/artelatz.eus\/es\/2015\/02\/se-ha-llevado-a-cabo-la-segunda-fase-del-contenedor-marron-en-galdakao\/","og_locale":"es_ES","og_type":"article","og_title":"Se ha llevado a cabo la segunda fase del contenedor marr\u00f3n en Galdakao &#8226; Artelatz","og_description":"Nuevas familias han tenido la oportunidad de sumarse a la campa\u00f1a de recogida selectiva de materia org\u00e1nica impulsada por el Ayuntamiento de Galdakao y cofinanciada por la Diputaci\u00f3n Foral de Bizkaia. El a\u00f1o pasado se contabilizaron 1.571 familias y en esta segunda fase de momento han empezado a separar los residuos org\u00e1nicos 390 familias, teniendo [&hellip;]","og_url":"https:\/\/artelatz.eus\/es\/2015\/02\/se-ha-llevado-a-cabo-la-segunda-fase-del-contenedor-marron-en-galdakao\/","og_site_name":"Artelatz","article_publisher":"https:\/\/www.facebook.com\/Artelatz-143100262512937\/","article_published_time":"2015-02-27T16:27:16+00:00","article_modified_time":"2019-03-20T10:37:58+00:00","og_image":[{"width":610,"height":215,"url":"https:\/\/artelatz.eus\/wp-content\/uploads\/2015\/02\/91.jpg","type":"image\/jpeg"}],"author":"Artelatz","twitter_card":"summary_large_image","twitter_creator":"@artelatz_inguru","twitter_site":"@artelatz_inguru","twitter_misc":{"Escrito por":"Artelatz","Tiempo de lectura":"1 minuto"},"schema":{"@context":"https:\/\/schema.org","@graph":[{"@type":"Article","@id":"https:\/\/artelatz.eus\/es\/2015\/02\/se-ha-llevado-a-cabo-la-segunda-fase-del-contenedor-marron-en-galdakao\/#article","isPartOf":{"@id":"https:\/\/artelatz.eus\/es\/2015\/02\/se-ha-llevado-a-cabo-la-segunda-fase-del-contenedor-marron-en-galdakao\/"},"author":{"name":"Artelatz","@id":"https:\/\/artelatz.eus\/#\/schema\/person\/6202ce685bb722b36e5f968e6c52f435"},"headline":"Se ha llevado a cabo la segunda fase del contenedor marr\u00f3n en Galdakao","datePublished":"2015-02-27T16:27:16+00:00","dateModified":"2019-03-20T10:37:58+00:00","mainEntityOfPage":{"@id":"https:\/\/artelatz.eus\/es\/2015\/02\/se-ha-llevado-a-cabo-la-segunda-fase-del-contenedor-marron-en-galdakao\/"},"wordCount":188,"commentCount":0,"publisher":{"@id":"https:\/\/artelatz.eus\/#organization"},"image":{"@id":"https:\/\/artelatz.eus\/es\/2015\/02\/se-ha-llevado-a-cabo-la-segunda-fase-del-contenedor-marron-en-galdakao\/#primaryimage"},"thumbnailUrl":"https:\/\/artelatz.eus\/wp-content\/uploads\/2015\/02\/91.jpg","articleSection":["Educaci\u00f3n medioambiental","Residuos"],"inLanguage":"es","potentialAction":[{"@type":"CommentAction","name":"Comment","target":["https:\/\/artelatz.eus\/es\/2015\/02\/se-ha-llevado-a-cabo-la-segunda-fase-del-contenedor-marron-en-galdakao\/#respond"]}]},{"@type":"WebPage","@id":"https:\/\/artelatz.eus\/es\/2015\/02\/se-ha-llevado-a-cabo-la-segunda-fase-del-contenedor-marron-en-galdakao\/","url":"https:\/\/artelatz.eus\/es\/2015\/02\/se-ha-llevado-a-cabo-la-segunda-fase-del-contenedor-marron-en-galdakao\/","name":"Se ha llevado a cabo la segunda fase del contenedor marr\u00f3n en Galdakao &#8226; Artelatz","isPartOf":{"@id":"https:\/\/artelatz.eus\/#website"},"primaryImageOfPage":{"@id":"https:\/\/artelatz.eus\/es\/2015\/02\/se-ha-llevado-a-cabo-la-segunda-fase-del-contenedor-marron-en-galdakao\/#primaryimage"},"image":{"@id":"https:\/\/artelatz.eus\/es\/2015\/02\/se-ha-llevado-a-cabo-la-segunda-fase-del-contenedor-marron-en-galdakao\/#primaryimage"},"thumbnailUrl":"https:\/\/artelatz.eus\/wp-content\/uploads\/2015\/02\/91.jpg","datePublished":"2015-02-27T16:27:16+00:00","dateModified":"2019-03-20T10:37:58+00:00","breadcrumb":{"@id":"https:\/\/artelatz.eus\/es\/2015\/02\/se-ha-llevado-a-cabo-la-segunda-fase-del-contenedor-marron-en-galdakao\/#breadcrumb"},"inLanguage":"es","potentialAction":[{"@type":"ReadAction","target":["https:\/\/artelatz.eus\/es\/2015\/02\/se-ha-llevado-a-cabo-la-segunda-fase-del-contenedor-marron-en-galdakao\/"]}]},{"@type":"ImageObject","inLanguage":"es","@id":"https:\/\/artelatz.eus\/es\/2015\/02\/se-ha-llevado-a-cabo-la-segunda-fase-del-contenedor-marron-en-galdakao\/#primaryimage","url":"https:\/\/artelatz.eus\/wp-content\/uploads\/2015\/02\/91.jpg","contentUrl":"https:\/\/artelatz.eus\/wp-content\/uploads\/2015\/02\/91.jpg","width":610,"height":215},{"@type":"BreadcrumbList","@id":"https:\/\/artelatz.eus\/es\/2015\/02\/se-ha-llevado-a-cabo-la-segunda-fase-del-contenedor-marron-en-galdakao\/#breadcrumb","itemListElement":[{"@type":"ListItem","position":1,"name":"Home","item":"https:\/\/artelatz.eus\/es\/"},{"@type":"ListItem","position":2,"name":"Se ha llevado a cabo la segunda fase del contenedor marr\u00f3n en Galdakao"}]},{"@type":"WebSite","@id":"https:\/\/artelatz.eus\/#website","url":"https:\/\/artelatz.eus\/","name":"Artelatz","description":"Ingurumen zerbitzuak","publisher":{"@id":"https:\/\/artelatz.eus\/#organization"},"potentialAction":[{"@type":"SearchAction","target":{"@type":"EntryPoint","urlTemplate":"https:\/\/artelatz.eus\/?s={search_term_string}"},"query-input":{"@type":"PropertyValueSpecification","valueRequired":true,"valueName":"search_term_string"}}],"inLanguage":"es"},{"@type":"Organization","@id":"https:\/\/artelatz.eus\/#organization","name":"Artelatz Ingurugiro Zerbitzuak","url":"https:\/\/artelatz.eus\/","logo":{"@type":"ImageObject","inLanguage":"es","@id":"https:\/\/artelatz.eus\/#\/schema\/logo\/image\/","url":"https:\/\/artelatz.eus\/wp-content\/uploads\/2019\/03\/Artelatz_logo.png","contentUrl":"https:\/\/artelatz.eus\/wp-content\/uploads\/2019\/03\/Artelatz_logo.png","width":200,"height":87,"caption":"Artelatz Ingurugiro Zerbitzuak"},"image":{"@id":"https:\/\/artelatz.eus\/#\/schema\/logo\/image\/"},"sameAs":["https:\/\/www.facebook.com\/Artelatz-143100262512937\/","https:\/\/x.com\/artelatz_inguru","https:\/\/www.youtube.com\/user\/artelatz"]},{"@type":"Person","@id":"https:\/\/artelatz.eus\/#\/schema\/person\/6202ce685bb722b36e5f968e6c52f435","name":"Artelatz","image":{"@type":"ImageObject","inLanguage":"es","@id":"https:\/\/secure.gravatar.com\/avatar\/ddd422a1cc366c3c23fd9ee2a4694f17bedb940c173c5feecc948da3e7ed3f04?s=96&d=mm&r=g","url":"https:\/\/secure.gravatar.com\/avatar\/ddd422a1cc366c3c23fd9ee2a4694f17bedb940c173c5feecc948da3e7ed3f04?s=96&d=mm&r=g","contentUrl":"https:\/\/secure.gravatar.com\/avatar\/ddd422a1cc366c3c23fd9ee2a4694f17bedb940c173c5feecc948da3e7ed3f04?s=96&d=mm&r=g","caption":"Artelatz"},"sameAs":["https:\/\/artelatz.eus\/"]}]}},"_links":{"self":[{"href":"https:\/\/artelatz.eus\/es\/wp-json\/wp\/v2\/posts\/3091","targetHints":{"allow":["GET"]}}],"collection":[{"href":"https:\/\/artelatz.eus\/es\/wp-json\/wp\/v2\/posts"}],"about":[{"href":"https:\/\/artelatz.eus\/es\/wp-json\/wp\/v2\/types\/post"}],"author":[{"embeddable":true,"href":"https:\/\/artelatz.eus\/es\/wp-json\/wp\/v2\/users\/2"}],"replies":[{"embeddable":true,"href":"https:\/\/artelatz.eus\/es\/wp-json\/wp\/v2\/comments?post=3091"}],"version-history":[{"count":1,"href":"https:\/\/artelatz.eus\/es\/wp-json\/wp\/v2\/posts\/3091\/revisions"}],"predecessor-version":[{"id":5461,"href":"https:\/\/artelatz.eus\/es\/wp-json\/wp\/v2\/posts\/3091\/revisions\/5461"}],"wp:featuredmedia":[{"embeddable":true,"href":"https:\/\/artelatz.eus\/es\/wp-json\/wp\/v2\/media\/5831"}],"wp:attachment":[{"href":"https:\/\/artelatz.eus\/es\/wp-json\/wp\/v2\/media?parent=3091"}],"wp:term":[{"taxonomy":"category","embeddable":true,"href":"https:\/\/artelatz.eus\/es\/wp-json\/wp\/v2\/categories?post=3091"},{"taxonomy":"post_tag","embeddable":true,"href":"https:\/\/artelatz.eus\/es\/wp-json\/wp\/v2\/tags?post=3091"}],"curies":[{"name":"wp","href":"https:\/\/api.w.org\/{rel}","templated":true}]}}