{"id":3088,"date":"2015-02-27T17:23:00","date_gmt":"2015-02-27T16:23:00","guid":{"rendered":"http:\/\/artelatz.eus\/?p=3088"},"modified":"2019-03-20T11:39:25","modified_gmt":"2019-03-20T10:39:25","slug":"35-retonos-de-arboles-monumentales-y-singulares-para-zegama","status":"publish","type":"post","link":"https:\/\/artelatz.eus\/es\/2015\/02\/35-retonos-de-arboles-monumentales-y-singulares-para-zegama\/","title":{"rendered":"35 reto\u00f1os de \u00e1rboles monumentales y singulares para Zegama"},"content":{"rendered":"<p style=\"text-align: justify;\">Durante el fin de semana del 28 de febrero y 1 de marzo, el Ayuntamiento de Zegama, con la colaboraci\u00f3n del Parketxe de Anduetza ha organizado un extenso programa en torno a la cesi\u00f3n de la colecci\u00f3n Mart\u00ed Boada de \u00e1rboles monumentales y singulares.<\/p>\n<p style=\"text-align: justify;\">A destacar en la programaci\u00f3n del s\u00e1bado, la conferencia que dar\u00e1 el Dr. Marti Boada a partir de las 10:00 horas en la Casa de Cultura sobre la cultura del \u00e1rbol (Dendrocultura) y la conferencia que dar\u00e1 el catedr\u00e1tico en qu\u00edmica Jordi Bartroli sobre la qu\u00edmica verde. Tambi\u00e9n se dar\u00e1 a conocer el proyecto \u201cMuseo del Bosque\u201d de Sant Celoni y mediante un paseo se contaran las historias de estos \u00e1rboles especiales en su nuevo emplazamiento. El domingo se podr\u00e1 seguir disfrutando de la sabidur\u00eda de estos dos cient\u00edficos en el Parketxe Anduetza de 11:00 a 13:00 horas, donde adem\u00e1s de visitar el centro de interpretaci\u00f3n, se abrir\u00e1n las puertas de la xiloteca, una colecci\u00f3n de m\u00e1s de 1500 tablillas de madera de todo el mundo.<\/p>\n","protected":false},"excerpt":{"rendered":"<p>Durante el fin de semana del 28 de febrero y 1 de marzo, el Ayuntamiento de Zegama, con la colaboraci\u00f3n del Parketxe de Anduetza ha organizado un extenso programa en torno a la cesi\u00f3n de la colecci\u00f3n Mart\u00ed Boada de \u00e1rboles monumentales y singulares. A destacar en la programaci\u00f3n del s\u00e1bado, la conferencia que dar\u00e1 [&hellip;]<\/p>\n","protected":false},"author":2,"featured_media":5834,"comment_status":"open","ping_status":"open","sticky":false,"template":"","format":"standard","meta":{"_et_pb_use_builder":"","_et_pb_old_content":"","_et_gb_content_width":"","footnotes":""},"categories":[50],"tags":[],"class_list":["post-3088","post","type-post","status-publish","format-standard","has-post-thumbnail","hentry","category-educacion-medioambiental"],"yoast_head":"<!-- This site is optimized with the Yoast SEO plugin v27.3 - https:\/\/yoast.com\/product\/yoast-seo-wordpress\/ -->\n<title>35 reto\u00f1os de \u00e1rboles monumentales y singulares para Zegama &#8226; Artelatz<\/title>\n<meta name=\"robots\" content=\"index, follow, max-snippet:-1, max-image-preview:large, max-video-preview:-1\" \/>\n<link rel=\"canonical\" href=\"https:\/\/artelatz.eus\/es\/2015\/02\/35-retonos-de-arboles-monumentales-y-singulares-para-zegama\/\" \/>\n<meta property=\"og:locale\" content=\"es_ES\" \/>\n<meta property=\"og:type\" content=\"article\" \/>\n<meta property=\"og:title\" content=\"35 reto\u00f1os de \u00e1rboles monumentales y singulares para Zegama &#8226; Artelatz\" \/>\n<meta property=\"og:description\" content=\"Durante el fin de semana del 28 de febrero y 1 de marzo, el Ayuntamiento de Zegama, con la colaboraci\u00f3n del Parketxe de Anduetza ha organizado un extenso programa en torno a la cesi\u00f3n de la colecci\u00f3n Mart\u00ed Boada de \u00e1rboles monumentales y singulares. A destacar en la programaci\u00f3n del s\u00e1bado, la conferencia que dar\u00e1 [&hellip;]\" \/>\n<meta property=\"og:url\" content=\"https:\/\/artelatz.eus\/es\/2015\/02\/35-retonos-de-arboles-monumentales-y-singulares-para-zegama\/\" \/>\n<meta property=\"og:site_name\" content=\"Artelatz\" \/>\n<meta property=\"article:publisher\" content=\"https:\/\/www.facebook.com\/Artelatz-143100262512937\/\" \/>\n<meta property=\"article:published_time\" content=\"2015-02-27T16:23:00+00:00\" \/>\n<meta property=\"article:modified_time\" content=\"2019-03-20T10:39:25+00:00\" \/>\n<meta property=\"og:image\" content=\"https:\/\/artelatz.eus\/wp-content\/uploads\/2015\/02\/92.jpg\" \/>\n\t<meta property=\"og:image:width\" content=\"610\" \/>\n\t<meta property=\"og:image:height\" content=\"862\" \/>\n\t<meta property=\"og:image:type\" content=\"image\/jpeg\" \/>\n<meta name=\"author\" content=\"Artelatz\" \/>\n<meta name=\"twitter:card\" content=\"summary_large_image\" \/>\n<meta name=\"twitter:creator\" content=\"@artelatz_inguru\" \/>\n<meta name=\"twitter:site\" content=\"@artelatz_inguru\" \/>\n<meta name=\"twitter:label1\" content=\"Escrito por\" \/>\n\t<meta name=\"twitter:data1\" content=\"Artelatz\" \/>\n\t<meta name=\"twitter:label2\" content=\"Tiempo de lectura\" \/>\n\t<meta name=\"twitter:data2\" content=\"1 minuto\" \/>\n<script type=\"application\/ld+json\" class=\"yoast-schema-graph\">{\"@context\":\"https:\\\/\\\/schema.org\",\"@graph\":[{\"@type\":\"Article\",\"@id\":\"https:\\\/\\\/artelatz.eus\\\/es\\\/2015\\\/02\\\/35-retonos-de-arboles-monumentales-y-singulares-para-zegama\\\/#article\",\"isPartOf\":{\"@id\":\"https:\\\/\\\/artelatz.eus\\\/es\\\/2015\\\/02\\\/35-retonos-de-arboles-monumentales-y-singulares-para-zegama\\\/\"},\"author\":{\"name\":\"Artelatz\",\"@id\":\"https:\\\/\\\/artelatz.eus\\\/#\\\/schema\\\/person\\\/6202ce685bb722b36e5f968e6c52f435\"},\"headline\":\"35 reto\u00f1os de \u00e1rboles monumentales y singulares para Zegama\",\"datePublished\":\"2015-02-27T16:23:00+00:00\",\"dateModified\":\"2019-03-20T10:39:25+00:00\",\"mainEntityOfPage\":{\"@id\":\"https:\\\/\\\/artelatz.eus\\\/es\\\/2015\\\/02\\\/35-retonos-de-arboles-monumentales-y-singulares-para-zegama\\\/\"},\"wordCount\":189,\"commentCount\":0,\"publisher\":{\"@id\":\"https:\\\/\\\/artelatz.eus\\\/#organization\"},\"image\":{\"@id\":\"https:\\\/\\\/artelatz.eus\\\/es\\\/2015\\\/02\\\/35-retonos-de-arboles-monumentales-y-singulares-para-zegama\\\/#primaryimage\"},\"thumbnailUrl\":\"https:\\\/\\\/artelatz.eus\\\/wp-content\\\/uploads\\\/2015\\\/02\\\/92.jpg\",\"articleSection\":[\"Educaci\u00f3n medioambiental\"],\"inLanguage\":\"es\",\"potentialAction\":[{\"@type\":\"CommentAction\",\"name\":\"Comment\",\"target\":[\"https:\\\/\\\/artelatz.eus\\\/es\\\/2015\\\/02\\\/35-retonos-de-arboles-monumentales-y-singulares-para-zegama\\\/#respond\"]}]},{\"@type\":\"WebPage\",\"@id\":\"https:\\\/\\\/artelatz.eus\\\/es\\\/2015\\\/02\\\/35-retonos-de-arboles-monumentales-y-singulares-para-zegama\\\/\",\"url\":\"https:\\\/\\\/artelatz.eus\\\/es\\\/2015\\\/02\\\/35-retonos-de-arboles-monumentales-y-singulares-para-zegama\\\/\",\"name\":\"35 reto\u00f1os de \u00e1rboles monumentales y singulares para Zegama &#8226; Artelatz\",\"isPartOf\":{\"@id\":\"https:\\\/\\\/artelatz.eus\\\/#website\"},\"primaryImageOfPage\":{\"@id\":\"https:\\\/\\\/artelatz.eus\\\/es\\\/2015\\\/02\\\/35-retonos-de-arboles-monumentales-y-singulares-para-zegama\\\/#primaryimage\"},\"image\":{\"@id\":\"https:\\\/\\\/artelatz.eus\\\/es\\\/2015\\\/02\\\/35-retonos-de-arboles-monumentales-y-singulares-para-zegama\\\/#primaryimage\"},\"thumbnailUrl\":\"https:\\\/\\\/artelatz.eus\\\/wp-content\\\/uploads\\\/2015\\\/02\\\/92.jpg\",\"datePublished\":\"2015-02-27T16:23:00+00:00\",\"dateModified\":\"2019-03-20T10:39:25+00:00\",\"breadcrumb\":{\"@id\":\"https:\\\/\\\/artelatz.eus\\\/es\\\/2015\\\/02\\\/35-retonos-de-arboles-monumentales-y-singulares-para-zegama\\\/#breadcrumb\"},\"inLanguage\":\"es\",\"potentialAction\":[{\"@type\":\"ReadAction\",\"target\":[\"https:\\\/\\\/artelatz.eus\\\/es\\\/2015\\\/02\\\/35-retonos-de-arboles-monumentales-y-singulares-para-zegama\\\/\"]}]},{\"@type\":\"ImageObject\",\"inLanguage\":\"es\",\"@id\":\"https:\\\/\\\/artelatz.eus\\\/es\\\/2015\\\/02\\\/35-retonos-de-arboles-monumentales-y-singulares-para-zegama\\\/#primaryimage\",\"url\":\"https:\\\/\\\/artelatz.eus\\\/wp-content\\\/uploads\\\/2015\\\/02\\\/92.jpg\",\"contentUrl\":\"https:\\\/\\\/artelatz.eus\\\/wp-content\\\/uploads\\\/2015\\\/02\\\/92.jpg\",\"width\":610,\"height\":862},{\"@type\":\"BreadcrumbList\",\"@id\":\"https:\\\/\\\/artelatz.eus\\\/es\\\/2015\\\/02\\\/35-retonos-de-arboles-monumentales-y-singulares-para-zegama\\\/#breadcrumb\",\"itemListElement\":[{\"@type\":\"ListItem\",\"position\":1,\"name\":\"Home\",\"item\":\"https:\\\/\\\/artelatz.eus\\\/es\\\/\"},{\"@type\":\"ListItem\",\"position\":2,\"name\":\"35 reto\u00f1os de \u00e1rboles monumentales y singulares para Zegama\"}]},{\"@type\":\"WebSite\",\"@id\":\"https:\\\/\\\/artelatz.eus\\\/#website\",\"url\":\"https:\\\/\\\/artelatz.eus\\\/\",\"name\":\"Artelatz\",\"description\":\"Ingurumen zerbitzuak\",\"publisher\":{\"@id\":\"https:\\\/\\\/artelatz.eus\\\/#organization\"},\"potentialAction\":[{\"@type\":\"SearchAction\",\"target\":{\"@type\":\"EntryPoint\",\"urlTemplate\":\"https:\\\/\\\/artelatz.eus\\\/?s={search_term_string}\"},\"query-input\":{\"@type\":\"PropertyValueSpecification\",\"valueRequired\":true,\"valueName\":\"search_term_string\"}}],\"inLanguage\":\"es\"},{\"@type\":\"Organization\",\"@id\":\"https:\\\/\\\/artelatz.eus\\\/#organization\",\"name\":\"Artelatz Ingurugiro Zerbitzuak\",\"url\":\"https:\\\/\\\/artelatz.eus\\\/\",\"logo\":{\"@type\":\"ImageObject\",\"inLanguage\":\"es\",\"@id\":\"https:\\\/\\\/artelatz.eus\\\/#\\\/schema\\\/logo\\\/image\\\/\",\"url\":\"https:\\\/\\\/artelatz.eus\\\/wp-content\\\/uploads\\\/2019\\\/03\\\/Artelatz_logo.png\",\"contentUrl\":\"https:\\\/\\\/artelatz.eus\\\/wp-content\\\/uploads\\\/2019\\\/03\\\/Artelatz_logo.png\",\"width\":200,\"height\":87,\"caption\":\"Artelatz Ingurugiro Zerbitzuak\"},\"image\":{\"@id\":\"https:\\\/\\\/artelatz.eus\\\/#\\\/schema\\\/logo\\\/image\\\/\"},\"sameAs\":[\"https:\\\/\\\/www.facebook.com\\\/Artelatz-143100262512937\\\/\",\"https:\\\/\\\/x.com\\\/artelatz_inguru\",\"https:\\\/\\\/www.youtube.com\\\/user\\\/artelatz\"]},{\"@type\":\"Person\",\"@id\":\"https:\\\/\\\/artelatz.eus\\\/#\\\/schema\\\/person\\\/6202ce685bb722b36e5f968e6c52f435\",\"name\":\"Artelatz\",\"image\":{\"@type\":\"ImageObject\",\"inLanguage\":\"es\",\"@id\":\"https:\\\/\\\/secure.gravatar.com\\\/avatar\\\/ddd422a1cc366c3c23fd9ee2a4694f17bedb940c173c5feecc948da3e7ed3f04?s=96&d=mm&r=g\",\"url\":\"https:\\\/\\\/secure.gravatar.com\\\/avatar\\\/ddd422a1cc366c3c23fd9ee2a4694f17bedb940c173c5feecc948da3e7ed3f04?s=96&d=mm&r=g\",\"contentUrl\":\"https:\\\/\\\/secure.gravatar.com\\\/avatar\\\/ddd422a1cc366c3c23fd9ee2a4694f17bedb940c173c5feecc948da3e7ed3f04?s=96&d=mm&r=g\",\"caption\":\"Artelatz\"},\"sameAs\":[\"https:\\\/\\\/artelatz.eus\\\/\"]}]}<\/script>\n<!-- \/ Yoast SEO plugin. -->","yoast_head_json":{"title":"35 reto\u00f1os de \u00e1rboles monumentales y singulares para Zegama &#8226; Artelatz","robots":{"index":"index","follow":"follow","max-snippet":"max-snippet:-1","max-image-preview":"max-image-preview:large","max-video-preview":"max-video-preview:-1"},"canonical":"https:\/\/artelatz.eus\/es\/2015\/02\/35-retonos-de-arboles-monumentales-y-singulares-para-zegama\/","og_locale":"es_ES","og_type":"article","og_title":"35 reto\u00f1os de \u00e1rboles monumentales y singulares para Zegama &#8226; Artelatz","og_description":"Durante el fin de semana del 28 de febrero y 1 de marzo, el Ayuntamiento de Zegama, con la colaboraci\u00f3n del Parketxe de Anduetza ha organizado un extenso programa en torno a la cesi\u00f3n de la colecci\u00f3n Mart\u00ed Boada de \u00e1rboles monumentales y singulares. A destacar en la programaci\u00f3n del s\u00e1bado, la conferencia que dar\u00e1 [&hellip;]","og_url":"https:\/\/artelatz.eus\/es\/2015\/02\/35-retonos-de-arboles-monumentales-y-singulares-para-zegama\/","og_site_name":"Artelatz","article_publisher":"https:\/\/www.facebook.com\/Artelatz-143100262512937\/","article_published_time":"2015-02-27T16:23:00+00:00","article_modified_time":"2019-03-20T10:39:25+00:00","og_image":[{"width":610,"height":862,"url":"https:\/\/artelatz.eus\/wp-content\/uploads\/2015\/02\/92.jpg","type":"image\/jpeg"}],"author":"Artelatz","twitter_card":"summary_large_image","twitter_creator":"@artelatz_inguru","twitter_site":"@artelatz_inguru","twitter_misc":{"Escrito por":"Artelatz","Tiempo de lectura":"1 minuto"},"schema":{"@context":"https:\/\/schema.org","@graph":[{"@type":"Article","@id":"https:\/\/artelatz.eus\/es\/2015\/02\/35-retonos-de-arboles-monumentales-y-singulares-para-zegama\/#article","isPartOf":{"@id":"https:\/\/artelatz.eus\/es\/2015\/02\/35-retonos-de-arboles-monumentales-y-singulares-para-zegama\/"},"author":{"name":"Artelatz","@id":"https:\/\/artelatz.eus\/#\/schema\/person\/6202ce685bb722b36e5f968e6c52f435"},"headline":"35 reto\u00f1os de \u00e1rboles monumentales y singulares para Zegama","datePublished":"2015-02-27T16:23:00+00:00","dateModified":"2019-03-20T10:39:25+00:00","mainEntityOfPage":{"@id":"https:\/\/artelatz.eus\/es\/2015\/02\/35-retonos-de-arboles-monumentales-y-singulares-para-zegama\/"},"wordCount":189,"commentCount":0,"publisher":{"@id":"https:\/\/artelatz.eus\/#organization"},"image":{"@id":"https:\/\/artelatz.eus\/es\/2015\/02\/35-retonos-de-arboles-monumentales-y-singulares-para-zegama\/#primaryimage"},"thumbnailUrl":"https:\/\/artelatz.eus\/wp-content\/uploads\/2015\/02\/92.jpg","articleSection":["Educaci\u00f3n medioambiental"],"inLanguage":"es","potentialAction":[{"@type":"CommentAction","name":"Comment","target":["https:\/\/artelatz.eus\/es\/2015\/02\/35-retonos-de-arboles-monumentales-y-singulares-para-zegama\/#respond"]}]},{"@type":"WebPage","@id":"https:\/\/artelatz.eus\/es\/2015\/02\/35-retonos-de-arboles-monumentales-y-singulares-para-zegama\/","url":"https:\/\/artelatz.eus\/es\/2015\/02\/35-retonos-de-arboles-monumentales-y-singulares-para-zegama\/","name":"35 reto\u00f1os de \u00e1rboles monumentales y singulares para Zegama &#8226; Artelatz","isPartOf":{"@id":"https:\/\/artelatz.eus\/#website"},"primaryImageOfPage":{"@id":"https:\/\/artelatz.eus\/es\/2015\/02\/35-retonos-de-arboles-monumentales-y-singulares-para-zegama\/#primaryimage"},"image":{"@id":"https:\/\/artelatz.eus\/es\/2015\/02\/35-retonos-de-arboles-monumentales-y-singulares-para-zegama\/#primaryimage"},"thumbnailUrl":"https:\/\/artelatz.eus\/wp-content\/uploads\/2015\/02\/92.jpg","datePublished":"2015-02-27T16:23:00+00:00","dateModified":"2019-03-20T10:39:25+00:00","breadcrumb":{"@id":"https:\/\/artelatz.eus\/es\/2015\/02\/35-retonos-de-arboles-monumentales-y-singulares-para-zegama\/#breadcrumb"},"inLanguage":"es","potentialAction":[{"@type":"ReadAction","target":["https:\/\/artelatz.eus\/es\/2015\/02\/35-retonos-de-arboles-monumentales-y-singulares-para-zegama\/"]}]},{"@type":"ImageObject","inLanguage":"es","@id":"https:\/\/artelatz.eus\/es\/2015\/02\/35-retonos-de-arboles-monumentales-y-singulares-para-zegama\/#primaryimage","url":"https:\/\/artelatz.eus\/wp-content\/uploads\/2015\/02\/92.jpg","contentUrl":"https:\/\/artelatz.eus\/wp-content\/uploads\/2015\/02\/92.jpg","width":610,"height":862},{"@type":"BreadcrumbList","@id":"https:\/\/artelatz.eus\/es\/2015\/02\/35-retonos-de-arboles-monumentales-y-singulares-para-zegama\/#breadcrumb","itemListElement":[{"@type":"ListItem","position":1,"name":"Home","item":"https:\/\/artelatz.eus\/es\/"},{"@type":"ListItem","position":2,"name":"35 reto\u00f1os de \u00e1rboles monumentales y singulares para Zegama"}]},{"@type":"WebSite","@id":"https:\/\/artelatz.eus\/#website","url":"https:\/\/artelatz.eus\/","name":"Artelatz","description":"Ingurumen zerbitzuak","publisher":{"@id":"https:\/\/artelatz.eus\/#organization"},"potentialAction":[{"@type":"SearchAction","target":{"@type":"EntryPoint","urlTemplate":"https:\/\/artelatz.eus\/?s={search_term_string}"},"query-input":{"@type":"PropertyValueSpecification","valueRequired":true,"valueName":"search_term_string"}}],"inLanguage":"es"},{"@type":"Organization","@id":"https:\/\/artelatz.eus\/#organization","name":"Artelatz Ingurugiro Zerbitzuak","url":"https:\/\/artelatz.eus\/","logo":{"@type":"ImageObject","inLanguage":"es","@id":"https:\/\/artelatz.eus\/#\/schema\/logo\/image\/","url":"https:\/\/artelatz.eus\/wp-content\/uploads\/2019\/03\/Artelatz_logo.png","contentUrl":"https:\/\/artelatz.eus\/wp-content\/uploads\/2019\/03\/Artelatz_logo.png","width":200,"height":87,"caption":"Artelatz Ingurugiro Zerbitzuak"},"image":{"@id":"https:\/\/artelatz.eus\/#\/schema\/logo\/image\/"},"sameAs":["https:\/\/www.facebook.com\/Artelatz-143100262512937\/","https:\/\/x.com\/artelatz_inguru","https:\/\/www.youtube.com\/user\/artelatz"]},{"@type":"Person","@id":"https:\/\/artelatz.eus\/#\/schema\/person\/6202ce685bb722b36e5f968e6c52f435","name":"Artelatz","image":{"@type":"ImageObject","inLanguage":"es","@id":"https:\/\/secure.gravatar.com\/avatar\/ddd422a1cc366c3c23fd9ee2a4694f17bedb940c173c5feecc948da3e7ed3f04?s=96&d=mm&r=g","url":"https:\/\/secure.gravatar.com\/avatar\/ddd422a1cc366c3c23fd9ee2a4694f17bedb940c173c5feecc948da3e7ed3f04?s=96&d=mm&r=g","contentUrl":"https:\/\/secure.gravatar.com\/avatar\/ddd422a1cc366c3c23fd9ee2a4694f17bedb940c173c5feecc948da3e7ed3f04?s=96&d=mm&r=g","caption":"Artelatz"},"sameAs":["https:\/\/artelatz.eus\/"]}]}},"_links":{"self":[{"href":"https:\/\/artelatz.eus\/es\/wp-json\/wp\/v2\/posts\/3088","targetHints":{"allow":["GET"]}}],"collection":[{"href":"https:\/\/artelatz.eus\/es\/wp-json\/wp\/v2\/posts"}],"about":[{"href":"https:\/\/artelatz.eus\/es\/wp-json\/wp\/v2\/types\/post"}],"author":[{"embeddable":true,"href":"https:\/\/artelatz.eus\/es\/wp-json\/wp\/v2\/users\/2"}],"replies":[{"embeddable":true,"href":"https:\/\/artelatz.eus\/es\/wp-json\/wp\/v2\/comments?post=3088"}],"version-history":[{"count":1,"href":"https:\/\/artelatz.eus\/es\/wp-json\/wp\/v2\/posts\/3088\/revisions"}],"predecessor-version":[{"id":5462,"href":"https:\/\/artelatz.eus\/es\/wp-json\/wp\/v2\/posts\/3088\/revisions\/5462"}],"wp:featuredmedia":[{"embeddable":true,"href":"https:\/\/artelatz.eus\/es\/wp-json\/wp\/v2\/media\/5834"}],"wp:attachment":[{"href":"https:\/\/artelatz.eus\/es\/wp-json\/wp\/v2\/media?parent=3088"}],"wp:term":[{"taxonomy":"category","embeddable":true,"href":"https:\/\/artelatz.eus\/es\/wp-json\/wp\/v2\/categories?post=3088"},{"taxonomy":"post_tag","embeddable":true,"href":"https:\/\/artelatz.eus\/es\/wp-json\/wp\/v2\/tags?post=3088"}],"curies":[{"name":"wp","href":"https:\/\/api.w.org\/{rel}","templated":true}]}}