{"id":2463,"date":"2014-03-01T19:03:12","date_gmt":"2014-03-01T18:03:12","guid":{"rendered":"https:\/\/artelatz.eus\/2014\/03\/degustacion-de-queso-artesanal-en-arditurri\/"},"modified":"2019-03-20T12:35:39","modified_gmt":"2019-03-20T11:35:39","slug":"degustacion-de-queso-artesanal-en-arditurri","status":"publish","type":"post","link":"https:\/\/artelatz.eus\/es\/2014\/03\/degustacion-de-queso-artesanal-en-arditurri\/","title":{"rendered":"Degustaci\u00f3n de queso artesanal en Arditurri"},"content":{"rendered":"<p style=\"text-align: justify;\">El pr\u00f3ximo 16 de marzo tenemos una cita ineludible con un maestro quesero en el Parketxe de Arditurri de Oiartzun. Ese d\u00eda tendremos la oportunidad de aprender m\u00e1s sobre la queser\u00eda tradicional de la \u00a0mano de Ram\u00f3n Lizeaga un experto en la recuperaci\u00f3n de recetas tradicionales que nos permitir\u00e1 ahondar en la cultura del queso y en la del pastoreo. Al finalizar, podremos degustar diferentes tipos de quesos tradicionales. Puesto que las plazas son limitadas, es necesario realizar una reserva previa llamando al tel\u00e9fono\u00a0943 49 50 69.<\/p>\n<p style=\"text-align: justify;\">Durante el mes de marzo, hemos programado diversas actividades en Aiako Harria Parke Naturalean. Por ejemplo, la actividad organizada conjuntamente con la sidrer\u00eda Larre-Gain \u00abDisfruta en Hernani\u00bb donde podremos conocer de cerca la elaboraci\u00f3n de la sidra a la vez que disfrutamos del patrimonio\u00a0hist\u00f3rico y arqueol\u00f3gico de Hernani de una forma amena. Esta actividad se complementa con un paseo guiado en el que se puede ver y sentir la interacci\u00f3n entre el ser humano y la Naturaleza. Si quieres saber m\u00e1s acerca de las actividades que se organizan en los diferentes Parques Naturales de Gipuzkoa puedes informarte en el blog de\u00a0Parketxe Sarea (<a href=\"http:\/\/www.parketxesarea.org\/\">www.parketxesarea.org<\/a>).<\/p>\n","protected":false},"excerpt":{"rendered":"<p>El pr\u00f3ximo 16 de marzo tenemos una cita ineludible con un maestro quesero en el Parketxe de Arditurri de Oiartzun. Ese d\u00eda tendremos la oportunidad de aprender m\u00e1s sobre la queser\u00eda tradicional de la \u00a0mano de Ram\u00f3n Lizeaga un experto en la recuperaci\u00f3n de recetas tradicionales que nos permitir\u00e1 ahondar en la cultura del queso [&hellip;]<\/p>\n","protected":false},"author":2,"featured_media":5955,"comment_status":"open","ping_status":"open","sticky":false,"template":"","format":"standard","meta":{"_et_pb_use_builder":"","_et_pb_old_content":"","_et_gb_content_width":"","footnotes":""},"categories":[50],"tags":[],"class_list":["post-2463","post","type-post","status-publish","format-standard","has-post-thumbnail","hentry","category-educacion-medioambiental"],"yoast_head":"<!-- This site is optimized with the Yoast SEO plugin v27.3 - https:\/\/yoast.com\/product\/yoast-seo-wordpress\/ -->\n<title>Degustaci\u00f3n de queso artesanal en Arditurri &#8226; Artelatz<\/title>\n<meta name=\"robots\" content=\"index, follow, max-snippet:-1, max-image-preview:large, max-video-preview:-1\" \/>\n<link rel=\"canonical\" href=\"https:\/\/artelatz.eus\/es\/2014\/03\/degustacion-de-queso-artesanal-en-arditurri\/\" \/>\n<meta property=\"og:locale\" content=\"es_ES\" \/>\n<meta property=\"og:type\" content=\"article\" \/>\n<meta property=\"og:title\" content=\"Degustaci\u00f3n de queso artesanal en Arditurri &#8226; Artelatz\" \/>\n<meta property=\"og:description\" content=\"El pr\u00f3ximo 16 de marzo tenemos una cita ineludible con un maestro quesero en el Parketxe de Arditurri de Oiartzun. Ese d\u00eda tendremos la oportunidad de aprender m\u00e1s sobre la queser\u00eda tradicional de la \u00a0mano de Ram\u00f3n Lizeaga un experto en la recuperaci\u00f3n de recetas tradicionales que nos permitir\u00e1 ahondar en la cultura del queso [&hellip;]\" \/>\n<meta property=\"og:url\" content=\"https:\/\/artelatz.eus\/es\/2014\/03\/degustacion-de-queso-artesanal-en-arditurri\/\" \/>\n<meta property=\"og:site_name\" content=\"Artelatz\" \/>\n<meta property=\"article:publisher\" content=\"https:\/\/www.facebook.com\/Artelatz-143100262512937\/\" \/>\n<meta property=\"article:published_time\" content=\"2014-03-01T18:03:12+00:00\" \/>\n<meta property=\"article:modified_time\" content=\"2019-03-20T11:35:39+00:00\" \/>\n<meta property=\"og:image\" content=\"https:\/\/artelatz.eus\/wp-content\/uploads\/2014\/03\/131.jpg\" \/>\n\t<meta property=\"og:image:width\" content=\"610\" \/>\n\t<meta property=\"og:image:height\" content=\"328\" \/>\n\t<meta property=\"og:image:type\" content=\"image\/jpeg\" \/>\n<meta name=\"author\" content=\"Artelatz\" \/>\n<meta name=\"twitter:card\" content=\"summary_large_image\" \/>\n<meta name=\"twitter:creator\" content=\"@artelatz_inguru\" \/>\n<meta name=\"twitter:site\" content=\"@artelatz_inguru\" \/>\n<meta name=\"twitter:label1\" content=\"Escrito por\" \/>\n\t<meta name=\"twitter:data1\" content=\"Artelatz\" \/>\n\t<meta name=\"twitter:label2\" content=\"Tiempo de lectura\" \/>\n\t<meta name=\"twitter:data2\" content=\"1 minuto\" \/>\n<script type=\"application\/ld+json\" class=\"yoast-schema-graph\">{\"@context\":\"https:\\\/\\\/schema.org\",\"@graph\":[{\"@type\":\"Article\",\"@id\":\"https:\\\/\\\/artelatz.eus\\\/es\\\/2014\\\/03\\\/degustacion-de-queso-artesanal-en-arditurri\\\/#article\",\"isPartOf\":{\"@id\":\"https:\\\/\\\/artelatz.eus\\\/es\\\/2014\\\/03\\\/degustacion-de-queso-artesanal-en-arditurri\\\/\"},\"author\":{\"name\":\"Artelatz\",\"@id\":\"https:\\\/\\\/artelatz.eus\\\/#\\\/schema\\\/person\\\/6202ce685bb722b36e5f968e6c52f435\"},\"headline\":\"Degustaci\u00f3n de queso artesanal en Arditurri\",\"datePublished\":\"2014-03-01T18:03:12+00:00\",\"dateModified\":\"2019-03-20T11:35:39+00:00\",\"mainEntityOfPage\":{\"@id\":\"https:\\\/\\\/artelatz.eus\\\/es\\\/2014\\\/03\\\/degustacion-de-queso-artesanal-en-arditurri\\\/\"},\"wordCount\":210,\"commentCount\":0,\"publisher\":{\"@id\":\"https:\\\/\\\/artelatz.eus\\\/#organization\"},\"image\":{\"@id\":\"https:\\\/\\\/artelatz.eus\\\/es\\\/2014\\\/03\\\/degustacion-de-queso-artesanal-en-arditurri\\\/#primaryimage\"},\"thumbnailUrl\":\"https:\\\/\\\/artelatz.eus\\\/wp-content\\\/uploads\\\/2014\\\/03\\\/131.jpg\",\"articleSection\":[\"Educaci\u00f3n medioambiental\"],\"inLanguage\":\"es\",\"potentialAction\":[{\"@type\":\"CommentAction\",\"name\":\"Comment\",\"target\":[\"https:\\\/\\\/artelatz.eus\\\/es\\\/2014\\\/03\\\/degustacion-de-queso-artesanal-en-arditurri\\\/#respond\"]}]},{\"@type\":\"WebPage\",\"@id\":\"https:\\\/\\\/artelatz.eus\\\/es\\\/2014\\\/03\\\/degustacion-de-queso-artesanal-en-arditurri\\\/\",\"url\":\"https:\\\/\\\/artelatz.eus\\\/es\\\/2014\\\/03\\\/degustacion-de-queso-artesanal-en-arditurri\\\/\",\"name\":\"Degustaci\u00f3n de queso artesanal en Arditurri &#8226; Artelatz\",\"isPartOf\":{\"@id\":\"https:\\\/\\\/artelatz.eus\\\/#website\"},\"primaryImageOfPage\":{\"@id\":\"https:\\\/\\\/artelatz.eus\\\/es\\\/2014\\\/03\\\/degustacion-de-queso-artesanal-en-arditurri\\\/#primaryimage\"},\"image\":{\"@id\":\"https:\\\/\\\/artelatz.eus\\\/es\\\/2014\\\/03\\\/degustacion-de-queso-artesanal-en-arditurri\\\/#primaryimage\"},\"thumbnailUrl\":\"https:\\\/\\\/artelatz.eus\\\/wp-content\\\/uploads\\\/2014\\\/03\\\/131.jpg\",\"datePublished\":\"2014-03-01T18:03:12+00:00\",\"dateModified\":\"2019-03-20T11:35:39+00:00\",\"breadcrumb\":{\"@id\":\"https:\\\/\\\/artelatz.eus\\\/es\\\/2014\\\/03\\\/degustacion-de-queso-artesanal-en-arditurri\\\/#breadcrumb\"},\"inLanguage\":\"es\",\"potentialAction\":[{\"@type\":\"ReadAction\",\"target\":[\"https:\\\/\\\/artelatz.eus\\\/es\\\/2014\\\/03\\\/degustacion-de-queso-artesanal-en-arditurri\\\/\"]}]},{\"@type\":\"ImageObject\",\"inLanguage\":\"es\",\"@id\":\"https:\\\/\\\/artelatz.eus\\\/es\\\/2014\\\/03\\\/degustacion-de-queso-artesanal-en-arditurri\\\/#primaryimage\",\"url\":\"https:\\\/\\\/artelatz.eus\\\/wp-content\\\/uploads\\\/2014\\\/03\\\/131.jpg\",\"contentUrl\":\"https:\\\/\\\/artelatz.eus\\\/wp-content\\\/uploads\\\/2014\\\/03\\\/131.jpg\",\"width\":610,\"height\":328},{\"@type\":\"BreadcrumbList\",\"@id\":\"https:\\\/\\\/artelatz.eus\\\/es\\\/2014\\\/03\\\/degustacion-de-queso-artesanal-en-arditurri\\\/#breadcrumb\",\"itemListElement\":[{\"@type\":\"ListItem\",\"position\":1,\"name\":\"Home\",\"item\":\"https:\\\/\\\/artelatz.eus\\\/es\\\/\"},{\"@type\":\"ListItem\",\"position\":2,\"name\":\"Degustaci\u00f3n de queso artesanal en Arditurri\"}]},{\"@type\":\"WebSite\",\"@id\":\"https:\\\/\\\/artelatz.eus\\\/#website\",\"url\":\"https:\\\/\\\/artelatz.eus\\\/\",\"name\":\"Artelatz\",\"description\":\"Ingurumen zerbitzuak\",\"publisher\":{\"@id\":\"https:\\\/\\\/artelatz.eus\\\/#organization\"},\"potentialAction\":[{\"@type\":\"SearchAction\",\"target\":{\"@type\":\"EntryPoint\",\"urlTemplate\":\"https:\\\/\\\/artelatz.eus\\\/?s={search_term_string}\"},\"query-input\":{\"@type\":\"PropertyValueSpecification\",\"valueRequired\":true,\"valueName\":\"search_term_string\"}}],\"inLanguage\":\"es\"},{\"@type\":\"Organization\",\"@id\":\"https:\\\/\\\/artelatz.eus\\\/#organization\",\"name\":\"Artelatz Ingurugiro Zerbitzuak\",\"url\":\"https:\\\/\\\/artelatz.eus\\\/\",\"logo\":{\"@type\":\"ImageObject\",\"inLanguage\":\"es\",\"@id\":\"https:\\\/\\\/artelatz.eus\\\/#\\\/schema\\\/logo\\\/image\\\/\",\"url\":\"https:\\\/\\\/artelatz.eus\\\/wp-content\\\/uploads\\\/2019\\\/03\\\/Artelatz_logo.png\",\"contentUrl\":\"https:\\\/\\\/artelatz.eus\\\/wp-content\\\/uploads\\\/2019\\\/03\\\/Artelatz_logo.png\",\"width\":200,\"height\":87,\"caption\":\"Artelatz Ingurugiro Zerbitzuak\"},\"image\":{\"@id\":\"https:\\\/\\\/artelatz.eus\\\/#\\\/schema\\\/logo\\\/image\\\/\"},\"sameAs\":[\"https:\\\/\\\/www.facebook.com\\\/Artelatz-143100262512937\\\/\",\"https:\\\/\\\/x.com\\\/artelatz_inguru\",\"https:\\\/\\\/www.youtube.com\\\/user\\\/artelatz\"]},{\"@type\":\"Person\",\"@id\":\"https:\\\/\\\/artelatz.eus\\\/#\\\/schema\\\/person\\\/6202ce685bb722b36e5f968e6c52f435\",\"name\":\"Artelatz\",\"image\":{\"@type\":\"ImageObject\",\"inLanguage\":\"es\",\"@id\":\"https:\\\/\\\/secure.gravatar.com\\\/avatar\\\/ddd422a1cc366c3c23fd9ee2a4694f17bedb940c173c5feecc948da3e7ed3f04?s=96&d=mm&r=g\",\"url\":\"https:\\\/\\\/secure.gravatar.com\\\/avatar\\\/ddd422a1cc366c3c23fd9ee2a4694f17bedb940c173c5feecc948da3e7ed3f04?s=96&d=mm&r=g\",\"contentUrl\":\"https:\\\/\\\/secure.gravatar.com\\\/avatar\\\/ddd422a1cc366c3c23fd9ee2a4694f17bedb940c173c5feecc948da3e7ed3f04?s=96&d=mm&r=g\",\"caption\":\"Artelatz\"},\"sameAs\":[\"https:\\\/\\\/artelatz.eus\\\/\"]}]}<\/script>\n<!-- \/ Yoast SEO plugin. -->","yoast_head_json":{"title":"Degustaci\u00f3n de queso artesanal en Arditurri &#8226; Artelatz","robots":{"index":"index","follow":"follow","max-snippet":"max-snippet:-1","max-image-preview":"max-image-preview:large","max-video-preview":"max-video-preview:-1"},"canonical":"https:\/\/artelatz.eus\/es\/2014\/03\/degustacion-de-queso-artesanal-en-arditurri\/","og_locale":"es_ES","og_type":"article","og_title":"Degustaci\u00f3n de queso artesanal en Arditurri &#8226; Artelatz","og_description":"El pr\u00f3ximo 16 de marzo tenemos una cita ineludible con un maestro quesero en el Parketxe de Arditurri de Oiartzun. Ese d\u00eda tendremos la oportunidad de aprender m\u00e1s sobre la queser\u00eda tradicional de la \u00a0mano de Ram\u00f3n Lizeaga un experto en la recuperaci\u00f3n de recetas tradicionales que nos permitir\u00e1 ahondar en la cultura del queso [&hellip;]","og_url":"https:\/\/artelatz.eus\/es\/2014\/03\/degustacion-de-queso-artesanal-en-arditurri\/","og_site_name":"Artelatz","article_publisher":"https:\/\/www.facebook.com\/Artelatz-143100262512937\/","article_published_time":"2014-03-01T18:03:12+00:00","article_modified_time":"2019-03-20T11:35:39+00:00","og_image":[{"width":610,"height":328,"url":"https:\/\/artelatz.eus\/wp-content\/uploads\/2014\/03\/131.jpg","type":"image\/jpeg"}],"author":"Artelatz","twitter_card":"summary_large_image","twitter_creator":"@artelatz_inguru","twitter_site":"@artelatz_inguru","twitter_misc":{"Escrito por":"Artelatz","Tiempo de lectura":"1 minuto"},"schema":{"@context":"https:\/\/schema.org","@graph":[{"@type":"Article","@id":"https:\/\/artelatz.eus\/es\/2014\/03\/degustacion-de-queso-artesanal-en-arditurri\/#article","isPartOf":{"@id":"https:\/\/artelatz.eus\/es\/2014\/03\/degustacion-de-queso-artesanal-en-arditurri\/"},"author":{"name":"Artelatz","@id":"https:\/\/artelatz.eus\/#\/schema\/person\/6202ce685bb722b36e5f968e6c52f435"},"headline":"Degustaci\u00f3n de queso artesanal en Arditurri","datePublished":"2014-03-01T18:03:12+00:00","dateModified":"2019-03-20T11:35:39+00:00","mainEntityOfPage":{"@id":"https:\/\/artelatz.eus\/es\/2014\/03\/degustacion-de-queso-artesanal-en-arditurri\/"},"wordCount":210,"commentCount":0,"publisher":{"@id":"https:\/\/artelatz.eus\/#organization"},"image":{"@id":"https:\/\/artelatz.eus\/es\/2014\/03\/degustacion-de-queso-artesanal-en-arditurri\/#primaryimage"},"thumbnailUrl":"https:\/\/artelatz.eus\/wp-content\/uploads\/2014\/03\/131.jpg","articleSection":["Educaci\u00f3n medioambiental"],"inLanguage":"es","potentialAction":[{"@type":"CommentAction","name":"Comment","target":["https:\/\/artelatz.eus\/es\/2014\/03\/degustacion-de-queso-artesanal-en-arditurri\/#respond"]}]},{"@type":"WebPage","@id":"https:\/\/artelatz.eus\/es\/2014\/03\/degustacion-de-queso-artesanal-en-arditurri\/","url":"https:\/\/artelatz.eus\/es\/2014\/03\/degustacion-de-queso-artesanal-en-arditurri\/","name":"Degustaci\u00f3n de queso artesanal en Arditurri &#8226; Artelatz","isPartOf":{"@id":"https:\/\/artelatz.eus\/#website"},"primaryImageOfPage":{"@id":"https:\/\/artelatz.eus\/es\/2014\/03\/degustacion-de-queso-artesanal-en-arditurri\/#primaryimage"},"image":{"@id":"https:\/\/artelatz.eus\/es\/2014\/03\/degustacion-de-queso-artesanal-en-arditurri\/#primaryimage"},"thumbnailUrl":"https:\/\/artelatz.eus\/wp-content\/uploads\/2014\/03\/131.jpg","datePublished":"2014-03-01T18:03:12+00:00","dateModified":"2019-03-20T11:35:39+00:00","breadcrumb":{"@id":"https:\/\/artelatz.eus\/es\/2014\/03\/degustacion-de-queso-artesanal-en-arditurri\/#breadcrumb"},"inLanguage":"es","potentialAction":[{"@type":"ReadAction","target":["https:\/\/artelatz.eus\/es\/2014\/03\/degustacion-de-queso-artesanal-en-arditurri\/"]}]},{"@type":"ImageObject","inLanguage":"es","@id":"https:\/\/artelatz.eus\/es\/2014\/03\/degustacion-de-queso-artesanal-en-arditurri\/#primaryimage","url":"https:\/\/artelatz.eus\/wp-content\/uploads\/2014\/03\/131.jpg","contentUrl":"https:\/\/artelatz.eus\/wp-content\/uploads\/2014\/03\/131.jpg","width":610,"height":328},{"@type":"BreadcrumbList","@id":"https:\/\/artelatz.eus\/es\/2014\/03\/degustacion-de-queso-artesanal-en-arditurri\/#breadcrumb","itemListElement":[{"@type":"ListItem","position":1,"name":"Home","item":"https:\/\/artelatz.eus\/es\/"},{"@type":"ListItem","position":2,"name":"Degustaci\u00f3n de queso artesanal en Arditurri"}]},{"@type":"WebSite","@id":"https:\/\/artelatz.eus\/#website","url":"https:\/\/artelatz.eus\/","name":"Artelatz","description":"Ingurumen zerbitzuak","publisher":{"@id":"https:\/\/artelatz.eus\/#organization"},"potentialAction":[{"@type":"SearchAction","target":{"@type":"EntryPoint","urlTemplate":"https:\/\/artelatz.eus\/?s={search_term_string}"},"query-input":{"@type":"PropertyValueSpecification","valueRequired":true,"valueName":"search_term_string"}}],"inLanguage":"es"},{"@type":"Organization","@id":"https:\/\/artelatz.eus\/#organization","name":"Artelatz Ingurugiro Zerbitzuak","url":"https:\/\/artelatz.eus\/","logo":{"@type":"ImageObject","inLanguage":"es","@id":"https:\/\/artelatz.eus\/#\/schema\/logo\/image\/","url":"https:\/\/artelatz.eus\/wp-content\/uploads\/2019\/03\/Artelatz_logo.png","contentUrl":"https:\/\/artelatz.eus\/wp-content\/uploads\/2019\/03\/Artelatz_logo.png","width":200,"height":87,"caption":"Artelatz Ingurugiro Zerbitzuak"},"image":{"@id":"https:\/\/artelatz.eus\/#\/schema\/logo\/image\/"},"sameAs":["https:\/\/www.facebook.com\/Artelatz-143100262512937\/","https:\/\/x.com\/artelatz_inguru","https:\/\/www.youtube.com\/user\/artelatz"]},{"@type":"Person","@id":"https:\/\/artelatz.eus\/#\/schema\/person\/6202ce685bb722b36e5f968e6c52f435","name":"Artelatz","image":{"@type":"ImageObject","inLanguage":"es","@id":"https:\/\/secure.gravatar.com\/avatar\/ddd422a1cc366c3c23fd9ee2a4694f17bedb940c173c5feecc948da3e7ed3f04?s=96&d=mm&r=g","url":"https:\/\/secure.gravatar.com\/avatar\/ddd422a1cc366c3c23fd9ee2a4694f17bedb940c173c5feecc948da3e7ed3f04?s=96&d=mm&r=g","contentUrl":"https:\/\/secure.gravatar.com\/avatar\/ddd422a1cc366c3c23fd9ee2a4694f17bedb940c173c5feecc948da3e7ed3f04?s=96&d=mm&r=g","caption":"Artelatz"},"sameAs":["https:\/\/artelatz.eus\/"]}]}},"_links":{"self":[{"href":"https:\/\/artelatz.eus\/es\/wp-json\/wp\/v2\/posts\/2463","targetHints":{"allow":["GET"]}}],"collection":[{"href":"https:\/\/artelatz.eus\/es\/wp-json\/wp\/v2\/posts"}],"about":[{"href":"https:\/\/artelatz.eus\/es\/wp-json\/wp\/v2\/types\/post"}],"author":[{"embeddable":true,"href":"https:\/\/artelatz.eus\/es\/wp-json\/wp\/v2\/users\/2"}],"replies":[{"embeddable":true,"href":"https:\/\/artelatz.eus\/es\/wp-json\/wp\/v2\/comments?post=2463"}],"version-history":[{"count":1,"href":"https:\/\/artelatz.eus\/es\/wp-json\/wp\/v2\/posts\/2463\/revisions"}],"predecessor-version":[{"id":5497,"href":"https:\/\/artelatz.eus\/es\/wp-json\/wp\/v2\/posts\/2463\/revisions\/5497"}],"wp:featuredmedia":[{"embeddable":true,"href":"https:\/\/artelatz.eus\/es\/wp-json\/wp\/v2\/media\/5955"}],"wp:attachment":[{"href":"https:\/\/artelatz.eus\/es\/wp-json\/wp\/v2\/media?parent=2463"}],"wp:term":[{"taxonomy":"category","embeddable":true,"href":"https:\/\/artelatz.eus\/es\/wp-json\/wp\/v2\/categories?post=2463"},{"taxonomy":"post_tag","embeddable":true,"href":"https:\/\/artelatz.eus\/es\/wp-json\/wp\/v2\/tags?post=2463"}],"curies":[{"name":"wp","href":"https:\/\/api.w.org\/{rel}","templated":true}]}}