{"id":2284,"date":"2013-10-13T11:39:02","date_gmt":"2013-10-13T10:39:02","guid":{"rendered":"https:\/\/artelatz.eus\/2013\/10\/presentada-la-unidad-didactica-lasarte-oria-gure-herria\/"},"modified":"2019-03-20T12:43:38","modified_gmt":"2019-03-20T11:43:38","slug":"presentada-la-unidad-didactica-lasarte-oria-gure-herria","status":"publish","type":"post","link":"https:\/\/artelatz.eus\/es\/2013\/10\/presentada-la-unidad-didactica-lasarte-oria-gure-herria\/","title":{"rendered":"Presentada la unidad did\u00e1ctica Lasarte-Oria gure herria"},"content":{"rendered":"<p style=\"text-align: justify;\">Junto con el inicio del nuevo curso escolar hemos estrenado la renovada edici\u00f3n de la unidad did\u00e1ctica Lasarte-Oria Gure herria encargada por el Ayuntamiento de Lasarte-Oria. Hace 16 a\u00f1os que Artelatz Ingurugiro Kooperatiba cre\u00f3 esta unidad dirigida a escolares de entre 8 y 10 a\u00f1os\u00a0 para que \u00e9stos puedan profundizar en los conocimientos relacionados con el municipio. Al ser un municipio consituido en 1986, Lasarte-Oria es una localidad relativamente joven por lo que se pens\u00f3 en crear un material did\u00e1ctico que reflejara los principales hitos. En total, son 9 tomos reccogidos en coloridas carpetas que cuentan con un dise\u00f1o adecuado para los escolares \u201cKaleak, jendez beteak\u201d\u00a0 (demograf\u00eda), \u201cBerdea nagusi\u201d (medio ambiente), \u201cLurrari esker bizi gara\u201d (energ\u00eda), \u201cLan eta lan\u201d (trabajo), \u201cHemendik hara\u201d (medios de comunicaci\u00f3n), \u201cZaharrak berri\u201d (historia), \u201cEuskara bizi-bizirik\u201d (euskara), \u201cKirolak aukeran\u201d (deporte) eta \u201cJaia da gaia\u201d (fiestas).<\/p>\n","protected":false},"excerpt":{"rendered":"<p>Junto con el inicio del nuevo curso escolar hemos estrenado la renovada edici\u00f3n de la unidad did\u00e1ctica Lasarte-Oria Gure herria encargada por el Ayuntamiento de Lasarte-Oria. Hace 16 a\u00f1os que Artelatz Ingurugiro Kooperatiba cre\u00f3 esta unidad dirigida a escolares de entre 8 y 10 a\u00f1os\u00a0 para que \u00e9stos puedan profundizar en los conocimientos relacionados con [&hellip;]<\/p>\n","protected":false},"author":2,"featured_media":5983,"comment_status":"open","ping_status":"open","sticky":false,"template":"","format":"standard","meta":{"_et_pb_use_builder":"","_et_pb_old_content":"","_et_gb_content_width":"","footnotes":""},"categories":[50],"tags":[],"class_list":["post-2284","post","type-post","status-publish","format-standard","has-post-thumbnail","hentry","category-educacion-medioambiental"],"yoast_head":"<!-- This site is optimized with the Yoast SEO plugin v27.3 - https:\/\/yoast.com\/product\/yoast-seo-wordpress\/ -->\n<title>Presentada la unidad did\u00e1ctica Lasarte-Oria gure herria &#8226; Artelatz<\/title>\n<meta name=\"robots\" content=\"index, follow, max-snippet:-1, max-image-preview:large, max-video-preview:-1\" \/>\n<link rel=\"canonical\" href=\"https:\/\/artelatz.eus\/es\/2013\/10\/presentada-la-unidad-didactica-lasarte-oria-gure-herria\/\" \/>\n<meta property=\"og:locale\" content=\"es_ES\" \/>\n<meta property=\"og:type\" content=\"article\" \/>\n<meta property=\"og:title\" content=\"Presentada la unidad did\u00e1ctica Lasarte-Oria gure herria &#8226; Artelatz\" \/>\n<meta property=\"og:description\" content=\"Junto con el inicio del nuevo curso escolar hemos estrenado la renovada edici\u00f3n de la unidad did\u00e1ctica Lasarte-Oria Gure herria encargada por el Ayuntamiento de Lasarte-Oria. Hace 16 a\u00f1os que Artelatz Ingurugiro Kooperatiba cre\u00f3 esta unidad dirigida a escolares de entre 8 y 10 a\u00f1os\u00a0 para que \u00e9stos puedan profundizar en los conocimientos relacionados con [&hellip;]\" \/>\n<meta property=\"og:url\" content=\"https:\/\/artelatz.eus\/es\/2013\/10\/presentada-la-unidad-didactica-lasarte-oria-gure-herria\/\" \/>\n<meta property=\"og:site_name\" content=\"Artelatz\" \/>\n<meta property=\"article:publisher\" content=\"https:\/\/www.facebook.com\/Artelatz-143100262512937\/\" \/>\n<meta property=\"article:published_time\" content=\"2013-10-13T10:39:02+00:00\" \/>\n<meta property=\"article:modified_time\" content=\"2019-03-20T11:43:38+00:00\" \/>\n<meta property=\"og:image\" content=\"https:\/\/artelatz.eus\/wp-content\/uploads\/2013\/10\/140.jpg\" \/>\n\t<meta property=\"og:image:width\" content=\"610\" \/>\n\t<meta property=\"og:image:height\" content=\"507\" \/>\n\t<meta property=\"og:image:type\" content=\"image\/jpeg\" \/>\n<meta name=\"author\" content=\"Artelatz\" \/>\n<meta name=\"twitter:card\" content=\"summary_large_image\" \/>\n<meta name=\"twitter:creator\" content=\"@artelatz_inguru\" \/>\n<meta name=\"twitter:site\" content=\"@artelatz_inguru\" \/>\n<meta name=\"twitter:label1\" content=\"Escrito por\" \/>\n\t<meta name=\"twitter:data1\" content=\"Artelatz\" \/>\n\t<meta name=\"twitter:label2\" content=\"Tiempo de lectura\" \/>\n\t<meta name=\"twitter:data2\" content=\"1 minuto\" \/>\n<script type=\"application\/ld+json\" class=\"yoast-schema-graph\">{\"@context\":\"https:\\\/\\\/schema.org\",\"@graph\":[{\"@type\":\"Article\",\"@id\":\"https:\\\/\\\/artelatz.eus\\\/es\\\/2013\\\/10\\\/presentada-la-unidad-didactica-lasarte-oria-gure-herria\\\/#article\",\"isPartOf\":{\"@id\":\"https:\\\/\\\/artelatz.eus\\\/es\\\/2013\\\/10\\\/presentada-la-unidad-didactica-lasarte-oria-gure-herria\\\/\"},\"author\":{\"name\":\"Artelatz\",\"@id\":\"https:\\\/\\\/artelatz.eus\\\/#\\\/schema\\\/person\\\/6202ce685bb722b36e5f968e6c52f435\"},\"headline\":\"Presentada la unidad did\u00e1ctica Lasarte-Oria gure herria\",\"datePublished\":\"2013-10-13T10:39:02+00:00\",\"dateModified\":\"2019-03-20T11:43:38+00:00\",\"mainEntityOfPage\":{\"@id\":\"https:\\\/\\\/artelatz.eus\\\/es\\\/2013\\\/10\\\/presentada-la-unidad-didactica-lasarte-oria-gure-herria\\\/\"},\"wordCount\":151,\"commentCount\":0,\"publisher\":{\"@id\":\"https:\\\/\\\/artelatz.eus\\\/#organization\"},\"image\":{\"@id\":\"https:\\\/\\\/artelatz.eus\\\/es\\\/2013\\\/10\\\/presentada-la-unidad-didactica-lasarte-oria-gure-herria\\\/#primaryimage\"},\"thumbnailUrl\":\"https:\\\/\\\/artelatz.eus\\\/wp-content\\\/uploads\\\/2013\\\/10\\\/140.jpg\",\"articleSection\":[\"Educaci\u00f3n medioambiental\"],\"inLanguage\":\"es\",\"potentialAction\":[{\"@type\":\"CommentAction\",\"name\":\"Comment\",\"target\":[\"https:\\\/\\\/artelatz.eus\\\/es\\\/2013\\\/10\\\/presentada-la-unidad-didactica-lasarte-oria-gure-herria\\\/#respond\"]}]},{\"@type\":\"WebPage\",\"@id\":\"https:\\\/\\\/artelatz.eus\\\/es\\\/2013\\\/10\\\/presentada-la-unidad-didactica-lasarte-oria-gure-herria\\\/\",\"url\":\"https:\\\/\\\/artelatz.eus\\\/es\\\/2013\\\/10\\\/presentada-la-unidad-didactica-lasarte-oria-gure-herria\\\/\",\"name\":\"Presentada la unidad did\u00e1ctica Lasarte-Oria gure herria &#8226; Artelatz\",\"isPartOf\":{\"@id\":\"https:\\\/\\\/artelatz.eus\\\/#website\"},\"primaryImageOfPage\":{\"@id\":\"https:\\\/\\\/artelatz.eus\\\/es\\\/2013\\\/10\\\/presentada-la-unidad-didactica-lasarte-oria-gure-herria\\\/#primaryimage\"},\"image\":{\"@id\":\"https:\\\/\\\/artelatz.eus\\\/es\\\/2013\\\/10\\\/presentada-la-unidad-didactica-lasarte-oria-gure-herria\\\/#primaryimage\"},\"thumbnailUrl\":\"https:\\\/\\\/artelatz.eus\\\/wp-content\\\/uploads\\\/2013\\\/10\\\/140.jpg\",\"datePublished\":\"2013-10-13T10:39:02+00:00\",\"dateModified\":\"2019-03-20T11:43:38+00:00\",\"breadcrumb\":{\"@id\":\"https:\\\/\\\/artelatz.eus\\\/es\\\/2013\\\/10\\\/presentada-la-unidad-didactica-lasarte-oria-gure-herria\\\/#breadcrumb\"},\"inLanguage\":\"es\",\"potentialAction\":[{\"@type\":\"ReadAction\",\"target\":[\"https:\\\/\\\/artelatz.eus\\\/es\\\/2013\\\/10\\\/presentada-la-unidad-didactica-lasarte-oria-gure-herria\\\/\"]}]},{\"@type\":\"ImageObject\",\"inLanguage\":\"es\",\"@id\":\"https:\\\/\\\/artelatz.eus\\\/es\\\/2013\\\/10\\\/presentada-la-unidad-didactica-lasarte-oria-gure-herria\\\/#primaryimage\",\"url\":\"https:\\\/\\\/artelatz.eus\\\/wp-content\\\/uploads\\\/2013\\\/10\\\/140.jpg\",\"contentUrl\":\"https:\\\/\\\/artelatz.eus\\\/wp-content\\\/uploads\\\/2013\\\/10\\\/140.jpg\",\"width\":610,\"height\":507},{\"@type\":\"BreadcrumbList\",\"@id\":\"https:\\\/\\\/artelatz.eus\\\/es\\\/2013\\\/10\\\/presentada-la-unidad-didactica-lasarte-oria-gure-herria\\\/#breadcrumb\",\"itemListElement\":[{\"@type\":\"ListItem\",\"position\":1,\"name\":\"Home\",\"item\":\"https:\\\/\\\/artelatz.eus\\\/es\\\/\"},{\"@type\":\"ListItem\",\"position\":2,\"name\":\"Presentada la unidad did\u00e1ctica Lasarte-Oria gure herria\"}]},{\"@type\":\"WebSite\",\"@id\":\"https:\\\/\\\/artelatz.eus\\\/#website\",\"url\":\"https:\\\/\\\/artelatz.eus\\\/\",\"name\":\"Artelatz\",\"description\":\"Ingurumen zerbitzuak\",\"publisher\":{\"@id\":\"https:\\\/\\\/artelatz.eus\\\/#organization\"},\"potentialAction\":[{\"@type\":\"SearchAction\",\"target\":{\"@type\":\"EntryPoint\",\"urlTemplate\":\"https:\\\/\\\/artelatz.eus\\\/?s={search_term_string}\"},\"query-input\":{\"@type\":\"PropertyValueSpecification\",\"valueRequired\":true,\"valueName\":\"search_term_string\"}}],\"inLanguage\":\"es\"},{\"@type\":\"Organization\",\"@id\":\"https:\\\/\\\/artelatz.eus\\\/#organization\",\"name\":\"Artelatz Ingurugiro Zerbitzuak\",\"url\":\"https:\\\/\\\/artelatz.eus\\\/\",\"logo\":{\"@type\":\"ImageObject\",\"inLanguage\":\"es\",\"@id\":\"https:\\\/\\\/artelatz.eus\\\/#\\\/schema\\\/logo\\\/image\\\/\",\"url\":\"https:\\\/\\\/artelatz.eus\\\/wp-content\\\/uploads\\\/2019\\\/03\\\/Artelatz_logo.png\",\"contentUrl\":\"https:\\\/\\\/artelatz.eus\\\/wp-content\\\/uploads\\\/2019\\\/03\\\/Artelatz_logo.png\",\"width\":200,\"height\":87,\"caption\":\"Artelatz Ingurugiro Zerbitzuak\"},\"image\":{\"@id\":\"https:\\\/\\\/artelatz.eus\\\/#\\\/schema\\\/logo\\\/image\\\/\"},\"sameAs\":[\"https:\\\/\\\/www.facebook.com\\\/Artelatz-143100262512937\\\/\",\"https:\\\/\\\/x.com\\\/artelatz_inguru\",\"https:\\\/\\\/www.youtube.com\\\/user\\\/artelatz\"]},{\"@type\":\"Person\",\"@id\":\"https:\\\/\\\/artelatz.eus\\\/#\\\/schema\\\/person\\\/6202ce685bb722b36e5f968e6c52f435\",\"name\":\"Artelatz\",\"image\":{\"@type\":\"ImageObject\",\"inLanguage\":\"es\",\"@id\":\"https:\\\/\\\/secure.gravatar.com\\\/avatar\\\/ddd422a1cc366c3c23fd9ee2a4694f17bedb940c173c5feecc948da3e7ed3f04?s=96&d=mm&r=g\",\"url\":\"https:\\\/\\\/secure.gravatar.com\\\/avatar\\\/ddd422a1cc366c3c23fd9ee2a4694f17bedb940c173c5feecc948da3e7ed3f04?s=96&d=mm&r=g\",\"contentUrl\":\"https:\\\/\\\/secure.gravatar.com\\\/avatar\\\/ddd422a1cc366c3c23fd9ee2a4694f17bedb940c173c5feecc948da3e7ed3f04?s=96&d=mm&r=g\",\"caption\":\"Artelatz\"},\"sameAs\":[\"https:\\\/\\\/artelatz.eus\\\/\"]}]}<\/script>\n<!-- \/ Yoast SEO plugin. -->","yoast_head_json":{"title":"Presentada la unidad did\u00e1ctica Lasarte-Oria gure herria &#8226; Artelatz","robots":{"index":"index","follow":"follow","max-snippet":"max-snippet:-1","max-image-preview":"max-image-preview:large","max-video-preview":"max-video-preview:-1"},"canonical":"https:\/\/artelatz.eus\/es\/2013\/10\/presentada-la-unidad-didactica-lasarte-oria-gure-herria\/","og_locale":"es_ES","og_type":"article","og_title":"Presentada la unidad did\u00e1ctica Lasarte-Oria gure herria &#8226; Artelatz","og_description":"Junto con el inicio del nuevo curso escolar hemos estrenado la renovada edici\u00f3n de la unidad did\u00e1ctica Lasarte-Oria Gure herria encargada por el Ayuntamiento de Lasarte-Oria. Hace 16 a\u00f1os que Artelatz Ingurugiro Kooperatiba cre\u00f3 esta unidad dirigida a escolares de entre 8 y 10 a\u00f1os\u00a0 para que \u00e9stos puedan profundizar en los conocimientos relacionados con [&hellip;]","og_url":"https:\/\/artelatz.eus\/es\/2013\/10\/presentada-la-unidad-didactica-lasarte-oria-gure-herria\/","og_site_name":"Artelatz","article_publisher":"https:\/\/www.facebook.com\/Artelatz-143100262512937\/","article_published_time":"2013-10-13T10:39:02+00:00","article_modified_time":"2019-03-20T11:43:38+00:00","og_image":[{"width":610,"height":507,"url":"https:\/\/artelatz.eus\/wp-content\/uploads\/2013\/10\/140.jpg","type":"image\/jpeg"}],"author":"Artelatz","twitter_card":"summary_large_image","twitter_creator":"@artelatz_inguru","twitter_site":"@artelatz_inguru","twitter_misc":{"Escrito por":"Artelatz","Tiempo de lectura":"1 minuto"},"schema":{"@context":"https:\/\/schema.org","@graph":[{"@type":"Article","@id":"https:\/\/artelatz.eus\/es\/2013\/10\/presentada-la-unidad-didactica-lasarte-oria-gure-herria\/#article","isPartOf":{"@id":"https:\/\/artelatz.eus\/es\/2013\/10\/presentada-la-unidad-didactica-lasarte-oria-gure-herria\/"},"author":{"name":"Artelatz","@id":"https:\/\/artelatz.eus\/#\/schema\/person\/6202ce685bb722b36e5f968e6c52f435"},"headline":"Presentada la unidad did\u00e1ctica Lasarte-Oria gure herria","datePublished":"2013-10-13T10:39:02+00:00","dateModified":"2019-03-20T11:43:38+00:00","mainEntityOfPage":{"@id":"https:\/\/artelatz.eus\/es\/2013\/10\/presentada-la-unidad-didactica-lasarte-oria-gure-herria\/"},"wordCount":151,"commentCount":0,"publisher":{"@id":"https:\/\/artelatz.eus\/#organization"},"image":{"@id":"https:\/\/artelatz.eus\/es\/2013\/10\/presentada-la-unidad-didactica-lasarte-oria-gure-herria\/#primaryimage"},"thumbnailUrl":"https:\/\/artelatz.eus\/wp-content\/uploads\/2013\/10\/140.jpg","articleSection":["Educaci\u00f3n medioambiental"],"inLanguage":"es","potentialAction":[{"@type":"CommentAction","name":"Comment","target":["https:\/\/artelatz.eus\/es\/2013\/10\/presentada-la-unidad-didactica-lasarte-oria-gure-herria\/#respond"]}]},{"@type":"WebPage","@id":"https:\/\/artelatz.eus\/es\/2013\/10\/presentada-la-unidad-didactica-lasarte-oria-gure-herria\/","url":"https:\/\/artelatz.eus\/es\/2013\/10\/presentada-la-unidad-didactica-lasarte-oria-gure-herria\/","name":"Presentada la unidad did\u00e1ctica Lasarte-Oria gure herria &#8226; Artelatz","isPartOf":{"@id":"https:\/\/artelatz.eus\/#website"},"primaryImageOfPage":{"@id":"https:\/\/artelatz.eus\/es\/2013\/10\/presentada-la-unidad-didactica-lasarte-oria-gure-herria\/#primaryimage"},"image":{"@id":"https:\/\/artelatz.eus\/es\/2013\/10\/presentada-la-unidad-didactica-lasarte-oria-gure-herria\/#primaryimage"},"thumbnailUrl":"https:\/\/artelatz.eus\/wp-content\/uploads\/2013\/10\/140.jpg","datePublished":"2013-10-13T10:39:02+00:00","dateModified":"2019-03-20T11:43:38+00:00","breadcrumb":{"@id":"https:\/\/artelatz.eus\/es\/2013\/10\/presentada-la-unidad-didactica-lasarte-oria-gure-herria\/#breadcrumb"},"inLanguage":"es","potentialAction":[{"@type":"ReadAction","target":["https:\/\/artelatz.eus\/es\/2013\/10\/presentada-la-unidad-didactica-lasarte-oria-gure-herria\/"]}]},{"@type":"ImageObject","inLanguage":"es","@id":"https:\/\/artelatz.eus\/es\/2013\/10\/presentada-la-unidad-didactica-lasarte-oria-gure-herria\/#primaryimage","url":"https:\/\/artelatz.eus\/wp-content\/uploads\/2013\/10\/140.jpg","contentUrl":"https:\/\/artelatz.eus\/wp-content\/uploads\/2013\/10\/140.jpg","width":610,"height":507},{"@type":"BreadcrumbList","@id":"https:\/\/artelatz.eus\/es\/2013\/10\/presentada-la-unidad-didactica-lasarte-oria-gure-herria\/#breadcrumb","itemListElement":[{"@type":"ListItem","position":1,"name":"Home","item":"https:\/\/artelatz.eus\/es\/"},{"@type":"ListItem","position":2,"name":"Presentada la unidad did\u00e1ctica Lasarte-Oria gure herria"}]},{"@type":"WebSite","@id":"https:\/\/artelatz.eus\/#website","url":"https:\/\/artelatz.eus\/","name":"Artelatz","description":"Ingurumen zerbitzuak","publisher":{"@id":"https:\/\/artelatz.eus\/#organization"},"potentialAction":[{"@type":"SearchAction","target":{"@type":"EntryPoint","urlTemplate":"https:\/\/artelatz.eus\/?s={search_term_string}"},"query-input":{"@type":"PropertyValueSpecification","valueRequired":true,"valueName":"search_term_string"}}],"inLanguage":"es"},{"@type":"Organization","@id":"https:\/\/artelatz.eus\/#organization","name":"Artelatz Ingurugiro Zerbitzuak","url":"https:\/\/artelatz.eus\/","logo":{"@type":"ImageObject","inLanguage":"es","@id":"https:\/\/artelatz.eus\/#\/schema\/logo\/image\/","url":"https:\/\/artelatz.eus\/wp-content\/uploads\/2019\/03\/Artelatz_logo.png","contentUrl":"https:\/\/artelatz.eus\/wp-content\/uploads\/2019\/03\/Artelatz_logo.png","width":200,"height":87,"caption":"Artelatz Ingurugiro Zerbitzuak"},"image":{"@id":"https:\/\/artelatz.eus\/#\/schema\/logo\/image\/"},"sameAs":["https:\/\/www.facebook.com\/Artelatz-143100262512937\/","https:\/\/x.com\/artelatz_inguru","https:\/\/www.youtube.com\/user\/artelatz"]},{"@type":"Person","@id":"https:\/\/artelatz.eus\/#\/schema\/person\/6202ce685bb722b36e5f968e6c52f435","name":"Artelatz","image":{"@type":"ImageObject","inLanguage":"es","@id":"https:\/\/secure.gravatar.com\/avatar\/ddd422a1cc366c3c23fd9ee2a4694f17bedb940c173c5feecc948da3e7ed3f04?s=96&d=mm&r=g","url":"https:\/\/secure.gravatar.com\/avatar\/ddd422a1cc366c3c23fd9ee2a4694f17bedb940c173c5feecc948da3e7ed3f04?s=96&d=mm&r=g","contentUrl":"https:\/\/secure.gravatar.com\/avatar\/ddd422a1cc366c3c23fd9ee2a4694f17bedb940c173c5feecc948da3e7ed3f04?s=96&d=mm&r=g","caption":"Artelatz"},"sameAs":["https:\/\/artelatz.eus\/"]}]}},"_links":{"self":[{"href":"https:\/\/artelatz.eus\/es\/wp-json\/wp\/v2\/posts\/2284","targetHints":{"allow":["GET"]}}],"collection":[{"href":"https:\/\/artelatz.eus\/es\/wp-json\/wp\/v2\/posts"}],"about":[{"href":"https:\/\/artelatz.eus\/es\/wp-json\/wp\/v2\/types\/post"}],"author":[{"embeddable":true,"href":"https:\/\/artelatz.eus\/es\/wp-json\/wp\/v2\/users\/2"}],"replies":[{"embeddable":true,"href":"https:\/\/artelatz.eus\/es\/wp-json\/wp\/v2\/comments?post=2284"}],"version-history":[{"count":1,"href":"https:\/\/artelatz.eus\/es\/wp-json\/wp\/v2\/posts\/2284\/revisions"}],"predecessor-version":[{"id":5507,"href":"https:\/\/artelatz.eus\/es\/wp-json\/wp\/v2\/posts\/2284\/revisions\/5507"}],"wp:featuredmedia":[{"embeddable":true,"href":"https:\/\/artelatz.eus\/es\/wp-json\/wp\/v2\/media\/5983"}],"wp:attachment":[{"href":"https:\/\/artelatz.eus\/es\/wp-json\/wp\/v2\/media?parent=2284"}],"wp:term":[{"taxonomy":"category","embeddable":true,"href":"https:\/\/artelatz.eus\/es\/wp-json\/wp\/v2\/categories?post=2284"},{"taxonomy":"post_tag","embeddable":true,"href":"https:\/\/artelatz.eus\/es\/wp-json\/wp\/v2\/tags?post=2284"}],"curies":[{"name":"wp","href":"https:\/\/api.w.org\/{rel}","templated":true}]}}