{"id":2267,"date":"2013-10-08T12:38:33","date_gmt":"2013-10-08T11:38:33","guid":{"rendered":"https:\/\/artelatz.eus\/2013\/10\/octubre-mes-de\/"},"modified":"2019-03-20T12:45:09","modified_gmt":"2019-03-20T11:45:09","slug":"octubre-mes-de","status":"publish","type":"post","link":"https:\/\/artelatz.eus\/es\/2013\/10\/octubre-mes-de\/","title":{"rendered":"Disfruta de la sidra y la historia en Hernani"},"content":{"rendered":"<p style=\"text-align: justify;\">A partir de este mes de octubre Gipuzkoako Parketxe Sarea Fundazioa ofrece una combinaci\u00f3n de propuestas gastron\u00f3micas y culturales junto con la sidrer\u00eda Larre Gain aunando la tradici\u00f3n sidrera y el patrimonio hist\u00f3rico y cultural mediante visitas guiadas. Los pr\u00f3ximos s\u00e1bados 19 y 26 del presente mes tendremos una nueva oportunidad de conocer de cerca el patrimonio hist\u00f3rico de Hernani de una forma amena. Partiendo de la citada sidrer\u00eda se propone al visitante una marcha monta\u00f1era de baja dificultad por el parque natural de Aia llegando hasta el cuello de Saratseta -donde el visitante podr\u00e1 ver de cerca d\u00f3lmenes y otros vestigios hist\u00f3ricos-. En otro punto del recorrido, se realizar\u00e1 una aproximaci\u00f3n al mundo de la elaboraci\u00f3n de la sidra -los manzanales, el ciclo del manzano- visitando la sidrer\u00eda Larre-Gain para conocer la historia de la sidra, su proceso de elaboraci\u00f3n, sus caracter\u00edsticas, etc. En total se trata de 3 horas de paseo guiado -2 horas de marcha y una de visita a la sidrer\u00eda- al que invitamos a toda la ciudadan\u00eda. Se puede disfrutar de este paseo el 19 y el 26 de octubre (por la ma\u00f1ana o por la tarde) y los meses de noviembre, diciembre y enero en horario matutino (siempre y cuando se complete un grupo de 20 personas); de febrero a septiembre por la ma\u00f1ana y por la tarde, reservando previamente y completando un grupo de, al menos, 20 personas.<\/p>\n<p style=\"text-align: justify;\">PRECIO: 33 \u20ac (28 \u20ac men\u00fa sidrer\u00eda con caf\u00e9 incluido\u00a0 y 5 \u20ac de la marcha) o 31 \u20ac para ni\u00f1os de 5 a 12 a\u00f1os.<\/p>\n<p style=\"text-align: justify;\"><strong>M\u00e1s informaci\u00f3n:<\/strong><br \/>\n943 49 50 69 \/ 943 55 58 46<br \/>\narditurri@gipuzkoamendizmendi.net<br \/>\nwww.gipuzkoamendizmendi.net<\/p>\n","protected":false},"excerpt":{"rendered":"<p>A partir de este mes de octubre Gipuzkoako Parketxe Sarea Fundazioa ofrece una combinaci\u00f3n de propuestas gastron\u00f3micas y culturales junto con la sidrer\u00eda Larre Gain aunando la tradici\u00f3n sidrera y el patrimonio hist\u00f3rico y cultural mediante visitas guiadas. Los pr\u00f3ximos s\u00e1bados 19 y 26 del presente mes tendremos una nueva oportunidad de conocer de cerca [&hellip;]<\/p>\n","protected":false},"author":2,"featured_media":5989,"comment_status":"open","ping_status":"open","sticky":false,"template":"","format":"standard","meta":{"_et_pb_use_builder":"","_et_pb_old_content":"","_et_gb_content_width":"","footnotes":""},"categories":[50],"tags":[],"class_list":["post-2267","post","type-post","status-publish","format-standard","has-post-thumbnail","hentry","category-educacion-medioambiental"],"yoast_head":"<!-- This site is optimized with the Yoast SEO plugin v27.3 - https:\/\/yoast.com\/product\/yoast-seo-wordpress\/ -->\n<title>Disfruta de la sidra y la historia en Hernani &#8226; Artelatz<\/title>\n<meta name=\"robots\" content=\"index, follow, max-snippet:-1, max-image-preview:large, max-video-preview:-1\" \/>\n<link rel=\"canonical\" href=\"https:\/\/artelatz.eus\/es\/2013\/10\/octubre-mes-de\/\" \/>\n<meta property=\"og:locale\" content=\"es_ES\" \/>\n<meta property=\"og:type\" content=\"article\" \/>\n<meta property=\"og:title\" content=\"Disfruta de la sidra y la historia en Hernani &#8226; Artelatz\" \/>\n<meta property=\"og:description\" content=\"A partir de este mes de octubre Gipuzkoako Parketxe Sarea Fundazioa ofrece una combinaci\u00f3n de propuestas gastron\u00f3micas y culturales junto con la sidrer\u00eda Larre Gain aunando la tradici\u00f3n sidrera y el patrimonio hist\u00f3rico y cultural mediante visitas guiadas. Los pr\u00f3ximos s\u00e1bados 19 y 26 del presente mes tendremos una nueva oportunidad de conocer de cerca [&hellip;]\" \/>\n<meta property=\"og:url\" content=\"https:\/\/artelatz.eus\/es\/2013\/10\/octubre-mes-de\/\" \/>\n<meta property=\"og:site_name\" content=\"Artelatz\" \/>\n<meta property=\"article:publisher\" content=\"https:\/\/www.facebook.com\/Artelatz-143100262512937\/\" \/>\n<meta property=\"article:published_time\" content=\"2013-10-08T11:38:33+00:00\" \/>\n<meta property=\"article:modified_time\" content=\"2019-03-20T11:45:09+00:00\" \/>\n<meta property=\"og:image\" content=\"https:\/\/artelatz.eus\/wp-content\/uploads\/2013\/10\/142.jpg\" \/>\n\t<meta property=\"og:image:width\" content=\"610\" \/>\n\t<meta property=\"og:image:height\" content=\"889\" \/>\n\t<meta property=\"og:image:type\" content=\"image\/jpeg\" \/>\n<meta name=\"author\" content=\"Artelatz\" \/>\n<meta name=\"twitter:card\" content=\"summary_large_image\" \/>\n<meta name=\"twitter:creator\" content=\"@artelatz_inguru\" \/>\n<meta name=\"twitter:site\" content=\"@artelatz_inguru\" \/>\n<meta name=\"twitter:label1\" content=\"Escrito por\" \/>\n\t<meta name=\"twitter:data1\" content=\"Artelatz\" \/>\n\t<meta name=\"twitter:label2\" content=\"Tiempo de lectura\" \/>\n\t<meta name=\"twitter:data2\" content=\"1 minuto\" \/>\n<script type=\"application\/ld+json\" class=\"yoast-schema-graph\">{\"@context\":\"https:\\\/\\\/schema.org\",\"@graph\":[{\"@type\":\"Article\",\"@id\":\"https:\\\/\\\/artelatz.eus\\\/es\\\/2013\\\/10\\\/octubre-mes-de\\\/#article\",\"isPartOf\":{\"@id\":\"https:\\\/\\\/artelatz.eus\\\/es\\\/2013\\\/10\\\/octubre-mes-de\\\/\"},\"author\":{\"name\":\"Artelatz\",\"@id\":\"https:\\\/\\\/artelatz.eus\\\/#\\\/schema\\\/person\\\/6202ce685bb722b36e5f968e6c52f435\"},\"headline\":\"Disfruta de la sidra y la historia en Hernani\",\"datePublished\":\"2013-10-08T11:38:33+00:00\",\"dateModified\":\"2019-03-20T11:45:09+00:00\",\"mainEntityOfPage\":{\"@id\":\"https:\\\/\\\/artelatz.eus\\\/es\\\/2013\\\/10\\\/octubre-mes-de\\\/\"},\"wordCount\":287,\"commentCount\":0,\"publisher\":{\"@id\":\"https:\\\/\\\/artelatz.eus\\\/#organization\"},\"image\":{\"@id\":\"https:\\\/\\\/artelatz.eus\\\/es\\\/2013\\\/10\\\/octubre-mes-de\\\/#primaryimage\"},\"thumbnailUrl\":\"https:\\\/\\\/artelatz.eus\\\/wp-content\\\/uploads\\\/2013\\\/10\\\/142.jpg\",\"articleSection\":[\"Educaci\u00f3n medioambiental\"],\"inLanguage\":\"es\",\"potentialAction\":[{\"@type\":\"CommentAction\",\"name\":\"Comment\",\"target\":[\"https:\\\/\\\/artelatz.eus\\\/es\\\/2013\\\/10\\\/octubre-mes-de\\\/#respond\"]}]},{\"@type\":\"WebPage\",\"@id\":\"https:\\\/\\\/artelatz.eus\\\/es\\\/2013\\\/10\\\/octubre-mes-de\\\/\",\"url\":\"https:\\\/\\\/artelatz.eus\\\/es\\\/2013\\\/10\\\/octubre-mes-de\\\/\",\"name\":\"Disfruta de la sidra y la historia en Hernani &#8226; Artelatz\",\"isPartOf\":{\"@id\":\"https:\\\/\\\/artelatz.eus\\\/#website\"},\"primaryImageOfPage\":{\"@id\":\"https:\\\/\\\/artelatz.eus\\\/es\\\/2013\\\/10\\\/octubre-mes-de\\\/#primaryimage\"},\"image\":{\"@id\":\"https:\\\/\\\/artelatz.eus\\\/es\\\/2013\\\/10\\\/octubre-mes-de\\\/#primaryimage\"},\"thumbnailUrl\":\"https:\\\/\\\/artelatz.eus\\\/wp-content\\\/uploads\\\/2013\\\/10\\\/142.jpg\",\"datePublished\":\"2013-10-08T11:38:33+00:00\",\"dateModified\":\"2019-03-20T11:45:09+00:00\",\"breadcrumb\":{\"@id\":\"https:\\\/\\\/artelatz.eus\\\/es\\\/2013\\\/10\\\/octubre-mes-de\\\/#breadcrumb\"},\"inLanguage\":\"es\",\"potentialAction\":[{\"@type\":\"ReadAction\",\"target\":[\"https:\\\/\\\/artelatz.eus\\\/es\\\/2013\\\/10\\\/octubre-mes-de\\\/\"]}]},{\"@type\":\"ImageObject\",\"inLanguage\":\"es\",\"@id\":\"https:\\\/\\\/artelatz.eus\\\/es\\\/2013\\\/10\\\/octubre-mes-de\\\/#primaryimage\",\"url\":\"https:\\\/\\\/artelatz.eus\\\/wp-content\\\/uploads\\\/2013\\\/10\\\/142.jpg\",\"contentUrl\":\"https:\\\/\\\/artelatz.eus\\\/wp-content\\\/uploads\\\/2013\\\/10\\\/142.jpg\",\"width\":610,\"height\":889},{\"@type\":\"BreadcrumbList\",\"@id\":\"https:\\\/\\\/artelatz.eus\\\/es\\\/2013\\\/10\\\/octubre-mes-de\\\/#breadcrumb\",\"itemListElement\":[{\"@type\":\"ListItem\",\"position\":1,\"name\":\"Home\",\"item\":\"https:\\\/\\\/artelatz.eus\\\/es\\\/\"},{\"@type\":\"ListItem\",\"position\":2,\"name\":\"Disfruta de la sidra y la historia en Hernani\"}]},{\"@type\":\"WebSite\",\"@id\":\"https:\\\/\\\/artelatz.eus\\\/#website\",\"url\":\"https:\\\/\\\/artelatz.eus\\\/\",\"name\":\"Artelatz\",\"description\":\"Ingurumen zerbitzuak\",\"publisher\":{\"@id\":\"https:\\\/\\\/artelatz.eus\\\/#organization\"},\"potentialAction\":[{\"@type\":\"SearchAction\",\"target\":{\"@type\":\"EntryPoint\",\"urlTemplate\":\"https:\\\/\\\/artelatz.eus\\\/?s={search_term_string}\"},\"query-input\":{\"@type\":\"PropertyValueSpecification\",\"valueRequired\":true,\"valueName\":\"search_term_string\"}}],\"inLanguage\":\"es\"},{\"@type\":\"Organization\",\"@id\":\"https:\\\/\\\/artelatz.eus\\\/#organization\",\"name\":\"Artelatz Ingurugiro Zerbitzuak\",\"url\":\"https:\\\/\\\/artelatz.eus\\\/\",\"logo\":{\"@type\":\"ImageObject\",\"inLanguage\":\"es\",\"@id\":\"https:\\\/\\\/artelatz.eus\\\/#\\\/schema\\\/logo\\\/image\\\/\",\"url\":\"https:\\\/\\\/artelatz.eus\\\/wp-content\\\/uploads\\\/2019\\\/03\\\/Artelatz_logo.png\",\"contentUrl\":\"https:\\\/\\\/artelatz.eus\\\/wp-content\\\/uploads\\\/2019\\\/03\\\/Artelatz_logo.png\",\"width\":200,\"height\":87,\"caption\":\"Artelatz Ingurugiro Zerbitzuak\"},\"image\":{\"@id\":\"https:\\\/\\\/artelatz.eus\\\/#\\\/schema\\\/logo\\\/image\\\/\"},\"sameAs\":[\"https:\\\/\\\/www.facebook.com\\\/Artelatz-143100262512937\\\/\",\"https:\\\/\\\/x.com\\\/artelatz_inguru\",\"https:\\\/\\\/www.youtube.com\\\/user\\\/artelatz\"]},{\"@type\":\"Person\",\"@id\":\"https:\\\/\\\/artelatz.eus\\\/#\\\/schema\\\/person\\\/6202ce685bb722b36e5f968e6c52f435\",\"name\":\"Artelatz\",\"image\":{\"@type\":\"ImageObject\",\"inLanguage\":\"es\",\"@id\":\"https:\\\/\\\/secure.gravatar.com\\\/avatar\\\/ddd422a1cc366c3c23fd9ee2a4694f17bedb940c173c5feecc948da3e7ed3f04?s=96&d=mm&r=g\",\"url\":\"https:\\\/\\\/secure.gravatar.com\\\/avatar\\\/ddd422a1cc366c3c23fd9ee2a4694f17bedb940c173c5feecc948da3e7ed3f04?s=96&d=mm&r=g\",\"contentUrl\":\"https:\\\/\\\/secure.gravatar.com\\\/avatar\\\/ddd422a1cc366c3c23fd9ee2a4694f17bedb940c173c5feecc948da3e7ed3f04?s=96&d=mm&r=g\",\"caption\":\"Artelatz\"},\"sameAs\":[\"https:\\\/\\\/artelatz.eus\\\/\"]}]}<\/script>\n<!-- \/ Yoast SEO plugin. -->","yoast_head_json":{"title":"Disfruta de la sidra y la historia en Hernani &#8226; Artelatz","robots":{"index":"index","follow":"follow","max-snippet":"max-snippet:-1","max-image-preview":"max-image-preview:large","max-video-preview":"max-video-preview:-1"},"canonical":"https:\/\/artelatz.eus\/es\/2013\/10\/octubre-mes-de\/","og_locale":"es_ES","og_type":"article","og_title":"Disfruta de la sidra y la historia en Hernani &#8226; Artelatz","og_description":"A partir de este mes de octubre Gipuzkoako Parketxe Sarea Fundazioa ofrece una combinaci\u00f3n de propuestas gastron\u00f3micas y culturales junto con la sidrer\u00eda Larre Gain aunando la tradici\u00f3n sidrera y el patrimonio hist\u00f3rico y cultural mediante visitas guiadas. Los pr\u00f3ximos s\u00e1bados 19 y 26 del presente mes tendremos una nueva oportunidad de conocer de cerca [&hellip;]","og_url":"https:\/\/artelatz.eus\/es\/2013\/10\/octubre-mes-de\/","og_site_name":"Artelatz","article_publisher":"https:\/\/www.facebook.com\/Artelatz-143100262512937\/","article_published_time":"2013-10-08T11:38:33+00:00","article_modified_time":"2019-03-20T11:45:09+00:00","og_image":[{"width":610,"height":889,"url":"https:\/\/artelatz.eus\/wp-content\/uploads\/2013\/10\/142.jpg","type":"image\/jpeg"}],"author":"Artelatz","twitter_card":"summary_large_image","twitter_creator":"@artelatz_inguru","twitter_site":"@artelatz_inguru","twitter_misc":{"Escrito por":"Artelatz","Tiempo de lectura":"1 minuto"},"schema":{"@context":"https:\/\/schema.org","@graph":[{"@type":"Article","@id":"https:\/\/artelatz.eus\/es\/2013\/10\/octubre-mes-de\/#article","isPartOf":{"@id":"https:\/\/artelatz.eus\/es\/2013\/10\/octubre-mes-de\/"},"author":{"name":"Artelatz","@id":"https:\/\/artelatz.eus\/#\/schema\/person\/6202ce685bb722b36e5f968e6c52f435"},"headline":"Disfruta de la sidra y la historia en Hernani","datePublished":"2013-10-08T11:38:33+00:00","dateModified":"2019-03-20T11:45:09+00:00","mainEntityOfPage":{"@id":"https:\/\/artelatz.eus\/es\/2013\/10\/octubre-mes-de\/"},"wordCount":287,"commentCount":0,"publisher":{"@id":"https:\/\/artelatz.eus\/#organization"},"image":{"@id":"https:\/\/artelatz.eus\/es\/2013\/10\/octubre-mes-de\/#primaryimage"},"thumbnailUrl":"https:\/\/artelatz.eus\/wp-content\/uploads\/2013\/10\/142.jpg","articleSection":["Educaci\u00f3n medioambiental"],"inLanguage":"es","potentialAction":[{"@type":"CommentAction","name":"Comment","target":["https:\/\/artelatz.eus\/es\/2013\/10\/octubre-mes-de\/#respond"]}]},{"@type":"WebPage","@id":"https:\/\/artelatz.eus\/es\/2013\/10\/octubre-mes-de\/","url":"https:\/\/artelatz.eus\/es\/2013\/10\/octubre-mes-de\/","name":"Disfruta de la sidra y la historia en Hernani &#8226; Artelatz","isPartOf":{"@id":"https:\/\/artelatz.eus\/#website"},"primaryImageOfPage":{"@id":"https:\/\/artelatz.eus\/es\/2013\/10\/octubre-mes-de\/#primaryimage"},"image":{"@id":"https:\/\/artelatz.eus\/es\/2013\/10\/octubre-mes-de\/#primaryimage"},"thumbnailUrl":"https:\/\/artelatz.eus\/wp-content\/uploads\/2013\/10\/142.jpg","datePublished":"2013-10-08T11:38:33+00:00","dateModified":"2019-03-20T11:45:09+00:00","breadcrumb":{"@id":"https:\/\/artelatz.eus\/es\/2013\/10\/octubre-mes-de\/#breadcrumb"},"inLanguage":"es","potentialAction":[{"@type":"ReadAction","target":["https:\/\/artelatz.eus\/es\/2013\/10\/octubre-mes-de\/"]}]},{"@type":"ImageObject","inLanguage":"es","@id":"https:\/\/artelatz.eus\/es\/2013\/10\/octubre-mes-de\/#primaryimage","url":"https:\/\/artelatz.eus\/wp-content\/uploads\/2013\/10\/142.jpg","contentUrl":"https:\/\/artelatz.eus\/wp-content\/uploads\/2013\/10\/142.jpg","width":610,"height":889},{"@type":"BreadcrumbList","@id":"https:\/\/artelatz.eus\/es\/2013\/10\/octubre-mes-de\/#breadcrumb","itemListElement":[{"@type":"ListItem","position":1,"name":"Home","item":"https:\/\/artelatz.eus\/es\/"},{"@type":"ListItem","position":2,"name":"Disfruta de la sidra y la historia en Hernani"}]},{"@type":"WebSite","@id":"https:\/\/artelatz.eus\/#website","url":"https:\/\/artelatz.eus\/","name":"Artelatz","description":"Ingurumen zerbitzuak","publisher":{"@id":"https:\/\/artelatz.eus\/#organization"},"potentialAction":[{"@type":"SearchAction","target":{"@type":"EntryPoint","urlTemplate":"https:\/\/artelatz.eus\/?s={search_term_string}"},"query-input":{"@type":"PropertyValueSpecification","valueRequired":true,"valueName":"search_term_string"}}],"inLanguage":"es"},{"@type":"Organization","@id":"https:\/\/artelatz.eus\/#organization","name":"Artelatz Ingurugiro Zerbitzuak","url":"https:\/\/artelatz.eus\/","logo":{"@type":"ImageObject","inLanguage":"es","@id":"https:\/\/artelatz.eus\/#\/schema\/logo\/image\/","url":"https:\/\/artelatz.eus\/wp-content\/uploads\/2019\/03\/Artelatz_logo.png","contentUrl":"https:\/\/artelatz.eus\/wp-content\/uploads\/2019\/03\/Artelatz_logo.png","width":200,"height":87,"caption":"Artelatz Ingurugiro Zerbitzuak"},"image":{"@id":"https:\/\/artelatz.eus\/#\/schema\/logo\/image\/"},"sameAs":["https:\/\/www.facebook.com\/Artelatz-143100262512937\/","https:\/\/x.com\/artelatz_inguru","https:\/\/www.youtube.com\/user\/artelatz"]},{"@type":"Person","@id":"https:\/\/artelatz.eus\/#\/schema\/person\/6202ce685bb722b36e5f968e6c52f435","name":"Artelatz","image":{"@type":"ImageObject","inLanguage":"es","@id":"https:\/\/secure.gravatar.com\/avatar\/ddd422a1cc366c3c23fd9ee2a4694f17bedb940c173c5feecc948da3e7ed3f04?s=96&d=mm&r=g","url":"https:\/\/secure.gravatar.com\/avatar\/ddd422a1cc366c3c23fd9ee2a4694f17bedb940c173c5feecc948da3e7ed3f04?s=96&d=mm&r=g","contentUrl":"https:\/\/secure.gravatar.com\/avatar\/ddd422a1cc366c3c23fd9ee2a4694f17bedb940c173c5feecc948da3e7ed3f04?s=96&d=mm&r=g","caption":"Artelatz"},"sameAs":["https:\/\/artelatz.eus\/"]}]}},"_links":{"self":[{"href":"https:\/\/artelatz.eus\/es\/wp-json\/wp\/v2\/posts\/2267","targetHints":{"allow":["GET"]}}],"collection":[{"href":"https:\/\/artelatz.eus\/es\/wp-json\/wp\/v2\/posts"}],"about":[{"href":"https:\/\/artelatz.eus\/es\/wp-json\/wp\/v2\/types\/post"}],"author":[{"embeddable":true,"href":"https:\/\/artelatz.eus\/es\/wp-json\/wp\/v2\/users\/2"}],"replies":[{"embeddable":true,"href":"https:\/\/artelatz.eus\/es\/wp-json\/wp\/v2\/comments?post=2267"}],"version-history":[{"count":1,"href":"https:\/\/artelatz.eus\/es\/wp-json\/wp\/v2\/posts\/2267\/revisions"}],"predecessor-version":[{"id":5509,"href":"https:\/\/artelatz.eus\/es\/wp-json\/wp\/v2\/posts\/2267\/revisions\/5509"}],"wp:featuredmedia":[{"embeddable":true,"href":"https:\/\/artelatz.eus\/es\/wp-json\/wp\/v2\/media\/5989"}],"wp:attachment":[{"href":"https:\/\/artelatz.eus\/es\/wp-json\/wp\/v2\/media?parent=2267"}],"wp:term":[{"taxonomy":"category","embeddable":true,"href":"https:\/\/artelatz.eus\/es\/wp-json\/wp\/v2\/categories?post=2267"},{"taxonomy":"post_tag","embeddable":true,"href":"https:\/\/artelatz.eus\/es\/wp-json\/wp\/v2\/tags?post=2267"}],"curies":[{"name":"wp","href":"https:\/\/api.w.org\/{rel}","templated":true}]}}