{"id":2250,"date":"2013-09-25T16:01:56","date_gmt":"2013-09-25T15:01:56","guid":{"rendered":"https:\/\/artelatz.eus\/2013\/09\/2250\/"},"modified":"2019-03-20T12:46:09","modified_gmt":"2019-03-20T11:46:09","slug":"2250","status":"publish","type":"post","link":"https:\/\/artelatz.eus\/es\/2013\/09\/2250\/","title":{"rendered":"La carbonera en el Parketxe de Lizarrusti de Ataun"},"content":{"rendered":"<p>Desde el pasado 22 de septiembre hasta el 12 de octubre la carbonera del Parketxe de Lizarrusti ha permanecido prendida y abierta al p\u00fablico de la mano de Jos\u00e9 Ram\u00f3n Aguirre \u00abmarr\u00f3n\u00bb y su grupo de carboneros. Anta\u00f1o, la labor de carbonero era muy com\u00fan en el entorno de Aralar habi\u00e9ndose mantenido durante los \u00faltimos 60 a\u00f1os. En este acto, se ha querido plasmar la relaci\u00f3n entre el ser humano y el bosque, conociendo los entresijos de la tala de las hayas trasmochadas. En ese periodo que ha permanecido prendida, centenares de visitantes se han acercado a ver la carbonera de Lizarrusti, tanto particulares como grupos escolares. Al igual que el 22 de septiembre se organiz\u00f3 una fiesta para el prendido, el pasado 12 de octubre se celebr\u00f3 una fiesta en un gran ambiente en la que no faltaron los acordeones de Zero Sette akordeoi orkestra; el paseo guiado, los txalapartaris y los bertsolaris&#8230; en total m\u00e1s de 300 personas que disfrutaron del Parketxe de Lizarrusti<\/p>\n<p>&nbsp;<\/p>\n<h3><\/h3>\n","protected":false},"excerpt":{"rendered":"<p>Desde el pasado 22 de septiembre hasta el 12 de octubre la carbonera del Parketxe de Lizarrusti ha permanecido prendida y abierta al p\u00fablico de la mano de Jos\u00e9 Ram\u00f3n Aguirre \u00abmarr\u00f3n\u00bb y su grupo de carboneros. Anta\u00f1o, la labor de carbonero era muy com\u00fan en el entorno de Aralar habi\u00e9ndose mantenido durante los \u00faltimos [&hellip;]<\/p>\n","protected":false},"author":2,"featured_media":5993,"comment_status":"open","ping_status":"open","sticky":false,"template":"","format":"standard","meta":{"_et_pb_use_builder":"","_et_pb_old_content":"","_et_gb_content_width":"","footnotes":""},"categories":[50],"tags":[],"class_list":["post-2250","post","type-post","status-publish","format-standard","has-post-thumbnail","hentry","category-educacion-medioambiental"],"yoast_head":"<!-- This site is optimized with the Yoast SEO plugin v27.3 - https:\/\/yoast.com\/product\/yoast-seo-wordpress\/ -->\n<title>La carbonera en el Parketxe de Lizarrusti de Ataun &#8226; Artelatz<\/title>\n<meta name=\"robots\" content=\"index, follow, max-snippet:-1, max-image-preview:large, max-video-preview:-1\" \/>\n<link rel=\"canonical\" href=\"https:\/\/artelatz.eus\/es\/2013\/09\/2250\/\" \/>\n<meta property=\"og:locale\" content=\"es_ES\" \/>\n<meta property=\"og:type\" content=\"article\" \/>\n<meta property=\"og:title\" content=\"La carbonera en el Parketxe de Lizarrusti de Ataun &#8226; Artelatz\" \/>\n<meta property=\"og:description\" content=\"Desde el pasado 22 de septiembre hasta el 12 de octubre la carbonera del Parketxe de Lizarrusti ha permanecido prendida y abierta al p\u00fablico de la mano de Jos\u00e9 Ram\u00f3n Aguirre \u00abmarr\u00f3n\u00bb y su grupo de carboneros. Anta\u00f1o, la labor de carbonero era muy com\u00fan en el entorno de Aralar habi\u00e9ndose mantenido durante los \u00faltimos [&hellip;]\" \/>\n<meta property=\"og:url\" content=\"https:\/\/artelatz.eus\/es\/2013\/09\/2250\/\" \/>\n<meta property=\"og:site_name\" content=\"Artelatz\" \/>\n<meta property=\"article:publisher\" content=\"https:\/\/www.facebook.com\/Artelatz-143100262512937\/\" \/>\n<meta property=\"article:published_time\" content=\"2013-09-25T15:01:56+00:00\" \/>\n<meta property=\"article:modified_time\" content=\"2019-03-20T11:46:09+00:00\" \/>\n<meta property=\"og:image\" content=\"https:\/\/artelatz.eus\/wp-content\/uploads\/2013\/09\/143.jpg\" \/>\n\t<meta property=\"og:image:width\" content=\"610\" \/>\n\t<meta property=\"og:image:height\" content=\"406\" \/>\n\t<meta property=\"og:image:type\" content=\"image\/jpeg\" \/>\n<meta name=\"author\" content=\"Artelatz\" \/>\n<meta name=\"twitter:card\" content=\"summary_large_image\" \/>\n<meta name=\"twitter:creator\" content=\"@artelatz_inguru\" \/>\n<meta name=\"twitter:site\" content=\"@artelatz_inguru\" \/>\n<meta name=\"twitter:label1\" content=\"Escrito por\" \/>\n\t<meta name=\"twitter:data1\" content=\"Artelatz\" \/>\n\t<meta name=\"twitter:label2\" content=\"Tiempo de lectura\" \/>\n\t<meta name=\"twitter:data2\" content=\"1 minuto\" \/>\n<script type=\"application\/ld+json\" class=\"yoast-schema-graph\">{\"@context\":\"https:\\\/\\\/schema.org\",\"@graph\":[{\"@type\":\"Article\",\"@id\":\"https:\\\/\\\/artelatz.eus\\\/es\\\/2013\\\/09\\\/2250\\\/#article\",\"isPartOf\":{\"@id\":\"https:\\\/\\\/artelatz.eus\\\/es\\\/2013\\\/09\\\/2250\\\/\"},\"author\":{\"name\":\"Artelatz\",\"@id\":\"https:\\\/\\\/artelatz.eus\\\/#\\\/schema\\\/person\\\/6202ce685bb722b36e5f968e6c52f435\"},\"headline\":\"La carbonera en el Parketxe de Lizarrusti de Ataun\",\"datePublished\":\"2013-09-25T15:01:56+00:00\",\"dateModified\":\"2019-03-20T11:46:09+00:00\",\"mainEntityOfPage\":{\"@id\":\"https:\\\/\\\/artelatz.eus\\\/es\\\/2013\\\/09\\\/2250\\\/\"},\"wordCount\":179,\"commentCount\":0,\"publisher\":{\"@id\":\"https:\\\/\\\/artelatz.eus\\\/#organization\"},\"image\":{\"@id\":\"https:\\\/\\\/artelatz.eus\\\/es\\\/2013\\\/09\\\/2250\\\/#primaryimage\"},\"thumbnailUrl\":\"https:\\\/\\\/artelatz.eus\\\/wp-content\\\/uploads\\\/2013\\\/09\\\/143.jpg\",\"articleSection\":[\"Educaci\u00f3n medioambiental\"],\"inLanguage\":\"es\",\"potentialAction\":[{\"@type\":\"CommentAction\",\"name\":\"Comment\",\"target\":[\"https:\\\/\\\/artelatz.eus\\\/es\\\/2013\\\/09\\\/2250\\\/#respond\"]}]},{\"@type\":\"WebPage\",\"@id\":\"https:\\\/\\\/artelatz.eus\\\/es\\\/2013\\\/09\\\/2250\\\/\",\"url\":\"https:\\\/\\\/artelatz.eus\\\/es\\\/2013\\\/09\\\/2250\\\/\",\"name\":\"La carbonera en el Parketxe de Lizarrusti de Ataun &#8226; Artelatz\",\"isPartOf\":{\"@id\":\"https:\\\/\\\/artelatz.eus\\\/#website\"},\"primaryImageOfPage\":{\"@id\":\"https:\\\/\\\/artelatz.eus\\\/es\\\/2013\\\/09\\\/2250\\\/#primaryimage\"},\"image\":{\"@id\":\"https:\\\/\\\/artelatz.eus\\\/es\\\/2013\\\/09\\\/2250\\\/#primaryimage\"},\"thumbnailUrl\":\"https:\\\/\\\/artelatz.eus\\\/wp-content\\\/uploads\\\/2013\\\/09\\\/143.jpg\",\"datePublished\":\"2013-09-25T15:01:56+00:00\",\"dateModified\":\"2019-03-20T11:46:09+00:00\",\"breadcrumb\":{\"@id\":\"https:\\\/\\\/artelatz.eus\\\/es\\\/2013\\\/09\\\/2250\\\/#breadcrumb\"},\"inLanguage\":\"es\",\"potentialAction\":[{\"@type\":\"ReadAction\",\"target\":[\"https:\\\/\\\/artelatz.eus\\\/es\\\/2013\\\/09\\\/2250\\\/\"]}]},{\"@type\":\"ImageObject\",\"inLanguage\":\"es\",\"@id\":\"https:\\\/\\\/artelatz.eus\\\/es\\\/2013\\\/09\\\/2250\\\/#primaryimage\",\"url\":\"https:\\\/\\\/artelatz.eus\\\/wp-content\\\/uploads\\\/2013\\\/09\\\/143.jpg\",\"contentUrl\":\"https:\\\/\\\/artelatz.eus\\\/wp-content\\\/uploads\\\/2013\\\/09\\\/143.jpg\",\"width\":610,\"height\":406},{\"@type\":\"BreadcrumbList\",\"@id\":\"https:\\\/\\\/artelatz.eus\\\/es\\\/2013\\\/09\\\/2250\\\/#breadcrumb\",\"itemListElement\":[{\"@type\":\"ListItem\",\"position\":1,\"name\":\"Home\",\"item\":\"https:\\\/\\\/artelatz.eus\\\/es\\\/\"},{\"@type\":\"ListItem\",\"position\":2,\"name\":\"La carbonera en el Parketxe de Lizarrusti de Ataun\"}]},{\"@type\":\"WebSite\",\"@id\":\"https:\\\/\\\/artelatz.eus\\\/#website\",\"url\":\"https:\\\/\\\/artelatz.eus\\\/\",\"name\":\"Artelatz\",\"description\":\"Ingurumen zerbitzuak\",\"publisher\":{\"@id\":\"https:\\\/\\\/artelatz.eus\\\/#organization\"},\"potentialAction\":[{\"@type\":\"SearchAction\",\"target\":{\"@type\":\"EntryPoint\",\"urlTemplate\":\"https:\\\/\\\/artelatz.eus\\\/?s={search_term_string}\"},\"query-input\":{\"@type\":\"PropertyValueSpecification\",\"valueRequired\":true,\"valueName\":\"search_term_string\"}}],\"inLanguage\":\"es\"},{\"@type\":\"Organization\",\"@id\":\"https:\\\/\\\/artelatz.eus\\\/#organization\",\"name\":\"Artelatz Ingurugiro Zerbitzuak\",\"url\":\"https:\\\/\\\/artelatz.eus\\\/\",\"logo\":{\"@type\":\"ImageObject\",\"inLanguage\":\"es\",\"@id\":\"https:\\\/\\\/artelatz.eus\\\/#\\\/schema\\\/logo\\\/image\\\/\",\"url\":\"https:\\\/\\\/artelatz.eus\\\/wp-content\\\/uploads\\\/2019\\\/03\\\/Artelatz_logo.png\",\"contentUrl\":\"https:\\\/\\\/artelatz.eus\\\/wp-content\\\/uploads\\\/2019\\\/03\\\/Artelatz_logo.png\",\"width\":200,\"height\":87,\"caption\":\"Artelatz Ingurugiro Zerbitzuak\"},\"image\":{\"@id\":\"https:\\\/\\\/artelatz.eus\\\/#\\\/schema\\\/logo\\\/image\\\/\"},\"sameAs\":[\"https:\\\/\\\/www.facebook.com\\\/Artelatz-143100262512937\\\/\",\"https:\\\/\\\/x.com\\\/artelatz_inguru\",\"https:\\\/\\\/www.youtube.com\\\/user\\\/artelatz\"]},{\"@type\":\"Person\",\"@id\":\"https:\\\/\\\/artelatz.eus\\\/#\\\/schema\\\/person\\\/6202ce685bb722b36e5f968e6c52f435\",\"name\":\"Artelatz\",\"image\":{\"@type\":\"ImageObject\",\"inLanguage\":\"es\",\"@id\":\"https:\\\/\\\/secure.gravatar.com\\\/avatar\\\/ddd422a1cc366c3c23fd9ee2a4694f17bedb940c173c5feecc948da3e7ed3f04?s=96&d=mm&r=g\",\"url\":\"https:\\\/\\\/secure.gravatar.com\\\/avatar\\\/ddd422a1cc366c3c23fd9ee2a4694f17bedb940c173c5feecc948da3e7ed3f04?s=96&d=mm&r=g\",\"contentUrl\":\"https:\\\/\\\/secure.gravatar.com\\\/avatar\\\/ddd422a1cc366c3c23fd9ee2a4694f17bedb940c173c5feecc948da3e7ed3f04?s=96&d=mm&r=g\",\"caption\":\"Artelatz\"},\"sameAs\":[\"https:\\\/\\\/artelatz.eus\\\/\"]}]}<\/script>\n<!-- \/ Yoast SEO plugin. -->","yoast_head_json":{"title":"La carbonera en el Parketxe de Lizarrusti de Ataun &#8226; Artelatz","robots":{"index":"index","follow":"follow","max-snippet":"max-snippet:-1","max-image-preview":"max-image-preview:large","max-video-preview":"max-video-preview:-1"},"canonical":"https:\/\/artelatz.eus\/es\/2013\/09\/2250\/","og_locale":"es_ES","og_type":"article","og_title":"La carbonera en el Parketxe de Lizarrusti de Ataun &#8226; Artelatz","og_description":"Desde el pasado 22 de septiembre hasta el 12 de octubre la carbonera del Parketxe de Lizarrusti ha permanecido prendida y abierta al p\u00fablico de la mano de Jos\u00e9 Ram\u00f3n Aguirre \u00abmarr\u00f3n\u00bb y su grupo de carboneros. Anta\u00f1o, la labor de carbonero era muy com\u00fan en el entorno de Aralar habi\u00e9ndose mantenido durante los \u00faltimos [&hellip;]","og_url":"https:\/\/artelatz.eus\/es\/2013\/09\/2250\/","og_site_name":"Artelatz","article_publisher":"https:\/\/www.facebook.com\/Artelatz-143100262512937\/","article_published_time":"2013-09-25T15:01:56+00:00","article_modified_time":"2019-03-20T11:46:09+00:00","og_image":[{"width":610,"height":406,"url":"https:\/\/artelatz.eus\/wp-content\/uploads\/2013\/09\/143.jpg","type":"image\/jpeg"}],"author":"Artelatz","twitter_card":"summary_large_image","twitter_creator":"@artelatz_inguru","twitter_site":"@artelatz_inguru","twitter_misc":{"Escrito por":"Artelatz","Tiempo de lectura":"1 minuto"},"schema":{"@context":"https:\/\/schema.org","@graph":[{"@type":"Article","@id":"https:\/\/artelatz.eus\/es\/2013\/09\/2250\/#article","isPartOf":{"@id":"https:\/\/artelatz.eus\/es\/2013\/09\/2250\/"},"author":{"name":"Artelatz","@id":"https:\/\/artelatz.eus\/#\/schema\/person\/6202ce685bb722b36e5f968e6c52f435"},"headline":"La carbonera en el Parketxe de Lizarrusti de Ataun","datePublished":"2013-09-25T15:01:56+00:00","dateModified":"2019-03-20T11:46:09+00:00","mainEntityOfPage":{"@id":"https:\/\/artelatz.eus\/es\/2013\/09\/2250\/"},"wordCount":179,"commentCount":0,"publisher":{"@id":"https:\/\/artelatz.eus\/#organization"},"image":{"@id":"https:\/\/artelatz.eus\/es\/2013\/09\/2250\/#primaryimage"},"thumbnailUrl":"https:\/\/artelatz.eus\/wp-content\/uploads\/2013\/09\/143.jpg","articleSection":["Educaci\u00f3n medioambiental"],"inLanguage":"es","potentialAction":[{"@type":"CommentAction","name":"Comment","target":["https:\/\/artelatz.eus\/es\/2013\/09\/2250\/#respond"]}]},{"@type":"WebPage","@id":"https:\/\/artelatz.eus\/es\/2013\/09\/2250\/","url":"https:\/\/artelatz.eus\/es\/2013\/09\/2250\/","name":"La carbonera en el Parketxe de Lizarrusti de Ataun &#8226; Artelatz","isPartOf":{"@id":"https:\/\/artelatz.eus\/#website"},"primaryImageOfPage":{"@id":"https:\/\/artelatz.eus\/es\/2013\/09\/2250\/#primaryimage"},"image":{"@id":"https:\/\/artelatz.eus\/es\/2013\/09\/2250\/#primaryimage"},"thumbnailUrl":"https:\/\/artelatz.eus\/wp-content\/uploads\/2013\/09\/143.jpg","datePublished":"2013-09-25T15:01:56+00:00","dateModified":"2019-03-20T11:46:09+00:00","breadcrumb":{"@id":"https:\/\/artelatz.eus\/es\/2013\/09\/2250\/#breadcrumb"},"inLanguage":"es","potentialAction":[{"@type":"ReadAction","target":["https:\/\/artelatz.eus\/es\/2013\/09\/2250\/"]}]},{"@type":"ImageObject","inLanguage":"es","@id":"https:\/\/artelatz.eus\/es\/2013\/09\/2250\/#primaryimage","url":"https:\/\/artelatz.eus\/wp-content\/uploads\/2013\/09\/143.jpg","contentUrl":"https:\/\/artelatz.eus\/wp-content\/uploads\/2013\/09\/143.jpg","width":610,"height":406},{"@type":"BreadcrumbList","@id":"https:\/\/artelatz.eus\/es\/2013\/09\/2250\/#breadcrumb","itemListElement":[{"@type":"ListItem","position":1,"name":"Home","item":"https:\/\/artelatz.eus\/es\/"},{"@type":"ListItem","position":2,"name":"La carbonera en el Parketxe de Lizarrusti de Ataun"}]},{"@type":"WebSite","@id":"https:\/\/artelatz.eus\/#website","url":"https:\/\/artelatz.eus\/","name":"Artelatz","description":"Ingurumen zerbitzuak","publisher":{"@id":"https:\/\/artelatz.eus\/#organization"},"potentialAction":[{"@type":"SearchAction","target":{"@type":"EntryPoint","urlTemplate":"https:\/\/artelatz.eus\/?s={search_term_string}"},"query-input":{"@type":"PropertyValueSpecification","valueRequired":true,"valueName":"search_term_string"}}],"inLanguage":"es"},{"@type":"Organization","@id":"https:\/\/artelatz.eus\/#organization","name":"Artelatz Ingurugiro Zerbitzuak","url":"https:\/\/artelatz.eus\/","logo":{"@type":"ImageObject","inLanguage":"es","@id":"https:\/\/artelatz.eus\/#\/schema\/logo\/image\/","url":"https:\/\/artelatz.eus\/wp-content\/uploads\/2019\/03\/Artelatz_logo.png","contentUrl":"https:\/\/artelatz.eus\/wp-content\/uploads\/2019\/03\/Artelatz_logo.png","width":200,"height":87,"caption":"Artelatz Ingurugiro Zerbitzuak"},"image":{"@id":"https:\/\/artelatz.eus\/#\/schema\/logo\/image\/"},"sameAs":["https:\/\/www.facebook.com\/Artelatz-143100262512937\/","https:\/\/x.com\/artelatz_inguru","https:\/\/www.youtube.com\/user\/artelatz"]},{"@type":"Person","@id":"https:\/\/artelatz.eus\/#\/schema\/person\/6202ce685bb722b36e5f968e6c52f435","name":"Artelatz","image":{"@type":"ImageObject","inLanguage":"es","@id":"https:\/\/secure.gravatar.com\/avatar\/ddd422a1cc366c3c23fd9ee2a4694f17bedb940c173c5feecc948da3e7ed3f04?s=96&d=mm&r=g","url":"https:\/\/secure.gravatar.com\/avatar\/ddd422a1cc366c3c23fd9ee2a4694f17bedb940c173c5feecc948da3e7ed3f04?s=96&d=mm&r=g","contentUrl":"https:\/\/secure.gravatar.com\/avatar\/ddd422a1cc366c3c23fd9ee2a4694f17bedb940c173c5feecc948da3e7ed3f04?s=96&d=mm&r=g","caption":"Artelatz"},"sameAs":["https:\/\/artelatz.eus\/"]}]}},"_links":{"self":[{"href":"https:\/\/artelatz.eus\/es\/wp-json\/wp\/v2\/posts\/2250","targetHints":{"allow":["GET"]}}],"collection":[{"href":"https:\/\/artelatz.eus\/es\/wp-json\/wp\/v2\/posts"}],"about":[{"href":"https:\/\/artelatz.eus\/es\/wp-json\/wp\/v2\/types\/post"}],"author":[{"embeddable":true,"href":"https:\/\/artelatz.eus\/es\/wp-json\/wp\/v2\/users\/2"}],"replies":[{"embeddable":true,"href":"https:\/\/artelatz.eus\/es\/wp-json\/wp\/v2\/comments?post=2250"}],"version-history":[{"count":1,"href":"https:\/\/artelatz.eus\/es\/wp-json\/wp\/v2\/posts\/2250\/revisions"}],"predecessor-version":[{"id":5510,"href":"https:\/\/artelatz.eus\/es\/wp-json\/wp\/v2\/posts\/2250\/revisions\/5510"}],"wp:featuredmedia":[{"embeddable":true,"href":"https:\/\/artelatz.eus\/es\/wp-json\/wp\/v2\/media\/5993"}],"wp:attachment":[{"href":"https:\/\/artelatz.eus\/es\/wp-json\/wp\/v2\/media?parent=2250"}],"wp:term":[{"taxonomy":"category","embeddable":true,"href":"https:\/\/artelatz.eus\/es\/wp-json\/wp\/v2\/categories?post=2250"},{"taxonomy":"post_tag","embeddable":true,"href":"https:\/\/artelatz.eus\/es\/wp-json\/wp\/v2\/tags?post=2250"}],"curies":[{"name":"wp","href":"https:\/\/api.w.org\/{rel}","templated":true}]}}