{"id":2132,"date":"2013-06-05T16:05:52","date_gmt":"2013-06-05T15:05:52","guid":{"rendered":"https:\/\/artelatz.eus\/2013\/06\/mercado-de-segunda-mano-de-bicicletas-y-movilidad-sostenible\/"},"modified":"2019-03-20T13:02:18","modified_gmt":"2019-03-20T12:02:18","slug":"mercado-de-segunda-mano-de-bicicletas-y-movilidad-sostenible","status":"publish","type":"post","link":"https:\/\/artelatz.eus\/es\/2013\/06\/mercado-de-segunda-mano-de-bicicletas-y-movilidad-sostenible\/","title":{"rendered":"Mercado de segunda mano de bicicletas y movilidad sostenible"},"content":{"rendered":"<p><b>\u00bfNo sabes qu\u00e9 hacer con la bicicleta que ya no usas? \u00bfQuieres cambiar de bici y gastar poco?\u00a0 El s\u00e1bado 8 de junio <\/b>se celebra en la donostiarra calle Easo 43 (antigua sede de los bomberos) una nueva edici\u00f3n del mercado de segunda mano Donostitruk-bizitruk organizado por el Ayuntamiento de Donostia y la Asociaci\u00f3n Kalapie. En esta ocasi\u00f3n, el mercado tendr\u00e1 una tem\u00e1tica ciclista ya que se podr\u00e1n vender y comprar bicicletas de segunda mano que la ciudadania no utilice o quiera renovar. Lo cierto es que cada mes que pasa m\u00e1s y m\u00e1s personas toman parte en este ciclo de mercados de segunda mano. De hecho, la organizaci\u00f3n ve c\u00f3mo va increment\u00e1ndose el n\u00famero de inscripciones y reservas de puestos. Al igual que en anteriores ediciones, el horario para la compraventa de bicicletas y otros objetos es de 10.00 de la ma\u00f1ana a 14.00 de la tarde. Previamente, se podr\u00e1n dejar en dep\u00f3sito objetos que ser\u00e1n puestos a la venta (de 8.30 a 10.00 horas). Si quieres ampliar la informaci\u00f3n puedes consultar la web de Donostitruk\u00a0 <a href=\"http:\/\/www.donostitruk.org\/\" target=\"_blank\" rel=\"noopener noreferrer\">www.donostitruk.org<\/a> o la de Kalapie <a href=\"http:\/\/www.kalapie.org\/\" target=\"_blank\" rel=\"noopener noreferrer\">www.kalapie.org<\/a><\/p>\n","protected":false},"excerpt":{"rendered":"<p>\u00bfNo sabes qu\u00e9 hacer con la bicicleta que ya no usas? \u00bfQuieres cambiar de bici y gastar poco?\u00a0 El s\u00e1bado 8 de junio se celebra en la donostiarra calle Easo 43 (antigua sede de los bomberos) una nueva edici\u00f3n del mercado de segunda mano Donostitruk-bizitruk organizado por el Ayuntamiento de Donostia y la Asociaci\u00f3n Kalapie. [&hellip;]<\/p>\n","protected":false},"author":2,"featured_media":6031,"comment_status":"open","ping_status":"open","sticky":false,"template":"","format":"standard","meta":{"_et_pb_use_builder":"","_et_pb_old_content":"","_et_gb_content_width":"","footnotes":""},"categories":[51],"tags":[],"class_list":["post-2132","post","type-post","status-publish","format-standard","has-post-thumbnail","hentry","category-residuos"],"yoast_head":"<!-- This site is optimized with the Yoast SEO plugin v27.3 - https:\/\/yoast.com\/product\/yoast-seo-wordpress\/ -->\n<title>Mercado de segunda mano de bicicletas y movilidad sostenible &#8226; Artelatz<\/title>\n<meta name=\"robots\" content=\"index, follow, max-snippet:-1, max-image-preview:large, max-video-preview:-1\" \/>\n<link rel=\"canonical\" href=\"https:\/\/artelatz.eus\/es\/2013\/06\/mercado-de-segunda-mano-de-bicicletas-y-movilidad-sostenible\/\" \/>\n<meta property=\"og:locale\" content=\"es_ES\" \/>\n<meta property=\"og:type\" content=\"article\" \/>\n<meta property=\"og:title\" content=\"Mercado de segunda mano de bicicletas y movilidad sostenible &#8226; Artelatz\" \/>\n<meta property=\"og:description\" content=\"\u00bfNo sabes qu\u00e9 hacer con la bicicleta que ya no usas? \u00bfQuieres cambiar de bici y gastar poco?\u00a0 El s\u00e1bado 8 de junio se celebra en la donostiarra calle Easo 43 (antigua sede de los bomberos) una nueva edici\u00f3n del mercado de segunda mano Donostitruk-bizitruk organizado por el Ayuntamiento de Donostia y la Asociaci\u00f3n Kalapie. [&hellip;]\" \/>\n<meta property=\"og:url\" content=\"https:\/\/artelatz.eus\/es\/2013\/06\/mercado-de-segunda-mano-de-bicicletas-y-movilidad-sostenible\/\" \/>\n<meta property=\"og:site_name\" content=\"Artelatz\" \/>\n<meta property=\"article:publisher\" content=\"https:\/\/www.facebook.com\/Artelatz-143100262512937\/\" \/>\n<meta property=\"article:published_time\" content=\"2013-06-05T15:05:52+00:00\" \/>\n<meta property=\"article:modified_time\" content=\"2019-03-20T12:02:18+00:00\" \/>\n<meta property=\"og:image\" content=\"https:\/\/artelatz.eus\/wp-content\/uploads\/2013\/06\/155.jpg\" \/>\n\t<meta property=\"og:image:width\" content=\"610\" \/>\n\t<meta property=\"og:image:height\" content=\"863\" \/>\n\t<meta property=\"og:image:type\" content=\"image\/jpeg\" \/>\n<meta name=\"author\" content=\"Artelatz\" \/>\n<meta name=\"twitter:card\" content=\"summary_large_image\" \/>\n<meta name=\"twitter:creator\" content=\"@artelatz_inguru\" \/>\n<meta name=\"twitter:site\" content=\"@artelatz_inguru\" \/>\n<meta name=\"twitter:label1\" content=\"Escrito por\" \/>\n\t<meta name=\"twitter:data1\" content=\"Artelatz\" \/>\n\t<meta name=\"twitter:label2\" content=\"Tiempo de lectura\" \/>\n\t<meta name=\"twitter:data2\" content=\"1 minuto\" \/>\n<script type=\"application\/ld+json\" class=\"yoast-schema-graph\">{\"@context\":\"https:\\\/\\\/schema.org\",\"@graph\":[{\"@type\":\"Article\",\"@id\":\"https:\\\/\\\/artelatz.eus\\\/es\\\/2013\\\/06\\\/mercado-de-segunda-mano-de-bicicletas-y-movilidad-sostenible\\\/#article\",\"isPartOf\":{\"@id\":\"https:\\\/\\\/artelatz.eus\\\/es\\\/2013\\\/06\\\/mercado-de-segunda-mano-de-bicicletas-y-movilidad-sostenible\\\/\"},\"author\":{\"name\":\"Artelatz\",\"@id\":\"https:\\\/\\\/artelatz.eus\\\/#\\\/schema\\\/person\\\/6202ce685bb722b36e5f968e6c52f435\"},\"headline\":\"Mercado de segunda mano de bicicletas y movilidad sostenible\",\"datePublished\":\"2013-06-05T15:05:52+00:00\",\"dateModified\":\"2019-03-20T12:02:18+00:00\",\"mainEntityOfPage\":{\"@id\":\"https:\\\/\\\/artelatz.eus\\\/es\\\/2013\\\/06\\\/mercado-de-segunda-mano-de-bicicletas-y-movilidad-sostenible\\\/\"},\"wordCount\":207,\"commentCount\":0,\"publisher\":{\"@id\":\"https:\\\/\\\/artelatz.eus\\\/#organization\"},\"image\":{\"@id\":\"https:\\\/\\\/artelatz.eus\\\/es\\\/2013\\\/06\\\/mercado-de-segunda-mano-de-bicicletas-y-movilidad-sostenible\\\/#primaryimage\"},\"thumbnailUrl\":\"https:\\\/\\\/artelatz.eus\\\/wp-content\\\/uploads\\\/2013\\\/06\\\/155.jpg\",\"articleSection\":[\"Residuos\"],\"inLanguage\":\"es\",\"potentialAction\":[{\"@type\":\"CommentAction\",\"name\":\"Comment\",\"target\":[\"https:\\\/\\\/artelatz.eus\\\/es\\\/2013\\\/06\\\/mercado-de-segunda-mano-de-bicicletas-y-movilidad-sostenible\\\/#respond\"]}]},{\"@type\":\"WebPage\",\"@id\":\"https:\\\/\\\/artelatz.eus\\\/es\\\/2013\\\/06\\\/mercado-de-segunda-mano-de-bicicletas-y-movilidad-sostenible\\\/\",\"url\":\"https:\\\/\\\/artelatz.eus\\\/es\\\/2013\\\/06\\\/mercado-de-segunda-mano-de-bicicletas-y-movilidad-sostenible\\\/\",\"name\":\"Mercado de segunda mano de bicicletas y movilidad sostenible &#8226; Artelatz\",\"isPartOf\":{\"@id\":\"https:\\\/\\\/artelatz.eus\\\/#website\"},\"primaryImageOfPage\":{\"@id\":\"https:\\\/\\\/artelatz.eus\\\/es\\\/2013\\\/06\\\/mercado-de-segunda-mano-de-bicicletas-y-movilidad-sostenible\\\/#primaryimage\"},\"image\":{\"@id\":\"https:\\\/\\\/artelatz.eus\\\/es\\\/2013\\\/06\\\/mercado-de-segunda-mano-de-bicicletas-y-movilidad-sostenible\\\/#primaryimage\"},\"thumbnailUrl\":\"https:\\\/\\\/artelatz.eus\\\/wp-content\\\/uploads\\\/2013\\\/06\\\/155.jpg\",\"datePublished\":\"2013-06-05T15:05:52+00:00\",\"dateModified\":\"2019-03-20T12:02:18+00:00\",\"breadcrumb\":{\"@id\":\"https:\\\/\\\/artelatz.eus\\\/es\\\/2013\\\/06\\\/mercado-de-segunda-mano-de-bicicletas-y-movilidad-sostenible\\\/#breadcrumb\"},\"inLanguage\":\"es\",\"potentialAction\":[{\"@type\":\"ReadAction\",\"target\":[\"https:\\\/\\\/artelatz.eus\\\/es\\\/2013\\\/06\\\/mercado-de-segunda-mano-de-bicicletas-y-movilidad-sostenible\\\/\"]}]},{\"@type\":\"ImageObject\",\"inLanguage\":\"es\",\"@id\":\"https:\\\/\\\/artelatz.eus\\\/es\\\/2013\\\/06\\\/mercado-de-segunda-mano-de-bicicletas-y-movilidad-sostenible\\\/#primaryimage\",\"url\":\"https:\\\/\\\/artelatz.eus\\\/wp-content\\\/uploads\\\/2013\\\/06\\\/155.jpg\",\"contentUrl\":\"https:\\\/\\\/artelatz.eus\\\/wp-content\\\/uploads\\\/2013\\\/06\\\/155.jpg\",\"width\":610,\"height\":863},{\"@type\":\"BreadcrumbList\",\"@id\":\"https:\\\/\\\/artelatz.eus\\\/es\\\/2013\\\/06\\\/mercado-de-segunda-mano-de-bicicletas-y-movilidad-sostenible\\\/#breadcrumb\",\"itemListElement\":[{\"@type\":\"ListItem\",\"position\":1,\"name\":\"Home\",\"item\":\"https:\\\/\\\/artelatz.eus\\\/es\\\/\"},{\"@type\":\"ListItem\",\"position\":2,\"name\":\"Mercado de segunda mano de bicicletas y movilidad sostenible\"}]},{\"@type\":\"WebSite\",\"@id\":\"https:\\\/\\\/artelatz.eus\\\/#website\",\"url\":\"https:\\\/\\\/artelatz.eus\\\/\",\"name\":\"Artelatz\",\"description\":\"Ingurumen zerbitzuak\",\"publisher\":{\"@id\":\"https:\\\/\\\/artelatz.eus\\\/#organization\"},\"potentialAction\":[{\"@type\":\"SearchAction\",\"target\":{\"@type\":\"EntryPoint\",\"urlTemplate\":\"https:\\\/\\\/artelatz.eus\\\/?s={search_term_string}\"},\"query-input\":{\"@type\":\"PropertyValueSpecification\",\"valueRequired\":true,\"valueName\":\"search_term_string\"}}],\"inLanguage\":\"es\"},{\"@type\":\"Organization\",\"@id\":\"https:\\\/\\\/artelatz.eus\\\/#organization\",\"name\":\"Artelatz Ingurugiro Zerbitzuak\",\"url\":\"https:\\\/\\\/artelatz.eus\\\/\",\"logo\":{\"@type\":\"ImageObject\",\"inLanguage\":\"es\",\"@id\":\"https:\\\/\\\/artelatz.eus\\\/#\\\/schema\\\/logo\\\/image\\\/\",\"url\":\"https:\\\/\\\/artelatz.eus\\\/wp-content\\\/uploads\\\/2019\\\/03\\\/Artelatz_logo.png\",\"contentUrl\":\"https:\\\/\\\/artelatz.eus\\\/wp-content\\\/uploads\\\/2019\\\/03\\\/Artelatz_logo.png\",\"width\":200,\"height\":87,\"caption\":\"Artelatz Ingurugiro Zerbitzuak\"},\"image\":{\"@id\":\"https:\\\/\\\/artelatz.eus\\\/#\\\/schema\\\/logo\\\/image\\\/\"},\"sameAs\":[\"https:\\\/\\\/www.facebook.com\\\/Artelatz-143100262512937\\\/\",\"https:\\\/\\\/x.com\\\/artelatz_inguru\",\"https:\\\/\\\/www.youtube.com\\\/user\\\/artelatz\"]},{\"@type\":\"Person\",\"@id\":\"https:\\\/\\\/artelatz.eus\\\/#\\\/schema\\\/person\\\/6202ce685bb722b36e5f968e6c52f435\",\"name\":\"Artelatz\",\"image\":{\"@type\":\"ImageObject\",\"inLanguage\":\"es\",\"@id\":\"https:\\\/\\\/secure.gravatar.com\\\/avatar\\\/ddd422a1cc366c3c23fd9ee2a4694f17bedb940c173c5feecc948da3e7ed3f04?s=96&d=mm&r=g\",\"url\":\"https:\\\/\\\/secure.gravatar.com\\\/avatar\\\/ddd422a1cc366c3c23fd9ee2a4694f17bedb940c173c5feecc948da3e7ed3f04?s=96&d=mm&r=g\",\"contentUrl\":\"https:\\\/\\\/secure.gravatar.com\\\/avatar\\\/ddd422a1cc366c3c23fd9ee2a4694f17bedb940c173c5feecc948da3e7ed3f04?s=96&d=mm&r=g\",\"caption\":\"Artelatz\"},\"sameAs\":[\"https:\\\/\\\/artelatz.eus\\\/\"]}]}<\/script>\n<!-- \/ Yoast SEO plugin. -->","yoast_head_json":{"title":"Mercado de segunda mano de bicicletas y movilidad sostenible &#8226; Artelatz","robots":{"index":"index","follow":"follow","max-snippet":"max-snippet:-1","max-image-preview":"max-image-preview:large","max-video-preview":"max-video-preview:-1"},"canonical":"https:\/\/artelatz.eus\/es\/2013\/06\/mercado-de-segunda-mano-de-bicicletas-y-movilidad-sostenible\/","og_locale":"es_ES","og_type":"article","og_title":"Mercado de segunda mano de bicicletas y movilidad sostenible &#8226; Artelatz","og_description":"\u00bfNo sabes qu\u00e9 hacer con la bicicleta que ya no usas? \u00bfQuieres cambiar de bici y gastar poco?\u00a0 El s\u00e1bado 8 de junio se celebra en la donostiarra calle Easo 43 (antigua sede de los bomberos) una nueva edici\u00f3n del mercado de segunda mano Donostitruk-bizitruk organizado por el Ayuntamiento de Donostia y la Asociaci\u00f3n Kalapie. [&hellip;]","og_url":"https:\/\/artelatz.eus\/es\/2013\/06\/mercado-de-segunda-mano-de-bicicletas-y-movilidad-sostenible\/","og_site_name":"Artelatz","article_publisher":"https:\/\/www.facebook.com\/Artelatz-143100262512937\/","article_published_time":"2013-06-05T15:05:52+00:00","article_modified_time":"2019-03-20T12:02:18+00:00","og_image":[{"width":610,"height":863,"url":"https:\/\/artelatz.eus\/wp-content\/uploads\/2013\/06\/155.jpg","type":"image\/jpeg"}],"author":"Artelatz","twitter_card":"summary_large_image","twitter_creator":"@artelatz_inguru","twitter_site":"@artelatz_inguru","twitter_misc":{"Escrito por":"Artelatz","Tiempo de lectura":"1 minuto"},"schema":{"@context":"https:\/\/schema.org","@graph":[{"@type":"Article","@id":"https:\/\/artelatz.eus\/es\/2013\/06\/mercado-de-segunda-mano-de-bicicletas-y-movilidad-sostenible\/#article","isPartOf":{"@id":"https:\/\/artelatz.eus\/es\/2013\/06\/mercado-de-segunda-mano-de-bicicletas-y-movilidad-sostenible\/"},"author":{"name":"Artelatz","@id":"https:\/\/artelatz.eus\/#\/schema\/person\/6202ce685bb722b36e5f968e6c52f435"},"headline":"Mercado de segunda mano de bicicletas y movilidad sostenible","datePublished":"2013-06-05T15:05:52+00:00","dateModified":"2019-03-20T12:02:18+00:00","mainEntityOfPage":{"@id":"https:\/\/artelatz.eus\/es\/2013\/06\/mercado-de-segunda-mano-de-bicicletas-y-movilidad-sostenible\/"},"wordCount":207,"commentCount":0,"publisher":{"@id":"https:\/\/artelatz.eus\/#organization"},"image":{"@id":"https:\/\/artelatz.eus\/es\/2013\/06\/mercado-de-segunda-mano-de-bicicletas-y-movilidad-sostenible\/#primaryimage"},"thumbnailUrl":"https:\/\/artelatz.eus\/wp-content\/uploads\/2013\/06\/155.jpg","articleSection":["Residuos"],"inLanguage":"es","potentialAction":[{"@type":"CommentAction","name":"Comment","target":["https:\/\/artelatz.eus\/es\/2013\/06\/mercado-de-segunda-mano-de-bicicletas-y-movilidad-sostenible\/#respond"]}]},{"@type":"WebPage","@id":"https:\/\/artelatz.eus\/es\/2013\/06\/mercado-de-segunda-mano-de-bicicletas-y-movilidad-sostenible\/","url":"https:\/\/artelatz.eus\/es\/2013\/06\/mercado-de-segunda-mano-de-bicicletas-y-movilidad-sostenible\/","name":"Mercado de segunda mano de bicicletas y movilidad sostenible &#8226; Artelatz","isPartOf":{"@id":"https:\/\/artelatz.eus\/#website"},"primaryImageOfPage":{"@id":"https:\/\/artelatz.eus\/es\/2013\/06\/mercado-de-segunda-mano-de-bicicletas-y-movilidad-sostenible\/#primaryimage"},"image":{"@id":"https:\/\/artelatz.eus\/es\/2013\/06\/mercado-de-segunda-mano-de-bicicletas-y-movilidad-sostenible\/#primaryimage"},"thumbnailUrl":"https:\/\/artelatz.eus\/wp-content\/uploads\/2013\/06\/155.jpg","datePublished":"2013-06-05T15:05:52+00:00","dateModified":"2019-03-20T12:02:18+00:00","breadcrumb":{"@id":"https:\/\/artelatz.eus\/es\/2013\/06\/mercado-de-segunda-mano-de-bicicletas-y-movilidad-sostenible\/#breadcrumb"},"inLanguage":"es","potentialAction":[{"@type":"ReadAction","target":["https:\/\/artelatz.eus\/es\/2013\/06\/mercado-de-segunda-mano-de-bicicletas-y-movilidad-sostenible\/"]}]},{"@type":"ImageObject","inLanguage":"es","@id":"https:\/\/artelatz.eus\/es\/2013\/06\/mercado-de-segunda-mano-de-bicicletas-y-movilidad-sostenible\/#primaryimage","url":"https:\/\/artelatz.eus\/wp-content\/uploads\/2013\/06\/155.jpg","contentUrl":"https:\/\/artelatz.eus\/wp-content\/uploads\/2013\/06\/155.jpg","width":610,"height":863},{"@type":"BreadcrumbList","@id":"https:\/\/artelatz.eus\/es\/2013\/06\/mercado-de-segunda-mano-de-bicicletas-y-movilidad-sostenible\/#breadcrumb","itemListElement":[{"@type":"ListItem","position":1,"name":"Home","item":"https:\/\/artelatz.eus\/es\/"},{"@type":"ListItem","position":2,"name":"Mercado de segunda mano de bicicletas y movilidad sostenible"}]},{"@type":"WebSite","@id":"https:\/\/artelatz.eus\/#website","url":"https:\/\/artelatz.eus\/","name":"Artelatz","description":"Ingurumen zerbitzuak","publisher":{"@id":"https:\/\/artelatz.eus\/#organization"},"potentialAction":[{"@type":"SearchAction","target":{"@type":"EntryPoint","urlTemplate":"https:\/\/artelatz.eus\/?s={search_term_string}"},"query-input":{"@type":"PropertyValueSpecification","valueRequired":true,"valueName":"search_term_string"}}],"inLanguage":"es"},{"@type":"Organization","@id":"https:\/\/artelatz.eus\/#organization","name":"Artelatz Ingurugiro Zerbitzuak","url":"https:\/\/artelatz.eus\/","logo":{"@type":"ImageObject","inLanguage":"es","@id":"https:\/\/artelatz.eus\/#\/schema\/logo\/image\/","url":"https:\/\/artelatz.eus\/wp-content\/uploads\/2019\/03\/Artelatz_logo.png","contentUrl":"https:\/\/artelatz.eus\/wp-content\/uploads\/2019\/03\/Artelatz_logo.png","width":200,"height":87,"caption":"Artelatz Ingurugiro Zerbitzuak"},"image":{"@id":"https:\/\/artelatz.eus\/#\/schema\/logo\/image\/"},"sameAs":["https:\/\/www.facebook.com\/Artelatz-143100262512937\/","https:\/\/x.com\/artelatz_inguru","https:\/\/www.youtube.com\/user\/artelatz"]},{"@type":"Person","@id":"https:\/\/artelatz.eus\/#\/schema\/person\/6202ce685bb722b36e5f968e6c52f435","name":"Artelatz","image":{"@type":"ImageObject","inLanguage":"es","@id":"https:\/\/secure.gravatar.com\/avatar\/ddd422a1cc366c3c23fd9ee2a4694f17bedb940c173c5feecc948da3e7ed3f04?s=96&d=mm&r=g","url":"https:\/\/secure.gravatar.com\/avatar\/ddd422a1cc366c3c23fd9ee2a4694f17bedb940c173c5feecc948da3e7ed3f04?s=96&d=mm&r=g","contentUrl":"https:\/\/secure.gravatar.com\/avatar\/ddd422a1cc366c3c23fd9ee2a4694f17bedb940c173c5feecc948da3e7ed3f04?s=96&d=mm&r=g","caption":"Artelatz"},"sameAs":["https:\/\/artelatz.eus\/"]}]}},"_links":{"self":[{"href":"https:\/\/artelatz.eus\/es\/wp-json\/wp\/v2\/posts\/2132","targetHints":{"allow":["GET"]}}],"collection":[{"href":"https:\/\/artelatz.eus\/es\/wp-json\/wp\/v2\/posts"}],"about":[{"href":"https:\/\/artelatz.eus\/es\/wp-json\/wp\/v2\/types\/post"}],"author":[{"embeddable":true,"href":"https:\/\/artelatz.eus\/es\/wp-json\/wp\/v2\/users\/2"}],"replies":[{"embeddable":true,"href":"https:\/\/artelatz.eus\/es\/wp-json\/wp\/v2\/comments?post=2132"}],"version-history":[{"count":1,"href":"https:\/\/artelatz.eus\/es\/wp-json\/wp\/v2\/posts\/2132\/revisions"}],"predecessor-version":[{"id":5522,"href":"https:\/\/artelatz.eus\/es\/wp-json\/wp\/v2\/posts\/2132\/revisions\/5522"}],"wp:featuredmedia":[{"embeddable":true,"href":"https:\/\/artelatz.eus\/es\/wp-json\/wp\/v2\/media\/6031"}],"wp:attachment":[{"href":"https:\/\/artelatz.eus\/es\/wp-json\/wp\/v2\/media?parent=2132"}],"wp:term":[{"taxonomy":"category","embeddable":true,"href":"https:\/\/artelatz.eus\/es\/wp-json\/wp\/v2\/categories?post=2132"},{"taxonomy":"post_tag","embeddable":true,"href":"https:\/\/artelatz.eus\/es\/wp-json\/wp\/v2\/tags?post=2132"}],"curies":[{"name":"wp","href":"https:\/\/api.w.org\/{rel}","templated":true}]}}