{"id":2040,"date":"2013-04-04T13:04:57","date_gmt":"2013-04-04T12:04:57","guid":{"rendered":"https:\/\/artelatz.eus\/2013\/04\/merka2sanmarcos-org-entra-conocelo-y-utilizalo\/"},"modified":"2019-03-20T13:57:40","modified_gmt":"2019-03-20T12:57:40","slug":"merka2sanmarcos-org-entra-conocelo-y-utilizalo","status":"publish","type":"post","link":"https:\/\/artelatz.eus\/es\/2013\/04\/merka2sanmarcos-org-entra-conocelo-y-utilizalo\/","title":{"rendered":"merka2sanmarcos.org \u00a1Entra, con\u00f3celo y util\u00edzalo!"},"content":{"rendered":"<p style=\"text-align: justify;\">El mercado virtual de segunda mano Merka2sanmarcos inici\u00f3 su actividad en noviembre de 2006. Desde entonces, ha recibido 85.000 visitas y se han registrado 1250 usuarios. Gracias a este sitio web la Mancomunidad de San Marcos ofrece la posibilidad de reutiliza objetos habiendo publicado hasta el momento m\u00e1s de 5000 anuncios. De esta manera se da una segunda oportunidad a tantos objetos\u00a0 que de lo contrario se convertir\u00edan en residuos. En la web encontrar\u00e1s una amplia oferta dividida en categor\u00edas entre las que destacan: libros, muebles, juguetes, coleccionismo, ropa y complementos&#8230;.<\/p>\n<p style=\"text-align: justify;\">El sitio web permite vender, intercambiar, regalar y\/o encontrar objetos y sus puntos fuertes en opini\u00f3n de los responsables de Artelatz son:<\/p>\n<ul>\n<li style=\"text-align: justify;\">Es un mercado de segunda mano que vigente y que funciona.<\/li>\n<li style=\"text-align: justify;\">Tiene car\u00e1cter local, gratuito y p\u00fablico.<\/li>\n<li style=\"text-align: justify;\">Los anuncios se escriben en euskara y castellano y es el \u00fanico sitio web de estas caracter\u00edsticas que as\u00ed los publica de forma simult\u00e1nea.<\/li>\n<li style=\"text-align: justify;\">Su objetivo principal se centra en la prevenci\u00f3n de residuos impulsando la reutilizaci\u00f3n.<\/li>\n<\/ul>\n","protected":false},"excerpt":{"rendered":"<p>El mercado virtual de segunda mano Merka2sanmarcos inici\u00f3 su actividad en noviembre de 2006. Desde entonces, ha recibido 85.000 visitas y se han registrado 1250 usuarios. Gracias a este sitio web la Mancomunidad de San Marcos ofrece la posibilidad de reutiliza objetos habiendo publicado hasta el momento m\u00e1s de 5000 anuncios. De esta manera se [&hellip;]<\/p>\n","protected":false},"author":2,"featured_media":6210,"comment_status":"open","ping_status":"open","sticky":false,"template":"","format":"standard","meta":{"_et_pb_use_builder":"","_et_pb_old_content":"","_et_gb_content_width":"","footnotes":""},"categories":[49,13],"tags":[],"class_list":["post-2040","post","type-post","status-publish","format-standard","has-post-thumbnail","hentry","category-desarrollo-economico-sostenible","category-generales"],"yoast_head":"<!-- This site is optimized with the Yoast SEO plugin v27.3 - https:\/\/yoast.com\/product\/yoast-seo-wordpress\/ -->\n<title>merka2sanmarcos.org \u00a1Entra, con\u00f3celo y util\u00edzalo! &#8226; Artelatz<\/title>\n<meta name=\"robots\" content=\"index, follow, max-snippet:-1, max-image-preview:large, max-video-preview:-1\" \/>\n<link rel=\"canonical\" href=\"https:\/\/artelatz.eus\/es\/2013\/04\/merka2sanmarcos-org-entra-conocelo-y-utilizalo\/\" \/>\n<meta property=\"og:locale\" content=\"es_ES\" \/>\n<meta property=\"og:type\" content=\"article\" \/>\n<meta property=\"og:title\" content=\"merka2sanmarcos.org \u00a1Entra, con\u00f3celo y util\u00edzalo! &#8226; Artelatz\" \/>\n<meta property=\"og:description\" content=\"El mercado virtual de segunda mano Merka2sanmarcos inici\u00f3 su actividad en noviembre de 2006. Desde entonces, ha recibido 85.000 visitas y se han registrado 1250 usuarios. Gracias a este sitio web la Mancomunidad de San Marcos ofrece la posibilidad de reutiliza objetos habiendo publicado hasta el momento m\u00e1s de 5000 anuncios. De esta manera se [&hellip;]\" \/>\n<meta property=\"og:url\" content=\"https:\/\/artelatz.eus\/es\/2013\/04\/merka2sanmarcos-org-entra-conocelo-y-utilizalo\/\" \/>\n<meta property=\"og:site_name\" content=\"Artelatz\" \/>\n<meta property=\"article:publisher\" content=\"https:\/\/www.facebook.com\/Artelatz-143100262512937\/\" \/>\n<meta property=\"article:published_time\" content=\"2013-04-04T12:04:57+00:00\" \/>\n<meta property=\"article:modified_time\" content=\"2019-03-20T12:57:40+00:00\" \/>\n<meta property=\"og:image\" content=\"https:\/\/artelatz.eus\/wp-content\/uploads\/2011\/09\/203.jpg\" \/>\n\t<meta property=\"og:image:width\" content=\"610\" \/>\n\t<meta property=\"og:image:height\" content=\"415\" \/>\n\t<meta property=\"og:image:type\" content=\"image\/jpeg\" \/>\n<meta name=\"author\" content=\"Artelatz\" \/>\n<meta name=\"twitter:card\" content=\"summary_large_image\" \/>\n<meta name=\"twitter:creator\" content=\"@artelatz_inguru\" \/>\n<meta name=\"twitter:site\" content=\"@artelatz_inguru\" \/>\n<meta name=\"twitter:label1\" content=\"Escrito por\" \/>\n\t<meta name=\"twitter:data1\" content=\"Artelatz\" \/>\n\t<meta name=\"twitter:label2\" content=\"Tiempo de lectura\" \/>\n\t<meta name=\"twitter:data2\" content=\"1 minuto\" \/>\n<script type=\"application\/ld+json\" class=\"yoast-schema-graph\">{\"@context\":\"https:\\\/\\\/schema.org\",\"@graph\":[{\"@type\":\"Article\",\"@id\":\"https:\\\/\\\/artelatz.eus\\\/es\\\/2013\\\/04\\\/merka2sanmarcos-org-entra-conocelo-y-utilizalo\\\/#article\",\"isPartOf\":{\"@id\":\"https:\\\/\\\/artelatz.eus\\\/es\\\/2013\\\/04\\\/merka2sanmarcos-org-entra-conocelo-y-utilizalo\\\/\"},\"author\":{\"name\":\"Artelatz\",\"@id\":\"https:\\\/\\\/artelatz.eus\\\/#\\\/schema\\\/person\\\/6202ce685bb722b36e5f968e6c52f435\"},\"headline\":\"merka2sanmarcos.org \u00a1Entra, con\u00f3celo y util\u00edzalo!\",\"datePublished\":\"2013-04-04T12:04:57+00:00\",\"dateModified\":\"2019-03-20T12:57:40+00:00\",\"mainEntityOfPage\":{\"@id\":\"https:\\\/\\\/artelatz.eus\\\/es\\\/2013\\\/04\\\/merka2sanmarcos-org-entra-conocelo-y-utilizalo\\\/\"},\"wordCount\":185,\"commentCount\":0,\"publisher\":{\"@id\":\"https:\\\/\\\/artelatz.eus\\\/#organization\"},\"image\":{\"@id\":\"https:\\\/\\\/artelatz.eus\\\/es\\\/2013\\\/04\\\/merka2sanmarcos-org-entra-conocelo-y-utilizalo\\\/#primaryimage\"},\"thumbnailUrl\":\"https:\\\/\\\/artelatz.eus\\\/wp-content\\\/uploads\\\/2011\\\/09\\\/203.jpg\",\"articleSection\":[\"Desarrollo econ\u00f3mico sostenible\",\"Generales\"],\"inLanguage\":\"es\",\"potentialAction\":[{\"@type\":\"CommentAction\",\"name\":\"Comment\",\"target\":[\"https:\\\/\\\/artelatz.eus\\\/es\\\/2013\\\/04\\\/merka2sanmarcos-org-entra-conocelo-y-utilizalo\\\/#respond\"]}]},{\"@type\":\"WebPage\",\"@id\":\"https:\\\/\\\/artelatz.eus\\\/es\\\/2013\\\/04\\\/merka2sanmarcos-org-entra-conocelo-y-utilizalo\\\/\",\"url\":\"https:\\\/\\\/artelatz.eus\\\/es\\\/2013\\\/04\\\/merka2sanmarcos-org-entra-conocelo-y-utilizalo\\\/\",\"name\":\"merka2sanmarcos.org \u00a1Entra, con\u00f3celo y util\u00edzalo! &#8226; Artelatz\",\"isPartOf\":{\"@id\":\"https:\\\/\\\/artelatz.eus\\\/#website\"},\"primaryImageOfPage\":{\"@id\":\"https:\\\/\\\/artelatz.eus\\\/es\\\/2013\\\/04\\\/merka2sanmarcos-org-entra-conocelo-y-utilizalo\\\/#primaryimage\"},\"image\":{\"@id\":\"https:\\\/\\\/artelatz.eus\\\/es\\\/2013\\\/04\\\/merka2sanmarcos-org-entra-conocelo-y-utilizalo\\\/#primaryimage\"},\"thumbnailUrl\":\"https:\\\/\\\/artelatz.eus\\\/wp-content\\\/uploads\\\/2011\\\/09\\\/203.jpg\",\"datePublished\":\"2013-04-04T12:04:57+00:00\",\"dateModified\":\"2019-03-20T12:57:40+00:00\",\"breadcrumb\":{\"@id\":\"https:\\\/\\\/artelatz.eus\\\/es\\\/2013\\\/04\\\/merka2sanmarcos-org-entra-conocelo-y-utilizalo\\\/#breadcrumb\"},\"inLanguage\":\"es\",\"potentialAction\":[{\"@type\":\"ReadAction\",\"target\":[\"https:\\\/\\\/artelatz.eus\\\/es\\\/2013\\\/04\\\/merka2sanmarcos-org-entra-conocelo-y-utilizalo\\\/\"]}]},{\"@type\":\"ImageObject\",\"inLanguage\":\"es\",\"@id\":\"https:\\\/\\\/artelatz.eus\\\/es\\\/2013\\\/04\\\/merka2sanmarcos-org-entra-conocelo-y-utilizalo\\\/#primaryimage\",\"url\":\"https:\\\/\\\/artelatz.eus\\\/wp-content\\\/uploads\\\/2011\\\/09\\\/203.jpg\",\"contentUrl\":\"https:\\\/\\\/artelatz.eus\\\/wp-content\\\/uploads\\\/2011\\\/09\\\/203.jpg\",\"width\":610,\"height\":415},{\"@type\":\"BreadcrumbList\",\"@id\":\"https:\\\/\\\/artelatz.eus\\\/es\\\/2013\\\/04\\\/merka2sanmarcos-org-entra-conocelo-y-utilizalo\\\/#breadcrumb\",\"itemListElement\":[{\"@type\":\"ListItem\",\"position\":1,\"name\":\"Home\",\"item\":\"https:\\\/\\\/artelatz.eus\\\/es\\\/\"},{\"@type\":\"ListItem\",\"position\":2,\"name\":\"merka2sanmarcos.org \u00a1Entra, con\u00f3celo y util\u00edzalo!\"}]},{\"@type\":\"WebSite\",\"@id\":\"https:\\\/\\\/artelatz.eus\\\/#website\",\"url\":\"https:\\\/\\\/artelatz.eus\\\/\",\"name\":\"Artelatz\",\"description\":\"Ingurumen zerbitzuak\",\"publisher\":{\"@id\":\"https:\\\/\\\/artelatz.eus\\\/#organization\"},\"potentialAction\":[{\"@type\":\"SearchAction\",\"target\":{\"@type\":\"EntryPoint\",\"urlTemplate\":\"https:\\\/\\\/artelatz.eus\\\/?s={search_term_string}\"},\"query-input\":{\"@type\":\"PropertyValueSpecification\",\"valueRequired\":true,\"valueName\":\"search_term_string\"}}],\"inLanguage\":\"es\"},{\"@type\":\"Organization\",\"@id\":\"https:\\\/\\\/artelatz.eus\\\/#organization\",\"name\":\"Artelatz Ingurugiro Zerbitzuak\",\"url\":\"https:\\\/\\\/artelatz.eus\\\/\",\"logo\":{\"@type\":\"ImageObject\",\"inLanguage\":\"es\",\"@id\":\"https:\\\/\\\/artelatz.eus\\\/#\\\/schema\\\/logo\\\/image\\\/\",\"url\":\"https:\\\/\\\/artelatz.eus\\\/wp-content\\\/uploads\\\/2019\\\/03\\\/Artelatz_logo.png\",\"contentUrl\":\"https:\\\/\\\/artelatz.eus\\\/wp-content\\\/uploads\\\/2019\\\/03\\\/Artelatz_logo.png\",\"width\":200,\"height\":87,\"caption\":\"Artelatz Ingurugiro Zerbitzuak\"},\"image\":{\"@id\":\"https:\\\/\\\/artelatz.eus\\\/#\\\/schema\\\/logo\\\/image\\\/\"},\"sameAs\":[\"https:\\\/\\\/www.facebook.com\\\/Artelatz-143100262512937\\\/\",\"https:\\\/\\\/x.com\\\/artelatz_inguru\",\"https:\\\/\\\/www.youtube.com\\\/user\\\/artelatz\"]},{\"@type\":\"Person\",\"@id\":\"https:\\\/\\\/artelatz.eus\\\/#\\\/schema\\\/person\\\/6202ce685bb722b36e5f968e6c52f435\",\"name\":\"Artelatz\",\"image\":{\"@type\":\"ImageObject\",\"inLanguage\":\"es\",\"@id\":\"https:\\\/\\\/secure.gravatar.com\\\/avatar\\\/ddd422a1cc366c3c23fd9ee2a4694f17bedb940c173c5feecc948da3e7ed3f04?s=96&d=mm&r=g\",\"url\":\"https:\\\/\\\/secure.gravatar.com\\\/avatar\\\/ddd422a1cc366c3c23fd9ee2a4694f17bedb940c173c5feecc948da3e7ed3f04?s=96&d=mm&r=g\",\"contentUrl\":\"https:\\\/\\\/secure.gravatar.com\\\/avatar\\\/ddd422a1cc366c3c23fd9ee2a4694f17bedb940c173c5feecc948da3e7ed3f04?s=96&d=mm&r=g\",\"caption\":\"Artelatz\"},\"sameAs\":[\"https:\\\/\\\/artelatz.eus\\\/\"]}]}<\/script>\n<!-- \/ Yoast SEO plugin. -->","yoast_head_json":{"title":"merka2sanmarcos.org \u00a1Entra, con\u00f3celo y util\u00edzalo! &#8226; Artelatz","robots":{"index":"index","follow":"follow","max-snippet":"max-snippet:-1","max-image-preview":"max-image-preview:large","max-video-preview":"max-video-preview:-1"},"canonical":"https:\/\/artelatz.eus\/es\/2013\/04\/merka2sanmarcos-org-entra-conocelo-y-utilizalo\/","og_locale":"es_ES","og_type":"article","og_title":"merka2sanmarcos.org \u00a1Entra, con\u00f3celo y util\u00edzalo! &#8226; Artelatz","og_description":"El mercado virtual de segunda mano Merka2sanmarcos inici\u00f3 su actividad en noviembre de 2006. Desde entonces, ha recibido 85.000 visitas y se han registrado 1250 usuarios. Gracias a este sitio web la Mancomunidad de San Marcos ofrece la posibilidad de reutiliza objetos habiendo publicado hasta el momento m\u00e1s de 5000 anuncios. De esta manera se [&hellip;]","og_url":"https:\/\/artelatz.eus\/es\/2013\/04\/merka2sanmarcos-org-entra-conocelo-y-utilizalo\/","og_site_name":"Artelatz","article_publisher":"https:\/\/www.facebook.com\/Artelatz-143100262512937\/","article_published_time":"2013-04-04T12:04:57+00:00","article_modified_time":"2019-03-20T12:57:40+00:00","og_image":[{"width":610,"height":415,"url":"https:\/\/artelatz.eus\/wp-content\/uploads\/2011\/09\/203.jpg","type":"image\/jpeg"}],"author":"Artelatz","twitter_card":"summary_large_image","twitter_creator":"@artelatz_inguru","twitter_site":"@artelatz_inguru","twitter_misc":{"Escrito por":"Artelatz","Tiempo de lectura":"1 minuto"},"schema":{"@context":"https:\/\/schema.org","@graph":[{"@type":"Article","@id":"https:\/\/artelatz.eus\/es\/2013\/04\/merka2sanmarcos-org-entra-conocelo-y-utilizalo\/#article","isPartOf":{"@id":"https:\/\/artelatz.eus\/es\/2013\/04\/merka2sanmarcos-org-entra-conocelo-y-utilizalo\/"},"author":{"name":"Artelatz","@id":"https:\/\/artelatz.eus\/#\/schema\/person\/6202ce685bb722b36e5f968e6c52f435"},"headline":"merka2sanmarcos.org \u00a1Entra, con\u00f3celo y util\u00edzalo!","datePublished":"2013-04-04T12:04:57+00:00","dateModified":"2019-03-20T12:57:40+00:00","mainEntityOfPage":{"@id":"https:\/\/artelatz.eus\/es\/2013\/04\/merka2sanmarcos-org-entra-conocelo-y-utilizalo\/"},"wordCount":185,"commentCount":0,"publisher":{"@id":"https:\/\/artelatz.eus\/#organization"},"image":{"@id":"https:\/\/artelatz.eus\/es\/2013\/04\/merka2sanmarcos-org-entra-conocelo-y-utilizalo\/#primaryimage"},"thumbnailUrl":"https:\/\/artelatz.eus\/wp-content\/uploads\/2011\/09\/203.jpg","articleSection":["Desarrollo econ\u00f3mico sostenible","Generales"],"inLanguage":"es","potentialAction":[{"@type":"CommentAction","name":"Comment","target":["https:\/\/artelatz.eus\/es\/2013\/04\/merka2sanmarcos-org-entra-conocelo-y-utilizalo\/#respond"]}]},{"@type":"WebPage","@id":"https:\/\/artelatz.eus\/es\/2013\/04\/merka2sanmarcos-org-entra-conocelo-y-utilizalo\/","url":"https:\/\/artelatz.eus\/es\/2013\/04\/merka2sanmarcos-org-entra-conocelo-y-utilizalo\/","name":"merka2sanmarcos.org \u00a1Entra, con\u00f3celo y util\u00edzalo! &#8226; Artelatz","isPartOf":{"@id":"https:\/\/artelatz.eus\/#website"},"primaryImageOfPage":{"@id":"https:\/\/artelatz.eus\/es\/2013\/04\/merka2sanmarcos-org-entra-conocelo-y-utilizalo\/#primaryimage"},"image":{"@id":"https:\/\/artelatz.eus\/es\/2013\/04\/merka2sanmarcos-org-entra-conocelo-y-utilizalo\/#primaryimage"},"thumbnailUrl":"https:\/\/artelatz.eus\/wp-content\/uploads\/2011\/09\/203.jpg","datePublished":"2013-04-04T12:04:57+00:00","dateModified":"2019-03-20T12:57:40+00:00","breadcrumb":{"@id":"https:\/\/artelatz.eus\/es\/2013\/04\/merka2sanmarcos-org-entra-conocelo-y-utilizalo\/#breadcrumb"},"inLanguage":"es","potentialAction":[{"@type":"ReadAction","target":["https:\/\/artelatz.eus\/es\/2013\/04\/merka2sanmarcos-org-entra-conocelo-y-utilizalo\/"]}]},{"@type":"ImageObject","inLanguage":"es","@id":"https:\/\/artelatz.eus\/es\/2013\/04\/merka2sanmarcos-org-entra-conocelo-y-utilizalo\/#primaryimage","url":"https:\/\/artelatz.eus\/wp-content\/uploads\/2011\/09\/203.jpg","contentUrl":"https:\/\/artelatz.eus\/wp-content\/uploads\/2011\/09\/203.jpg","width":610,"height":415},{"@type":"BreadcrumbList","@id":"https:\/\/artelatz.eus\/es\/2013\/04\/merka2sanmarcos-org-entra-conocelo-y-utilizalo\/#breadcrumb","itemListElement":[{"@type":"ListItem","position":1,"name":"Home","item":"https:\/\/artelatz.eus\/es\/"},{"@type":"ListItem","position":2,"name":"merka2sanmarcos.org \u00a1Entra, con\u00f3celo y util\u00edzalo!"}]},{"@type":"WebSite","@id":"https:\/\/artelatz.eus\/#website","url":"https:\/\/artelatz.eus\/","name":"Artelatz","description":"Ingurumen zerbitzuak","publisher":{"@id":"https:\/\/artelatz.eus\/#organization"},"potentialAction":[{"@type":"SearchAction","target":{"@type":"EntryPoint","urlTemplate":"https:\/\/artelatz.eus\/?s={search_term_string}"},"query-input":{"@type":"PropertyValueSpecification","valueRequired":true,"valueName":"search_term_string"}}],"inLanguage":"es"},{"@type":"Organization","@id":"https:\/\/artelatz.eus\/#organization","name":"Artelatz Ingurugiro Zerbitzuak","url":"https:\/\/artelatz.eus\/","logo":{"@type":"ImageObject","inLanguage":"es","@id":"https:\/\/artelatz.eus\/#\/schema\/logo\/image\/","url":"https:\/\/artelatz.eus\/wp-content\/uploads\/2019\/03\/Artelatz_logo.png","contentUrl":"https:\/\/artelatz.eus\/wp-content\/uploads\/2019\/03\/Artelatz_logo.png","width":200,"height":87,"caption":"Artelatz Ingurugiro Zerbitzuak"},"image":{"@id":"https:\/\/artelatz.eus\/#\/schema\/logo\/image\/"},"sameAs":["https:\/\/www.facebook.com\/Artelatz-143100262512937\/","https:\/\/x.com\/artelatz_inguru","https:\/\/www.youtube.com\/user\/artelatz"]},{"@type":"Person","@id":"https:\/\/artelatz.eus\/#\/schema\/person\/6202ce685bb722b36e5f968e6c52f435","name":"Artelatz","image":{"@type":"ImageObject","inLanguage":"es","@id":"https:\/\/secure.gravatar.com\/avatar\/ddd422a1cc366c3c23fd9ee2a4694f17bedb940c173c5feecc948da3e7ed3f04?s=96&d=mm&r=g","url":"https:\/\/secure.gravatar.com\/avatar\/ddd422a1cc366c3c23fd9ee2a4694f17bedb940c173c5feecc948da3e7ed3f04?s=96&d=mm&r=g","contentUrl":"https:\/\/secure.gravatar.com\/avatar\/ddd422a1cc366c3c23fd9ee2a4694f17bedb940c173c5feecc948da3e7ed3f04?s=96&d=mm&r=g","caption":"Artelatz"},"sameAs":["https:\/\/artelatz.eus\/"]}]}},"_links":{"self":[{"href":"https:\/\/artelatz.eus\/es\/wp-json\/wp\/v2\/posts\/2040","targetHints":{"allow":["GET"]}}],"collection":[{"href":"https:\/\/artelatz.eus\/es\/wp-json\/wp\/v2\/posts"}],"about":[{"href":"https:\/\/artelatz.eus\/es\/wp-json\/wp\/v2\/types\/post"}],"author":[{"embeddable":true,"href":"https:\/\/artelatz.eus\/es\/wp-json\/wp\/v2\/users\/2"}],"replies":[{"embeddable":true,"href":"https:\/\/artelatz.eus\/es\/wp-json\/wp\/v2\/comments?post=2040"}],"version-history":[{"count":1,"href":"https:\/\/artelatz.eus\/es\/wp-json\/wp\/v2\/posts\/2040\/revisions"}],"predecessor-version":[{"id":5534,"href":"https:\/\/artelatz.eus\/es\/wp-json\/wp\/v2\/posts\/2040\/revisions\/5534"}],"wp:featuredmedia":[{"embeddable":true,"href":"https:\/\/artelatz.eus\/es\/wp-json\/wp\/v2\/media\/6210"}],"wp:attachment":[{"href":"https:\/\/artelatz.eus\/es\/wp-json\/wp\/v2\/media?parent=2040"}],"wp:term":[{"taxonomy":"category","embeddable":true,"href":"https:\/\/artelatz.eus\/es\/wp-json\/wp\/v2\/categories?post=2040"},{"taxonomy":"post_tag","embeddable":true,"href":"https:\/\/artelatz.eus\/es\/wp-json\/wp\/v2\/tags?post=2040"}],"curies":[{"name":"wp","href":"https:\/\/api.w.org\/{rel}","templated":true}]}}