{"id":122,"date":"2012-06-26T12:30:41","date_gmt":"2012-06-26T11:30:41","guid":{"rendered":"https:\/\/artelatz.eus\/2012\/06\/taller-de-auto-compostaje\/"},"modified":"2019-03-20T13:30:10","modified_gmt":"2019-03-20T12:30:10","slug":"taller-de-auto-compostaje","status":"publish","type":"post","link":"https:\/\/artelatz.eus\/es\/2012\/06\/taller-de-auto-compostaje\/","title":{"rendered":"Taller de compostaje comunitario"},"content":{"rendered":"<p>&nbsp;<\/p>\n<p style=\"text-align: justify;\">A mediados de junio, Arteltaz ofreci\u00f3 una sesi\u00f3n pr\u00e1ctico-te\u00f3rica dirigida a los vecinos del barrio de Zabaleta en Lasarte-Oria de cara a que realicen correctamente el compostaje dom\u00e9stico. Aprovechando la materia org\u00e1nica que generamos se puede hacer compost de una manera sencilla, as\u00ed lo explic\u00f3 la t\u00e9cnico de Artelatz, Aitziber Sarasola. Recordemos que en verano de 2011 algunos vecinos de Zabaleta se animaron a hacer compost en sus casas por lo que agradecieron la sesi\u00f3n en torno a este tema de cara a solventar las dudas que han ido surgiendo. Unos 25 vecinos de este barrio lasarte-oriatarra escucharon con atenci\u00f3n las indicaciones de Sarasola y recordaron las cuatro reglas b\u00e1sicas para realizar este proceso correctamente. El compostador ha de estar en contacto directo con la tierra. En el mismo, se despositar\u00e1n residuos org\u00e1nicos verdes (h\u00famedos) y marrones (secos) al 50 por ciento. En el proceso denominado \u00abaerobio\u00bb es necesario remover de vez en cuando el compost que se va generando para ayudar a oxigenar la mezcla facilitando el trabajo de los microorganismos responsables del buen resultado. Por \u00faltimo, es muy importante controlar la humedad consiguiendo ese equilibrio entre residuos h\u00famedos y secos. Si se hace correctamente, la mezcla ha de desprender un agradable olor a tierra mojada y, nueve meses despu\u00e9s, se obtendr\u00e1 un abono de calidad.<\/p>\n<p>&nbsp;<br \/>\n&nbsp;<\/p>\n","protected":false},"excerpt":{"rendered":"<p>&nbsp; A mediados de junio, Arteltaz ofreci\u00f3 una sesi\u00f3n pr\u00e1ctico-te\u00f3rica dirigida a los vecinos del barrio de Zabaleta en Lasarte-Oria de cara a que realicen correctamente el compostaje dom\u00e9stico. Aprovechando la materia org\u00e1nica que generamos se puede hacer compost de una manera sencilla, as\u00ed lo explic\u00f3 la t\u00e9cnico de Artelatz, Aitziber Sarasola. Recordemos que en [&hellip;]<\/p>\n","protected":false},"author":2,"featured_media":469,"comment_status":"open","ping_status":"open","sticky":false,"template":"","format":"standard","meta":{"_et_pb_use_builder":"","_et_pb_old_content":"","_et_gb_content_width":"","footnotes":""},"categories":[51],"tags":[],"class_list":["post-122","post","type-post","status-publish","format-standard","has-post-thumbnail","hentry","category-residuos"],"yoast_head":"<!-- This site is optimized with the Yoast SEO plugin v27.3 - https:\/\/yoast.com\/product\/yoast-seo-wordpress\/ -->\n<title>Taller de compostaje comunitario &#8226; Artelatz<\/title>\n<meta name=\"robots\" content=\"index, follow, max-snippet:-1, max-image-preview:large, max-video-preview:-1\" \/>\n<link rel=\"canonical\" href=\"https:\/\/artelatz.eus\/es\/2012\/06\/taller-de-auto-compostaje\/\" \/>\n<meta property=\"og:locale\" content=\"es_ES\" \/>\n<meta property=\"og:type\" content=\"article\" \/>\n<meta property=\"og:title\" content=\"Taller de compostaje comunitario &#8226; Artelatz\" \/>\n<meta property=\"og:description\" content=\"&nbsp; A mediados de junio, Arteltaz ofreci\u00f3 una sesi\u00f3n pr\u00e1ctico-te\u00f3rica dirigida a los vecinos del barrio de Zabaleta en Lasarte-Oria de cara a que realicen correctamente el compostaje dom\u00e9stico. Aprovechando la materia org\u00e1nica que generamos se puede hacer compost de una manera sencilla, as\u00ed lo explic\u00f3 la t\u00e9cnico de Artelatz, Aitziber Sarasola. Recordemos que en [&hellip;]\" \/>\n<meta property=\"og:url\" content=\"https:\/\/artelatz.eus\/es\/2012\/06\/taller-de-auto-compostaje\/\" \/>\n<meta property=\"og:site_name\" content=\"Artelatz\" \/>\n<meta property=\"article:publisher\" content=\"https:\/\/www.facebook.com\/Artelatz-143100262512937\/\" \/>\n<meta property=\"article:published_time\" content=\"2012-06-26T11:30:41+00:00\" \/>\n<meta property=\"article:modified_time\" content=\"2019-03-20T12:30:10+00:00\" \/>\n<meta property=\"og:image\" content=\"https:\/\/artelatz.eus\/wp-content\/uploads\/2019\/03\/Artelatz_logo.png\" \/>\n\t<meta property=\"og:image:width\" content=\"200\" \/>\n\t<meta property=\"og:image:height\" content=\"87\" \/>\n\t<meta property=\"og:image:type\" content=\"image\/png\" \/>\n<meta name=\"author\" content=\"Artelatz\" \/>\n<meta name=\"twitter:card\" content=\"summary_large_image\" \/>\n<meta name=\"twitter:creator\" content=\"@artelatz_inguru\" \/>\n<meta name=\"twitter:site\" content=\"@artelatz_inguru\" \/>\n<meta name=\"twitter:label1\" content=\"Escrito por\" \/>\n\t<meta name=\"twitter:data1\" content=\"Artelatz\" \/>\n\t<meta name=\"twitter:label2\" content=\"Tiempo de lectura\" \/>\n\t<meta name=\"twitter:data2\" content=\"1 minuto\" \/>\n<script type=\"application\/ld+json\" class=\"yoast-schema-graph\">{\"@context\":\"https:\\\/\\\/schema.org\",\"@graph\":[{\"@type\":\"Article\",\"@id\":\"https:\\\/\\\/artelatz.eus\\\/es\\\/2012\\\/06\\\/taller-de-auto-compostaje\\\/#article\",\"isPartOf\":{\"@id\":\"https:\\\/\\\/artelatz.eus\\\/es\\\/2012\\\/06\\\/taller-de-auto-compostaje\\\/\"},\"author\":{\"name\":\"Artelatz\",\"@id\":\"https:\\\/\\\/artelatz.eus\\\/#\\\/schema\\\/person\\\/6202ce685bb722b36e5f968e6c52f435\"},\"headline\":\"Taller de compostaje comunitario\",\"datePublished\":\"2012-06-26T11:30:41+00:00\",\"dateModified\":\"2019-03-20T12:30:10+00:00\",\"mainEntityOfPage\":{\"@id\":\"https:\\\/\\\/artelatz.eus\\\/es\\\/2012\\\/06\\\/taller-de-auto-compostaje\\\/\"},\"wordCount\":235,\"commentCount\":0,\"publisher\":{\"@id\":\"https:\\\/\\\/artelatz.eus\\\/#organization\"},\"image\":{\"@id\":\"https:\\\/\\\/artelatz.eus\\\/es\\\/2012\\\/06\\\/taller-de-auto-compostaje\\\/#primaryimage\"},\"thumbnailUrl\":\"\",\"articleSection\":[\"Residuos\"],\"inLanguage\":\"es\",\"potentialAction\":[{\"@type\":\"CommentAction\",\"name\":\"Comment\",\"target\":[\"https:\\\/\\\/artelatz.eus\\\/es\\\/2012\\\/06\\\/taller-de-auto-compostaje\\\/#respond\"]}]},{\"@type\":\"WebPage\",\"@id\":\"https:\\\/\\\/artelatz.eus\\\/es\\\/2012\\\/06\\\/taller-de-auto-compostaje\\\/\",\"url\":\"https:\\\/\\\/artelatz.eus\\\/es\\\/2012\\\/06\\\/taller-de-auto-compostaje\\\/\",\"name\":\"Taller de compostaje comunitario &#8226; Artelatz\",\"isPartOf\":{\"@id\":\"https:\\\/\\\/artelatz.eus\\\/#website\"},\"primaryImageOfPage\":{\"@id\":\"https:\\\/\\\/artelatz.eus\\\/es\\\/2012\\\/06\\\/taller-de-auto-compostaje\\\/#primaryimage\"},\"image\":{\"@id\":\"https:\\\/\\\/artelatz.eus\\\/es\\\/2012\\\/06\\\/taller-de-auto-compostaje\\\/#primaryimage\"},\"thumbnailUrl\":\"\",\"datePublished\":\"2012-06-26T11:30:41+00:00\",\"dateModified\":\"2019-03-20T12:30:10+00:00\",\"breadcrumb\":{\"@id\":\"https:\\\/\\\/artelatz.eus\\\/es\\\/2012\\\/06\\\/taller-de-auto-compostaje\\\/#breadcrumb\"},\"inLanguage\":\"es\",\"potentialAction\":[{\"@type\":\"ReadAction\",\"target\":[\"https:\\\/\\\/artelatz.eus\\\/es\\\/2012\\\/06\\\/taller-de-auto-compostaje\\\/\"]}]},{\"@type\":\"ImageObject\",\"inLanguage\":\"es\",\"@id\":\"https:\\\/\\\/artelatz.eus\\\/es\\\/2012\\\/06\\\/taller-de-auto-compostaje\\\/#primaryimage\",\"url\":\"\",\"contentUrl\":\"\"},{\"@type\":\"BreadcrumbList\",\"@id\":\"https:\\\/\\\/artelatz.eus\\\/es\\\/2012\\\/06\\\/taller-de-auto-compostaje\\\/#breadcrumb\",\"itemListElement\":[{\"@type\":\"ListItem\",\"position\":1,\"name\":\"Home\",\"item\":\"https:\\\/\\\/artelatz.eus\\\/es\\\/\"},{\"@type\":\"ListItem\",\"position\":2,\"name\":\"Taller de compostaje comunitario\"}]},{\"@type\":\"WebSite\",\"@id\":\"https:\\\/\\\/artelatz.eus\\\/#website\",\"url\":\"https:\\\/\\\/artelatz.eus\\\/\",\"name\":\"Artelatz\",\"description\":\"Ingurumen zerbitzuak\",\"publisher\":{\"@id\":\"https:\\\/\\\/artelatz.eus\\\/#organization\"},\"potentialAction\":[{\"@type\":\"SearchAction\",\"target\":{\"@type\":\"EntryPoint\",\"urlTemplate\":\"https:\\\/\\\/artelatz.eus\\\/?s={search_term_string}\"},\"query-input\":{\"@type\":\"PropertyValueSpecification\",\"valueRequired\":true,\"valueName\":\"search_term_string\"}}],\"inLanguage\":\"es\"},{\"@type\":\"Organization\",\"@id\":\"https:\\\/\\\/artelatz.eus\\\/#organization\",\"name\":\"Artelatz Ingurugiro Zerbitzuak\",\"url\":\"https:\\\/\\\/artelatz.eus\\\/\",\"logo\":{\"@type\":\"ImageObject\",\"inLanguage\":\"es\",\"@id\":\"https:\\\/\\\/artelatz.eus\\\/#\\\/schema\\\/logo\\\/image\\\/\",\"url\":\"https:\\\/\\\/artelatz.eus\\\/wp-content\\\/uploads\\\/2019\\\/03\\\/Artelatz_logo.png\",\"contentUrl\":\"https:\\\/\\\/artelatz.eus\\\/wp-content\\\/uploads\\\/2019\\\/03\\\/Artelatz_logo.png\",\"width\":200,\"height\":87,\"caption\":\"Artelatz Ingurugiro Zerbitzuak\"},\"image\":{\"@id\":\"https:\\\/\\\/artelatz.eus\\\/#\\\/schema\\\/logo\\\/image\\\/\"},\"sameAs\":[\"https:\\\/\\\/www.facebook.com\\\/Artelatz-143100262512937\\\/\",\"https:\\\/\\\/x.com\\\/artelatz_inguru\",\"https:\\\/\\\/www.youtube.com\\\/user\\\/artelatz\"]},{\"@type\":\"Person\",\"@id\":\"https:\\\/\\\/artelatz.eus\\\/#\\\/schema\\\/person\\\/6202ce685bb722b36e5f968e6c52f435\",\"name\":\"Artelatz\",\"image\":{\"@type\":\"ImageObject\",\"inLanguage\":\"es\",\"@id\":\"https:\\\/\\\/secure.gravatar.com\\\/avatar\\\/ddd422a1cc366c3c23fd9ee2a4694f17bedb940c173c5feecc948da3e7ed3f04?s=96&d=mm&r=g\",\"url\":\"https:\\\/\\\/secure.gravatar.com\\\/avatar\\\/ddd422a1cc366c3c23fd9ee2a4694f17bedb940c173c5feecc948da3e7ed3f04?s=96&d=mm&r=g\",\"contentUrl\":\"https:\\\/\\\/secure.gravatar.com\\\/avatar\\\/ddd422a1cc366c3c23fd9ee2a4694f17bedb940c173c5feecc948da3e7ed3f04?s=96&d=mm&r=g\",\"caption\":\"Artelatz\"},\"sameAs\":[\"https:\\\/\\\/artelatz.eus\\\/\"]}]}<\/script>\n<!-- \/ Yoast SEO plugin. -->","yoast_head_json":{"title":"Taller de compostaje comunitario &#8226; Artelatz","robots":{"index":"index","follow":"follow","max-snippet":"max-snippet:-1","max-image-preview":"max-image-preview:large","max-video-preview":"max-video-preview:-1"},"canonical":"https:\/\/artelatz.eus\/es\/2012\/06\/taller-de-auto-compostaje\/","og_locale":"es_ES","og_type":"article","og_title":"Taller de compostaje comunitario &#8226; Artelatz","og_description":"&nbsp; A mediados de junio, Arteltaz ofreci\u00f3 una sesi\u00f3n pr\u00e1ctico-te\u00f3rica dirigida a los vecinos del barrio de Zabaleta en Lasarte-Oria de cara a que realicen correctamente el compostaje dom\u00e9stico. Aprovechando la materia org\u00e1nica que generamos se puede hacer compost de una manera sencilla, as\u00ed lo explic\u00f3 la t\u00e9cnico de Artelatz, Aitziber Sarasola. Recordemos que en [&hellip;]","og_url":"https:\/\/artelatz.eus\/es\/2012\/06\/taller-de-auto-compostaje\/","og_site_name":"Artelatz","article_publisher":"https:\/\/www.facebook.com\/Artelatz-143100262512937\/","article_published_time":"2012-06-26T11:30:41+00:00","article_modified_time":"2019-03-20T12:30:10+00:00","og_image":[{"width":200,"height":87,"url":"https:\/\/artelatz.eus\/wp-content\/uploads\/2019\/03\/Artelatz_logo.png","type":"image\/png"}],"author":"Artelatz","twitter_card":"summary_large_image","twitter_creator":"@artelatz_inguru","twitter_site":"@artelatz_inguru","twitter_misc":{"Escrito por":"Artelatz","Tiempo de lectura":"1 minuto"},"schema":{"@context":"https:\/\/schema.org","@graph":[{"@type":"Article","@id":"https:\/\/artelatz.eus\/es\/2012\/06\/taller-de-auto-compostaje\/#article","isPartOf":{"@id":"https:\/\/artelatz.eus\/es\/2012\/06\/taller-de-auto-compostaje\/"},"author":{"name":"Artelatz","@id":"https:\/\/artelatz.eus\/#\/schema\/person\/6202ce685bb722b36e5f968e6c52f435"},"headline":"Taller de compostaje comunitario","datePublished":"2012-06-26T11:30:41+00:00","dateModified":"2019-03-20T12:30:10+00:00","mainEntityOfPage":{"@id":"https:\/\/artelatz.eus\/es\/2012\/06\/taller-de-auto-compostaje\/"},"wordCount":235,"commentCount":0,"publisher":{"@id":"https:\/\/artelatz.eus\/#organization"},"image":{"@id":"https:\/\/artelatz.eus\/es\/2012\/06\/taller-de-auto-compostaje\/#primaryimage"},"thumbnailUrl":"","articleSection":["Residuos"],"inLanguage":"es","potentialAction":[{"@type":"CommentAction","name":"Comment","target":["https:\/\/artelatz.eus\/es\/2012\/06\/taller-de-auto-compostaje\/#respond"]}]},{"@type":"WebPage","@id":"https:\/\/artelatz.eus\/es\/2012\/06\/taller-de-auto-compostaje\/","url":"https:\/\/artelatz.eus\/es\/2012\/06\/taller-de-auto-compostaje\/","name":"Taller de compostaje comunitario &#8226; Artelatz","isPartOf":{"@id":"https:\/\/artelatz.eus\/#website"},"primaryImageOfPage":{"@id":"https:\/\/artelatz.eus\/es\/2012\/06\/taller-de-auto-compostaje\/#primaryimage"},"image":{"@id":"https:\/\/artelatz.eus\/es\/2012\/06\/taller-de-auto-compostaje\/#primaryimage"},"thumbnailUrl":"","datePublished":"2012-06-26T11:30:41+00:00","dateModified":"2019-03-20T12:30:10+00:00","breadcrumb":{"@id":"https:\/\/artelatz.eus\/es\/2012\/06\/taller-de-auto-compostaje\/#breadcrumb"},"inLanguage":"es","potentialAction":[{"@type":"ReadAction","target":["https:\/\/artelatz.eus\/es\/2012\/06\/taller-de-auto-compostaje\/"]}]},{"@type":"ImageObject","inLanguage":"es","@id":"https:\/\/artelatz.eus\/es\/2012\/06\/taller-de-auto-compostaje\/#primaryimage","url":"","contentUrl":""},{"@type":"BreadcrumbList","@id":"https:\/\/artelatz.eus\/es\/2012\/06\/taller-de-auto-compostaje\/#breadcrumb","itemListElement":[{"@type":"ListItem","position":1,"name":"Home","item":"https:\/\/artelatz.eus\/es\/"},{"@type":"ListItem","position":2,"name":"Taller de compostaje comunitario"}]},{"@type":"WebSite","@id":"https:\/\/artelatz.eus\/#website","url":"https:\/\/artelatz.eus\/","name":"Artelatz","description":"Ingurumen zerbitzuak","publisher":{"@id":"https:\/\/artelatz.eus\/#organization"},"potentialAction":[{"@type":"SearchAction","target":{"@type":"EntryPoint","urlTemplate":"https:\/\/artelatz.eus\/?s={search_term_string}"},"query-input":{"@type":"PropertyValueSpecification","valueRequired":true,"valueName":"search_term_string"}}],"inLanguage":"es"},{"@type":"Organization","@id":"https:\/\/artelatz.eus\/#organization","name":"Artelatz Ingurugiro Zerbitzuak","url":"https:\/\/artelatz.eus\/","logo":{"@type":"ImageObject","inLanguage":"es","@id":"https:\/\/artelatz.eus\/#\/schema\/logo\/image\/","url":"https:\/\/artelatz.eus\/wp-content\/uploads\/2019\/03\/Artelatz_logo.png","contentUrl":"https:\/\/artelatz.eus\/wp-content\/uploads\/2019\/03\/Artelatz_logo.png","width":200,"height":87,"caption":"Artelatz Ingurugiro Zerbitzuak"},"image":{"@id":"https:\/\/artelatz.eus\/#\/schema\/logo\/image\/"},"sameAs":["https:\/\/www.facebook.com\/Artelatz-143100262512937\/","https:\/\/x.com\/artelatz_inguru","https:\/\/www.youtube.com\/user\/artelatz"]},{"@type":"Person","@id":"https:\/\/artelatz.eus\/#\/schema\/person\/6202ce685bb722b36e5f968e6c52f435","name":"Artelatz","image":{"@type":"ImageObject","inLanguage":"es","@id":"https:\/\/secure.gravatar.com\/avatar\/ddd422a1cc366c3c23fd9ee2a4694f17bedb940c173c5feecc948da3e7ed3f04?s=96&d=mm&r=g","url":"https:\/\/secure.gravatar.com\/avatar\/ddd422a1cc366c3c23fd9ee2a4694f17bedb940c173c5feecc948da3e7ed3f04?s=96&d=mm&r=g","contentUrl":"https:\/\/secure.gravatar.com\/avatar\/ddd422a1cc366c3c23fd9ee2a4694f17bedb940c173c5feecc948da3e7ed3f04?s=96&d=mm&r=g","caption":"Artelatz"},"sameAs":["https:\/\/artelatz.eus\/"]}]}},"_links":{"self":[{"href":"https:\/\/artelatz.eus\/es\/wp-json\/wp\/v2\/posts\/122","targetHints":{"allow":["GET"]}}],"collection":[{"href":"https:\/\/artelatz.eus\/es\/wp-json\/wp\/v2\/posts"}],"about":[{"href":"https:\/\/artelatz.eus\/es\/wp-json\/wp\/v2\/types\/post"}],"author":[{"embeddable":true,"href":"https:\/\/artelatz.eus\/es\/wp-json\/wp\/v2\/users\/2"}],"replies":[{"embeddable":true,"href":"https:\/\/artelatz.eus\/es\/wp-json\/wp\/v2\/comments?post=122"}],"version-history":[{"count":1,"href":"https:\/\/artelatz.eus\/es\/wp-json\/wp\/v2\/posts\/122\/revisions"}],"predecessor-version":[{"id":6113,"href":"https:\/\/artelatz.eus\/es\/wp-json\/wp\/v2\/posts\/122\/revisions\/6113"}],"wp:featuredmedia":[{"embeddable":true,"href":"https:\/\/artelatz.eus\/es\/wp-json\/"}],"wp:attachment":[{"href":"https:\/\/artelatz.eus\/es\/wp-json\/wp\/v2\/media?parent=122"}],"wp:term":[{"taxonomy":"category","embeddable":true,"href":"https:\/\/artelatz.eus\/es\/wp-json\/wp\/v2\/categories?post=122"},{"taxonomy":"post_tag","embeddable":true,"href":"https:\/\/artelatz.eus\/es\/wp-json\/wp\/v2\/tags?post=122"}],"curies":[{"name":"wp","href":"https:\/\/api.w.org\/{rel}","templated":true}]}}